{"id":1895,"date":"2015-03-02T12:57:23","date_gmt":"2015-03-02T11:57:23","guid":{"rendered":"http:\/\/roan.junselebyar.se\/?p=1895"},"modified":"2015-03-02T12:57:23","modified_gmt":"2015-03-02T11:57:23","slug":"19-mars-i-foreningshuset","status":"publish","type":"post","link":"https:\/\/roan.junselebyar.se\/?p=1895","title":{"rendered":"19. mars i f\u00f6reningshuset"},"content":{"rendered":"<p>19\/3 kommer tv\u00e5 m\u00f6ten att h\u00e5llas i R\u00f6\u00e5ns F\u00f6reningshus. P\u00e5 det f\u00f6rsta m\u00f6tet, som b\u00f6rjar 17.30, informerar Oskar Norrgrann fr\u00e5n l\u00e4nsstyrelsen om planerna f\u00f6r R\u00f6\u00e5forsarnas-\/ R\u00f6\u00e5\u00e4lvens-\/ R\u00f6\u00e5ns Naturreservat. M\u00f6tet ber\u00e4knas ta ca 30 min. Alla intresserade h\u00e4lsas hj\u00e4rtligt v\u00e4lkomna.<\/p>\n<div id=\"attachment_1898\" style=\"width: 450px\" class=\"wp-caption alignnone\"><img loading=\"lazy\" decoding=\"async\" aria-describedby=\"caption-attachment-1898\" class=\"size-medium wp-image-1898\" title=\"M\u00f6te om reservatbildandet\" src=\"http:\/\/roan.junselebyar.se\/nyheter\/wp-content\/uploads\/2015\/03\/annondreservat15-440x629.jpg\" alt=\"M\u00f6te om reservatbildandet\" width=\"440\" height=\"629\" srcset=\"https:\/\/roan.junselebyar.se\/nyheter\/wp-content\/uploads\/2015\/03\/annondreservat15-440x629.jpg 440w, https:\/\/roan.junselebyar.se\/nyheter\/wp-content\/uploads\/2015\/03\/annondreservat15.jpg 608w\" sizes=\"auto, (max-width: 440px) 100vw, 440px\" \/><p id=\"caption-attachment-1898\" class=\"wp-caption-text\">M\u00f6te om reservatbildandet<\/p><\/div>\n<p>\u00a0<\/p>\n<p>\u00a0Det andra m\u00f6tet, som ber\u00e4knas b\u00f6rja 18.00 \u00e4r \u00e5rsm\u00f6te f\u00f6r R\u00f6\u00e5ns FVO och Lasele FVO. D\u00e4r medverkar David Jonsson fr\u00e5n l\u00e4nsstyrelsen och vi skall f\u00f6rutom\u00a0sedvanliga \u00e5rsm\u00f6tesf\u00f6rhandlingar ta upp fr\u00e5gan om hur fisket skall regleras och f\u00f6rvaltas efter \u00e5terst\u00e4llningen\u00a0i somras. \u00a0<\/p>\n<div id=\"attachment_1900\" style=\"width: 441px\" class=\"wp-caption alignnone\"><img loading=\"lazy\" decoding=\"async\" aria-describedby=\"caption-attachment-1900\" class=\"size-medium wp-image-1900\" title=\"Kallelse till \u00e5rsm\u00f6te -15\" src=\"http:\/\/roan.junselebyar.se\/nyheter\/wp-content\/uploads\/2015\/03\/kallelse-till-\u00e5rsm\u00f6te-152-431x640.jpg\" alt=\"Kallelse till \u00e5rsm\u00f6te -15\" width=\"431\" height=\"640\" srcset=\"https:\/\/roan.junselebyar.se\/nyheter\/wp-content\/uploads\/2015\/03\/kallelse-till-\u00e5rsm\u00f6te-152-431x640.jpg 431w, https:\/\/roan.junselebyar.se\/nyheter\/wp-content\/uploads\/2015\/03\/kallelse-till-\u00e5rsm\u00f6te-152.jpg 586w\" sizes=\"auto, (max-width: 431px) 100vw, 431px\" \/><p id=\"caption-attachment-1900\" class=\"wp-caption-text\">Kallelse till \u00e5rsm\u00f6te -15<\/p><\/div>\n<p>Om n\u00e5gon undrar varf\u00f6r vi k\u00f6r ihop tv\u00e5 m\u00f6ten p\u00e5 en kv\u00e4ll s\u00e5 beror det p\u00e5 att Oskar och David, som\u00a0deltar\u00a0i var sitt m\u00f6te och kommer fr\u00e5n l\u00e4nsstyrelsen d\u00e5 kan sam\u00e5ka.<\/p>\n<p>\/Tarabrita<\/p>\n","protected":false},"excerpt":{"rendered":"<p>19\/3 kommer tv\u00e5 m\u00f6ten att h\u00e5llas i R\u00f6\u00e5ns F\u00f6reningshus. P\u00e5 det f\u00f6rsta m\u00f6tet, som b\u00f6rjar 17.30, informerar Oskar Norrgrann fr\u00e5n l\u00e4nsstyrelsen om planerna f\u00f6r R\u00f6\u00e5forsarnas-\/ R\u00f6\u00e5\u00e4lvens-\/ R\u00f6\u00e5ns Naturreservat. M\u00f6tet ber\u00e4knas ta ca 30 min. Alla intresserade h\u00e4lsas hj\u00e4rtligt v\u00e4lkomna. \u00a0 \u00a0Det andra m\u00f6tet, som ber\u00e4knas b\u00f6rja 18.00 \u00e4r \u00e5rsm\u00f6te f\u00f6r R\u00f6\u00e5ns FVO och Lasele FVO. [&hellip;]<\/p>\n","protected":false},"author":2,"featured_media":0,"comment_status":"open","ping_status":"open","sticky":false,"template":"","format":"standard","meta":{"footnotes":""},"categories":[3],"tags":[],"class_list":["post-1895","post","type-post","status-publish","format-standard","hentry","category-allmant"],"_links":{"self":[{"href":"https:\/\/roan.junselebyar.se\/index.php?rest_route=\/wp\/v2\/posts\/1895","targetHints":{"allow":["GET"]}}],"collection":[{"href":"https:\/\/roan.junselebyar.se\/index.php?rest_route=\/wp\/v2\/posts"}],"about":[{"href":"https:\/\/roan.junselebyar.se\/index.php?rest_route=\/wp\/v2\/types\/post"}],"author":[{"embeddable":true,"href":"https:\/\/roan.junselebyar.se\/index.php?rest_route=\/wp\/v2\/users\/2"}],"replies":[{"embeddable":true,"href":"https:\/\/roan.junselebyar.se\/index.php?rest_route=%2Fwp%2Fv2%2Fcomments&post=1895"}],"version-history":[{"count":8,"href":"https:\/\/roan.junselebyar.se\/index.php?rest_route=\/wp\/v2\/posts\/1895\/revisions"}],"predecessor-version":[{"id":1907,"href":"https:\/\/roan.junselebyar.se\/index.php?rest_route=\/wp\/v2\/posts\/1895\/revisions\/1907"}],"wp:attachment":[{"href":"https:\/\/roan.junselebyar.se\/index.php?rest_route=%2Fwp%2Fv2%2Fmedia&parent=1895"}],"wp:term":[{"taxonomy":"category","embeddable":true,"href":"https:\/\/roan.junselebyar.se\/index.php?rest_route=%2Fwp%2Fv2%2Fcategories&post=1895"},{"taxonomy":"post_tag","embeddable":true,"href":"https:\/\/roan.junselebyar.se\/index.php?rest_route=%2Fwp%2Fv2%2Ftags&post=1895"}],"curies":[{"name":"wp","href":"https:\/\/api.w.org\/{rel}","templated":true}]}}