{"id":1912,"date":"2015-03-22T18:49:13","date_gmt":"2015-03-22T17:49:13","guid":{"rendered":"http:\/\/roan.junselebyar.se\/?p=1912"},"modified":"2015-03-22T19:24:03","modified_gmt":"2015-03-22T18:24:03","slug":"bakslag","status":"publish","type":"post","link":"https:\/\/roan.junselebyar.se\/?p=1912","title":{"rendered":"Bakslag"},"content":{"rendered":"<div id=\"attachment_1913\" style=\"width: 321px\" class=\"wp-caption alignnone\"><img loading=\"lazy\" decoding=\"async\" aria-describedby=\"caption-attachment-1913\" class=\"size-medium wp-image-1913\" title=\"Koltrast\" src=\"http:\/\/roan.junselebyar.se\/nyheter\/wp-content\/uploads\/2015\/03\/koltrast1-440x525.jpg\" alt=\"Koltrast\" width=\"311\" height=\"384\" \/><p id=\"caption-attachment-1913\" class=\"wp-caption-text\">Koltrast<\/p><\/div>\n<p>Usch och fy&#8230;..<\/p>\n<div id=\"attachment_1914\" style=\"width: 450px\" class=\"wp-caption alignnone\"><img loading=\"lazy\" decoding=\"async\" aria-describedby=\"caption-attachment-1914\" class=\"size-medium wp-image-1914\" title=\"Koltrast och talgoxar\" src=\"http:\/\/roan.junselebyar.se\/nyheter\/wp-content\/uploads\/2015\/03\/koltrastochtalgoxar-440x318.jpg\" alt=\"Koltrast och talgoxar\" width=\"440\" height=\"318\" srcset=\"https:\/\/roan.junselebyar.se\/nyheter\/wp-content\/uploads\/2015\/03\/koltrastochtalgoxar-440x318.jpg 440w, https:\/\/roan.junselebyar.se\/nyheter\/wp-content\/uploads\/2015\/03\/koltrastochtalgoxar.jpg 1976w\" sizes=\"auto, (max-width: 440px) 100vw, 440px\" \/><p id=\"caption-attachment-1914\" class=\"wp-caption-text\">Koltrast och talgoxar<\/p><\/div>\n<p>Och\u00a0talgoxarna \u00e4r\u00a0h\u00e4r ocks\u00e5&#8230;.<\/p>\n<p><img loading=\"lazy\" decoding=\"async\" class=\"alignnone size-medium wp-image-1915\" title=\"Koltrast i hundkojan\" src=\"http:\/\/roan.junselebyar.se\/nyheter\/wp-content\/uploads\/2015\/03\/koltrastihundkojan-440x415.jpg\" alt=\"Koltrast i hundkojan\" width=\"440\" height=\"415\" srcset=\"https:\/\/roan.junselebyar.se\/nyheter\/wp-content\/uploads\/2015\/03\/koltrastihundkojan-440x415.jpg 440w, https:\/\/roan.junselebyar.se\/nyheter\/wp-content\/uploads\/2015\/03\/koltrastihundkojan.jpg 1845w\" sizes=\"auto, (max-width: 440px) 100vw, 440px\" \/><\/p>\n<p>&#8230;men h\u00e4r\u00a0var det i alla fall lugnt.<\/p>\n<p>Om \u00e4n v\u00e4dret har ett litet bakslag nu s\u00e5 g\u00e5r det stadigt fram\u00e5t med &#8220;R\u00f6\u00e5forsarnas Naturreservat&#8221;. M\u00f6tet i torsdags var gl\u00e4djande nog ganska v\u00e4lbes\u00f6kt och Oskar Norrgrann informerade oss om &#8220;l\u00e4get&#8221;. Det g\u00e5r planenligt fram\u00e5t. Mycket skall g\u00f6ras och i b\u00e4sta fall kan vi kanske ha ett naturreservat om ett \u00e5r. Men det kan ocks\u00e5 ta l\u00e4ngre tid. T\u00e4nk s\u00e5 fantastiskt; n\u00e4r reservatet \u00e4r ett faktum kan vi alla andas ut. D\u00e5 kan inte R\u00f6\u00e5n byggas ut och Betarsj\u00f6n regleras. Detta oerh\u00f6rt viktiga steg p\u00e5verkar allts\u00e5 inte bara oss bybor utan \u00e4ven alla i tillrinningsomr\u00e5det. Och t\u00e4nk s\u00e5 fint\u00a0om <a href=\"https:\/\/www.youtube.com\/watch?v=VYvhsYpi-mI&amp;feature=youtu.be\" target=\"_blank\">de, som arbetar f\u00f6r fiskvandringsv\u00e4gar <\/a>f\u00f6rbi kraftverksdammarna, lyckas. D\u00e5 kan vi kanske f\u00e5 lax och \u00f6ring att leka i R\u00f6\u00e5forsarna och kanske att \u00e4ven\u00a0vandra upp i Betarsj\u00f6n. S\u00e5 bra f\u00f6r byns ungdomar! DEt kommer\u00a0att finnas f\u00f6ruts\u00e4ttningar f\u00f6r fisketurism&#8230;.och allra helst om vi \u00e4ven kan se till att friden i &#8220;R\u00f6\u00e5forsarnas Naturreservat&#8221; aldrig\u00a0st\u00f6rs av vindkraftverk.\u00a0Oj, nu blev man n\u00e4stan religi\u00f6s.<\/p>\n<p>Torsdagens andra m\u00f6te var R\u00f6\u00e5ns och Lasele FVO:ns \u00e5rsm\u00f6ten. Jessica avgick som kass\u00f6r och ersattes av G\u00f6ran Hahne. Det blir tufft f\u00f6r honom att axla den rollen, som\u00a0under Jessicas tid \u00e4ven har inneburit att vi p\u00e5 v\u00e5ra m\u00f6ten sk\u00e4mts bort med j\u00e4ttegoda bakver. I torsdags fick vi dela p\u00e5 tv\u00e5 chokladt\u00e5rtor och dom var v\u00e4ldigt l\u00e4ckra. Men kanske kan \u00e4ggost fr\u00e5n Bohusl\u00e4n vara n\u00e5got. I \u00f6vrigt var allt bra. Vi \u00e4r glada och n\u00f6jda med \u00e5terst\u00e4llningen av R\u00f6\u00e5n och till sommaren skall den nya fiskebron \u00f6ver R\u00f6\u00e5n fixas. David(fr\u00e5n l\u00e4nsstyrelsen) kommer att elfiska under h\u00f6sten och\u00a0utifr\u00e5n resultatet f\u00e5r vi ta st\u00e4llning till hur fisket forts\u00e4ttningsvis skall regleras.<\/p>\n<p>Vinterv\u00e4gen l\u00e4ngs Tar\u00e5n kommer ocks\u00e5 att beh\u00f6va en bro och litet annat &#8220;fix&#8221;. Det blir allts\u00e5 en del pyssel f\u00f6r styrelsen i Lasele FVO med dokumentation av v\u00e4gens\u00a0aktuella status och anslagsans\u00f6kningar f\u00f6r att \u00e5tg\u00e4rda ev. brister.<\/p>\n<p>\/Tarabrita<\/p>\n","protected":false},"excerpt":{"rendered":"<p>Usch och fy&#8230;.. Och\u00a0talgoxarna \u00e4r\u00a0h\u00e4r ocks\u00e5&#8230;. &#8230;men h\u00e4r\u00a0var det i alla fall lugnt. Om \u00e4n v\u00e4dret har ett litet bakslag nu s\u00e5 g\u00e5r det stadigt fram\u00e5t med &#8220;R\u00f6\u00e5forsarnas Naturreservat&#8221;. M\u00f6tet i torsdags var gl\u00e4djande nog ganska v\u00e4lbes\u00f6kt och Oskar Norrgrann informerade oss om &#8220;l\u00e4get&#8221;. Det g\u00e5r planenligt fram\u00e5t. Mycket skall g\u00f6ras och i b\u00e4sta fall [&hellip;]<\/p>\n","protected":false},"author":2,"featured_media":0,"comment_status":"open","ping_status":"open","sticky":false,"template":"","format":"standard","meta":{"footnotes":""},"categories":[3],"tags":[],"class_list":["post-1912","post","type-post","status-publish","format-standard","hentry","category-allmant"],"_links":{"self":[{"href":"https:\/\/roan.junselebyar.se\/index.php?rest_route=\/wp\/v2\/posts\/1912","targetHints":{"allow":["GET"]}}],"collection":[{"href":"https:\/\/roan.junselebyar.se\/index.php?rest_route=\/wp\/v2\/posts"}],"about":[{"href":"https:\/\/roan.junselebyar.se\/index.php?rest_route=\/wp\/v2\/types\/post"}],"author":[{"embeddable":true,"href":"https:\/\/roan.junselebyar.se\/index.php?rest_route=\/wp\/v2\/users\/2"}],"replies":[{"embeddable":true,"href":"https:\/\/roan.junselebyar.se\/index.php?rest_route=%2Fwp%2Fv2%2Fcomments&post=1912"}],"version-history":[{"count":7,"href":"https:\/\/roan.junselebyar.se\/index.php?rest_route=\/wp\/v2\/posts\/1912\/revisions"}],"predecessor-version":[{"id":1919,"href":"https:\/\/roan.junselebyar.se\/index.php?rest_route=\/wp\/v2\/posts\/1912\/revisions\/1919"}],"wp:attachment":[{"href":"https:\/\/roan.junselebyar.se\/index.php?rest_route=%2Fwp%2Fv2%2Fmedia&parent=1912"}],"wp:term":[{"taxonomy":"category","embeddable":true,"href":"https:\/\/roan.junselebyar.se\/index.php?rest_route=%2Fwp%2Fv2%2Fcategories&post=1912"},{"taxonomy":"post_tag","embeddable":true,"href":"https:\/\/roan.junselebyar.se\/index.php?rest_route=%2Fwp%2Fv2%2Ftags&post=1912"}],"curies":[{"name":"wp","href":"https:\/\/api.w.org\/{rel}","templated":true}]}}