{"id":1923,"date":"2015-03-27T14:37:40","date_gmt":"2015-03-27T13:37:40","guid":{"rendered":"http:\/\/roan.junselebyar.se\/?p=1923"},"modified":"2015-04-10T09:23:43","modified_gmt":"2015-04-10T07:23:43","slug":"nya-bakslag","status":"publish","type":"post","link":"https:\/\/roan.junselebyar.se\/?p=1923","title":{"rendered":"Nya bakslag"},"content":{"rendered":"<h3>V\u00e5rt vackra \u00c5dalen har i dagarna\u00a0drabbats av\u00a0tv\u00e5 dystra besked:<\/h3>\n<p><span style=\"color: #0000ff;\">1. H\u00f6gsta F\u00f6rvaltningsdomstolen meddelar inte pr\u00f6vningstillst\u00e5nd av<br \/>\nKammarr\u00e4ttens dom; laglighetspr\u00f6vning av kommunens beslut<br \/>\nF\u00e4ngsj\u00f6\/Storsj\u00f6h\u00f6jden<\/span>.<\/p>\n<p>Sollefte\u00e5 kommuns st\u00f6rsta fritidsomr\u00e5de offras till exploat\u00f6rerna det norska rederiet\u00a0Fred Olsen och skogsj\u00e4tten SCA.<\/p>\n<p>Fullkomligt sansl\u00f6st!<\/p>\n<p>\u00a0<\/p>\n<p><span style=\"color: #0000ff;\">2. Vi, som har \u00f6verklagat kommunens tillstyrkan av Ranasj\u00f6 vindindustrianl\u00e4ggning, har f\u00e5tt avslag av F\u00f6rvaltningsr\u00e4tten.<\/span><\/p>\n<p>Det h\u00f6gt bel\u00e4gna, k\u00e4nsliga\u00a0omr\u00e5det mellan\u00a0Fj\u00e4llsj\u00f6\u00e4lven och Fax\u00e4lven offras i detta fall till exploat\u00f6ren Flodin f\u00f6r vidare f\u00f6rs\u00e4ljning till f\u00f6r oss obekant f\u00f6retag och land.<\/p>\n<p>Det tar tid att sm\u00e4lta ovanst\u00e5ende\u00a0sorgliga beslut. B\u00e5da dessa\u00a0industriprojekt klassas som &#8220;milj\u00f6farliga veksamheter.&#8221; Det \u00e4r som s\u00e5dana de pr\u00f6vas i olika instanser. \u00c4nd\u00e5 finns det m\u00e4nniskor, som p\u00e5st\u00e5r att dom st\u00f6djer detta pga. &#8220;milj\u00f6h\u00e4nsyn.&#8221;<\/p>\n<p>\u00a0Hur t\u00e4nker man d\u00e5?<\/p>\n<p>P\u00e5 alla dem,\u00a0som i kommunstyrelse och kommunfullm\u00e4ktige varit med om att till\u00e5ta dessa milj\u00f6vidriga projekt, vilar ett v\u00e4ldigt\u00a0tungt ansvar. De skall st\u00e5 till svars inf\u00f6r de drabbade\u00a0kommunmedborgarna och\u00a0en h\u00e4pen efterv\u00e4rld. Det\u00a0g\u00e5r inte att p\u00e5st\u00e5 att man &#8220;ingenting visste&#8221;. \u00a0Alla, som ser och h\u00f6r, vet(eller borde veta) vad dessa industriomr\u00e5den inneb\u00e4r f\u00f6r n\u00e4rboende och milj\u00f6n. Det enda dom\u00a0\u00a0kan f\u00f6rsvara sig med \u00e4r att de &#8220;lydde order&#8221;. N\u00e5gra f\u00f6rs\u00f6ker desperat att r\u00e4dda\u00a0ansiktet genom att h\u00e4nvisa till &#8220;klimatet&#8221; men d\u00e5 \u00e4r man f\u00f6rutom blind och d\u00f6v \u00e4ven korkad.\u00a0Ev. klimatp\u00e5verkan fr\u00e5n dessa industrietableringar \u00e4r av homeopatisk storleksordning men d\u00e4remot ett oerh\u00f6rt tacksamt och skenheligt argument f\u00f6r exploat\u00f6rerna, kommunens vindstrateger\u00a0och\u00a0deras anhang.<\/p>\n<h2>Var \u00e4r empatin??????<\/h2>\n<p>Skall det beh\u00f6va g\u00e5 s\u00e5 l\u00e5ngt att vi\u00a0m\u00e5ste kedja fast oss, sittstrejka, matv\u00e4gra\u00a0och st\u00e4lla till s\u00e5 mycket civil olydnad som m\u00f6jligt f\u00f6r att r\u00e4dda v\u00e5r milj\u00f6 och v\u00e5ra v\u00e4nners livsrum?<\/p>\n<p>Ja, kanske.<\/p>\n<p>Men f\u00f6rst skall det \u00f6verklagas f\u00f6r glatta livet till\u00a0alla t\u00e4nkbara instanser och domstolar.<\/p>\n<p>Tarabrita<\/p>\n","protected":false},"excerpt":{"rendered":"<p>V\u00e5rt vackra \u00c5dalen har i dagarna\u00a0drabbats av\u00a0tv\u00e5 dystra besked: 1. H\u00f6gsta F\u00f6rvaltningsdomstolen meddelar inte pr\u00f6vningstillst\u00e5nd av Kammarr\u00e4ttens dom; laglighetspr\u00f6vning av kommunens beslut F\u00e4ngsj\u00f6\/Storsj\u00f6h\u00f6jden. Sollefte\u00e5 kommuns st\u00f6rsta fritidsomr\u00e5de offras till exploat\u00f6rerna det norska rederiet\u00a0Fred Olsen och skogsj\u00e4tten SCA. Fullkomligt sansl\u00f6st! \u00a0 2. Vi, som har \u00f6verklagat kommunens tillstyrkan av Ranasj\u00f6 vindindustrianl\u00e4ggning, har f\u00e5tt avslag av F\u00f6rvaltningsr\u00e4tten. [&hellip;]<\/p>\n","protected":false},"author":2,"featured_media":0,"comment_status":"open","ping_status":"open","sticky":false,"template":"","format":"standard","meta":{"footnotes":""},"categories":[3],"tags":[],"class_list":["post-1923","post","type-post","status-publish","format-standard","hentry","category-allmant"],"_links":{"self":[{"href":"https:\/\/roan.junselebyar.se\/index.php?rest_route=\/wp\/v2\/posts\/1923","targetHints":{"allow":["GET"]}}],"collection":[{"href":"https:\/\/roan.junselebyar.se\/index.php?rest_route=\/wp\/v2\/posts"}],"about":[{"href":"https:\/\/roan.junselebyar.se\/index.php?rest_route=\/wp\/v2\/types\/post"}],"author":[{"embeddable":true,"href":"https:\/\/roan.junselebyar.se\/index.php?rest_route=\/wp\/v2\/users\/2"}],"replies":[{"embeddable":true,"href":"https:\/\/roan.junselebyar.se\/index.php?rest_route=%2Fwp%2Fv2%2Fcomments&post=1923"}],"version-history":[{"count":13,"href":"https:\/\/roan.junselebyar.se\/index.php?rest_route=\/wp\/v2\/posts\/1923\/revisions"}],"predecessor-version":[{"id":1925,"href":"https:\/\/roan.junselebyar.se\/index.php?rest_route=\/wp\/v2\/posts\/1923\/revisions\/1925"}],"wp:attachment":[{"href":"https:\/\/roan.junselebyar.se\/index.php?rest_route=%2Fwp%2Fv2%2Fmedia&parent=1923"}],"wp:term":[{"taxonomy":"category","embeddable":true,"href":"https:\/\/roan.junselebyar.se\/index.php?rest_route=%2Fwp%2Fv2%2Fcategories&post=1923"},{"taxonomy":"post_tag","embeddable":true,"href":"https:\/\/roan.junselebyar.se\/index.php?rest_route=%2Fwp%2Fv2%2Ftags&post=1923"}],"curies":[{"name":"wp","href":"https:\/\/api.w.org\/{rel}","templated":true}]}}