{"id":1938,"date":"2015-04-18T12:16:58","date_gmt":"2015-04-18T10:16:58","guid":{"rendered":"http:\/\/roan.junselebyar.se\/?p=1938"},"modified":"2015-04-18T12:21:27","modified_gmt":"2015-04-18T10:21:27","slug":"obs","status":"publish","type":"post","link":"https:\/\/roan.junselebyar.se\/?p=1938","title":{"rendered":"OBS!!!!!!!!!"},"content":{"rendered":"<p>Nyligen har information g\u00e5tt ut fr\u00e5n Svenska Kraftn\u00e4t om att det planeras en ny\u00a0<span style=\"font-family: ChronicleDeckForPowernet-Roman; font-size: x-small;\"><span style=\"font-family: ChronicleDeckForPowernet-Roman; font-size: x-small;\">400 kV-ledning mellan stationerna L\u00e5ngbj\u00f6rn och Storfinnforsen i V\u00e4sternorrlands l\u00e4n. Detta &#8220;beh\u00f6vs&#8221; pga allt strul, som den storskaliga vindkraftutbyggnaden annars kommer att medf\u00f6ra. I <a href=\"http:\/\/www.svk.se\/siteassets\/natutveckling\/utbyggnadsprojekt\/langbjorn-storfinnforsen\/dokument\/samradsunderlag_a4_langbjorn_150414.pdf?_t_id=1B2M2Y8AsgTpgAmY7PhCfg%3d%3d&amp;_t_q=l%c3%a5ngbj%c3%b6rn&amp;_t_tags=language%3asv&amp;_t_ip=192.121.1.150&amp;_t_hit.id=SVK_WebUI_Models_Media_OfficeDocument\/_8e3e38c4-66cc-4d52-9820-27cd9e62b1a2&amp;_t_hit.pos=3\" target=\"_blank\">filen<\/a>\u00a0kan ni se hur planerna nu \u00e4r och vilka alternativa str\u00e4ckor det arbetas med. <\/span><\/span><\/p>\n<p><span style=\"font-family: ChronicleDeckForPowernet-Roman; font-size: x-small;\"><span style=\"font-family: ChronicleDeckForPowernet-Roman; font-size: x-small;\">Man kan redan nu se att samr\u00e5dsmaterialet \u00e4r ofullst\u00e4ndigt eftersom det inte finns redovisat att R\u00f6\u00e5forsarnas Naturreservat \u00e4r under bildande. Ingenstans\u00a0st\u00e5r heller<\/span><\/span><span style=\"font-family: ChronicleDeckForPowernet-Roman; font-size: x-small;\"><span style=\"font-family: ChronicleDeckForPowernet-Roman; font-size: x-small;\">\u00a0att d\u00e4r finns gott om flodp\u00e4rlmusslor. Har inte hunnit kolla upp planerna s\u00e5 noga \u00e4n men\u00a0 att\u00a0ber\u00f6rd myndighet \u00e4n en g\u00e5ng utg\u00e5r fr\u00e5n en f\u00f6r gammal, aldrig uppdaterad, inaktuell \u00d6versiktsplan fr\u00e5n 1990 \u00e4r s\u00e5 klart djupt otillfredsst\u00e4llande. Men varf\u00f6r skulle det var annorlunda i detta fall mot alla horribla vindkraftsbeslut, som har fattats, \u00e4ven de utifr\u00e5n samma gamla \u00f6versiktsplan\u00a0hoptejpad med &#8220;v\u00e4gledning&#8221;<\/span><\/span><\/p>\n<p><span style=\"font-family: ChronicleDeckForPowernet-Roman; font-size: x-small;\"><span style=\"font-family: ChronicleDeckForPowernet-Roman; font-size: x-small;\">Sollefte\u00e5 kommuns &#8220;\u00d6versiktsplan&#8221; \u00e4r numer ett allm\u00e4nt sk\u00e4mt.<\/span><\/span><\/p>\n<p><span style=\"font-family: ChronicleDeckForPowernet-Roman; font-size: x-small;\"><span style=\"font-family: ChronicleDeckForPowernet-Roman; font-size: x-small;\">5.te maj blir det m\u00f6te om denna ledning i Ramsele. Jag hoppas att s\u00e5 m\u00e5nga som m\u00f6jligt kan deltaga. Det finns verkligen fr\u00e5gor att diskuera h\u00e4r:<\/span><\/span><\/p>\n<p><span style=\"font-family: ChronicleDeckForPowernet-Roman; font-size: x-small;\"><span style=\"font-family: ChronicleDeckForPowernet-Roman; font-size: x-small;\">1. Varf\u00f6r skall vi bygga denna ledning, som p\u00e5 olika vis kommer att inkr\u00e4kta. Varf\u00f6r skall vi ytterligare subventionera den storskaliga norrl\u00e4ndska vindkraftindustrin?<\/span><\/span><\/p>\n<p><span style=\"font-family: ChronicleDeckForPowernet-Roman; font-size: x-small;\"><span style=\"font-family: ChronicleDeckForPowernet-Roman; font-size: x-small;\">2. Skall Svensk Vindkraft genom att l\u00e4gga dessa i huvudsak tv\u00e5 f\u00f6rslag till\u00e5tas h\u00e4rska genom att s\u00f6ndra? D\u00e5 \u00e4r det v\u00e4l b\u00e4ttre att tillsammans med andra ev. drabbade byar organisera ett gemensamt motst\u00e5nd.<\/span><\/span><\/p>\n<p><span style=\"font-family: ChronicleDeckForPowernet-Roman; font-size: x-small;\"><span style=\"font-family: ChronicleDeckForPowernet-Roman; font-size: x-small;\">3. Genom denna ledning kommer f\u00f6ruts\u00e4ttningar f\u00f6r fler \u00a0storskaliga vindindustrier h\u00e4romkring och norrut att skapas. Vill vi det? N\u00e4r man tittar p\u00e5 str\u00e4ckningsalternativen s\u00e5 framtr\u00e4der flera, f\u00f6rut namnde,\u00a0potentiella etableringsomr\u00e5den d\u00e5 de kommer n\u00e4rmare n\u00e4tet.<\/span><\/span><\/p>\n","protected":false},"excerpt":{"rendered":"<p>Nyligen har information g\u00e5tt ut fr\u00e5n Svenska Kraftn\u00e4t om att det planeras en ny\u00a0400 kV-ledning mellan stationerna L\u00e5ngbj\u00f6rn och Storfinnforsen i V\u00e4sternorrlands l\u00e4n. Detta &#8220;beh\u00f6vs&#8221; pga allt strul, som den storskaliga vindkraftutbyggnaden annars kommer att medf\u00f6ra. I filen\u00a0kan ni se hur planerna nu \u00e4r och vilka alternativa str\u00e4ckor det arbetas med. Man kan redan nu [&hellip;]<\/p>\n","protected":false},"author":2,"featured_media":0,"comment_status":"open","ping_status":"open","sticky":false,"template":"","format":"standard","meta":{"footnotes":""},"categories":[3],"tags":[],"class_list":["post-1938","post","type-post","status-publish","format-standard","hentry","category-allmant"],"_links":{"self":[{"href":"https:\/\/roan.junselebyar.se\/index.php?rest_route=\/wp\/v2\/posts\/1938","targetHints":{"allow":["GET"]}}],"collection":[{"href":"https:\/\/roan.junselebyar.se\/index.php?rest_route=\/wp\/v2\/posts"}],"about":[{"href":"https:\/\/roan.junselebyar.se\/index.php?rest_route=\/wp\/v2\/types\/post"}],"author":[{"embeddable":true,"href":"https:\/\/roan.junselebyar.se\/index.php?rest_route=\/wp\/v2\/users\/2"}],"replies":[{"embeddable":true,"href":"https:\/\/roan.junselebyar.se\/index.php?rest_route=%2Fwp%2Fv2%2Fcomments&post=1938"}],"version-history":[{"count":11,"href":"https:\/\/roan.junselebyar.se\/index.php?rest_route=\/wp\/v2\/posts\/1938\/revisions"}],"predecessor-version":[{"id":1948,"href":"https:\/\/roan.junselebyar.se\/index.php?rest_route=\/wp\/v2\/posts\/1938\/revisions\/1948"}],"wp:attachment":[{"href":"https:\/\/roan.junselebyar.se\/index.php?rest_route=%2Fwp%2Fv2%2Fmedia&parent=1938"}],"wp:term":[{"taxonomy":"category","embeddable":true,"href":"https:\/\/roan.junselebyar.se\/index.php?rest_route=%2Fwp%2Fv2%2Fcategories&post=1938"},{"taxonomy":"post_tag","embeddable":true,"href":"https:\/\/roan.junselebyar.se\/index.php?rest_route=%2Fwp%2Fv2%2Ftags&post=1938"}],"curies":[{"name":"wp","href":"https:\/\/api.w.org\/{rel}","templated":true}]}}