{"id":1950,"date":"2015-05-01T13:22:04","date_gmt":"2015-05-01T11:22:04","guid":{"rendered":"http:\/\/roan.junselebyar.se\/?p=1950"},"modified":"2015-05-01T18:09:42","modified_gmt":"2015-05-01T16:09:42","slug":"ofullstandigt-samradsunderlag","status":"publish","type":"post","link":"https:\/\/roan.junselebyar.se\/?p=1950","title":{"rendered":"Ofullst\u00e4ndigt samr\u00e5dsunderlag"},"content":{"rendered":"<p>\u00a0<\/p>\n<p><strong>&#8220;Den 5 maj 2015 mellan kl. 17.00 och kl. 21.00 \u00a0h\u00e5ller Svenska kraftn\u00e4t ett informationsm\u00f6te i Faxen som ligger p\u00e5 Nipv\u00e4gen 2 i Ramsele. D\u00e4r ber\u00e4ttar vi om planerna p\u00e5 den nya ledningen.\u00a0<\/strong><\/p>\n<p><strong>M\u00f6tet best\u00e5r dels av \u00f6ppet hus, dels av en presentation av samr\u00e5dsunderlaget med en efterf\u00f6ljande fr\u00e5gestund. Under \u00f6ppet hus f\u00e5r du tr\u00e4ffa Svenska kraftn\u00e4ts medarbetare som besvarar dina fr\u00e5gor om planerna p\u00e5 den nya ledningen.\u00a0<\/strong><\/p>\n<ul>\n<li><strong>\u00d6ppet hus kl. 17.00 &#8211; 18.00<\/strong><\/li>\n<li><strong>Presentation och fr\u00e5gestund kl. 18.00 &#8211; 19.00<\/strong><\/li>\n<li><strong>\u00d6ppet hus kl. 19.00 &#8211; 21.00&#8243;<\/strong><\/li>\n<\/ul>\n<p><strong>\u00a0<\/strong><\/p>\n<div><!-- Go to www.addthis.com\/dashboard to customize your tools --><!-- Go to www.addthis.com\/dashboard to customize your tools --><!-- Go to www.addthis.com\/dashboard to customize your tools --><\/div>\n<p>P.g.a. det ofullst\u00e4ndiga samr\u00e5dsunderlaget har jag i dag som privatperson s\u00e4nt f\u00f6ljande upplysningar och personliga \u00e5sikter till Henrik H\u00e4gglund, kommunikat\u00f6r p\u00e5 Svenska Kraftn\u00e4t:<\/p>\n<p>Tarabrita<\/p>\n<p>\u00a0<\/p>\n<div><span style=\"color: #0000ff;\">Hej Henrik!<\/span><\/div>\n<div><span style=\"color: #0000ff;\">Tack f\u00f6r svar.<\/span><\/div>\n<div><span style=\"color: #0000ff;\">Jag vill redan nu uppm\u00e4rksamma Dig om att R\u00f6\u00e5forsarnas Naturreservat h\u00e5ller p\u00e5 att bildas. Det har ni missat i samr\u00e5dsunderlaget.\u00a0Naturreservatet, som\u00a0ber\u00e4knas vara\u00a0beslutat om ett till tv\u00e5 \u00e5r, omfattar hela forsstr\u00e4ckan fr\u00e5n ca 100 m uppstr\u00f6ms bybron ner\u00a0\u00a0till \u00c5ngerman\u00e4lven. I den nyligen(f\u00f6rra sommaren)\u00a0biotop\u00e5terst\u00e4llda forsstr\u00e4ckan finns synnerligen gott om flodp\u00e4rlmusslor. Det r\u00f6r sig om en livskraftig population med ett stort inslag av unga individer. H\u00e4r finns \u00e4ven harr, \u00f6ring och utter.\u00a0 Hela str\u00e4ckan R\u00f6\u00e5n-Betarsj\u00f6n \u00e4r dessutom ett k\u00e4nt flyttf\u00e5gelstr\u00e5k.<\/span><\/div>\n<div><span style=\"color: #0000ff;\">R\u00f6\u00e5n har redan i dag stor p\u00e5verkan fr\u00e5n kraftledningar och det b\u00f6r absolut inte dragas n\u00e5got mer. Ett par hus p\u00e5verkas, skriver ni. Det l\u00e5ter inte mycket men i en lite by av R\u00f6\u00e5ns storlek \u00e4r varje f\u00f6rlust betydelsefull. Detta \u00e4r en levande by med 13 sm\u00e5 barn. Det kommer att handla om\u00a0betydande milj\u00f6p\u00e5verkan h\u00e4r, vilket kommer att kr\u00e4va en stor MKB!\u00a0<\/span><\/div>\n<div><span style=\"color: #0000ff;\">Hela omr\u00e5det R\u00f6\u00e5n-Betarsj\u00f6n har dessutom varit aktuell f\u00f6r ett Riksintresse Friluftslivutpekande. Sollefte\u00e5 kommunstyrelse\u00a0avvisade \u00a0dock detta f\u00f6rslag fr\u00e5n sin egen Samh\u00e4llsbyggnadsn\u00e4mnd med motiveringen att dessa intressen skall inarbetas i den kommande \u00f6versiktsplanen. S\u00e5 i b\u00e4sta fall kommer det snart<\/span><\/div>\n<div><span style=\"color: #0000ff;\">\u00a0Det b\u00e4sta vore att helt \u201dskrota\u201d detta ledningsf\u00f6rslag.<\/span><\/div>\n<div><span style=\"color: #0000ff;\">\u00a0<\/span><\/div>\n<div><span style=\"color: #0000ff;\">Med utm\u00e4rkt h\u00f6gaktning<\/span><\/div>\n<div><span style=\"color: #0000ff;\">Brita Isaksson<\/span><\/div>\n<div><span style=\"color: #0000ff;\">R\u00f6\u00e5n<\/span><\/div>\n","protected":false},"excerpt":{"rendered":"<p>\u00a0 &#8220;Den 5 maj 2015 mellan kl. 17.00 och kl. 21.00 \u00a0h\u00e5ller Svenska kraftn\u00e4t ett informationsm\u00f6te i Faxen som ligger p\u00e5 Nipv\u00e4gen 2 i Ramsele. D\u00e4r ber\u00e4ttar vi om planerna p\u00e5 den nya ledningen.\u00a0 M\u00f6tet best\u00e5r dels av \u00f6ppet hus, dels av en presentation av samr\u00e5dsunderlaget med en efterf\u00f6ljande fr\u00e5gestund. Under \u00f6ppet hus f\u00e5r du [&hellip;]<\/p>\n","protected":false},"author":2,"featured_media":0,"comment_status":"open","ping_status":"open","sticky":false,"template":"","format":"standard","meta":{"footnotes":""},"categories":[3],"tags":[],"class_list":["post-1950","post","type-post","status-publish","format-standard","hentry","category-allmant"],"_links":{"self":[{"href":"https:\/\/roan.junselebyar.se\/index.php?rest_route=\/wp\/v2\/posts\/1950","targetHints":{"allow":["GET"]}}],"collection":[{"href":"https:\/\/roan.junselebyar.se\/index.php?rest_route=\/wp\/v2\/posts"}],"about":[{"href":"https:\/\/roan.junselebyar.se\/index.php?rest_route=\/wp\/v2\/types\/post"}],"author":[{"embeddable":true,"href":"https:\/\/roan.junselebyar.se\/index.php?rest_route=\/wp\/v2\/users\/2"}],"replies":[{"embeddable":true,"href":"https:\/\/roan.junselebyar.se\/index.php?rest_route=%2Fwp%2Fv2%2Fcomments&post=1950"}],"version-history":[{"count":8,"href":"https:\/\/roan.junselebyar.se\/index.php?rest_route=\/wp\/v2\/posts\/1950\/revisions"}],"predecessor-version":[{"id":1953,"href":"https:\/\/roan.junselebyar.se\/index.php?rest_route=\/wp\/v2\/posts\/1950\/revisions\/1953"}],"wp:attachment":[{"href":"https:\/\/roan.junselebyar.se\/index.php?rest_route=%2Fwp%2Fv2%2Fmedia&parent=1950"}],"wp:term":[{"taxonomy":"category","embeddable":true,"href":"https:\/\/roan.junselebyar.se\/index.php?rest_route=%2Fwp%2Fv2%2Fcategories&post=1950"},{"taxonomy":"post_tag","embeddable":true,"href":"https:\/\/roan.junselebyar.se\/index.php?rest_route=%2Fwp%2Fv2%2Ftags&post=1950"}],"curies":[{"name":"wp","href":"https:\/\/api.w.org\/{rel}","templated":true}]}}