{"id":1998,"date":"2015-09-28T20:45:55","date_gmt":"2015-09-28T18:45:55","guid":{"rendered":"http:\/\/roan.junselebyar.se\/?p=1998"},"modified":"2015-09-29T09:32:28","modified_gmt":"2015-09-29T07:32:28","slug":"rod-mane-aven-over-tara","status":"publish","type":"post","link":"https:\/\/roan.junselebyar.se\/?p=1998","title":{"rendered":"R\u00f6d m\u00e5ne \u00e4ven \u00f6ver Tara"},"content":{"rendered":"<div id=\"attachment_1999\" style=\"width: 450px\" class=\"wp-caption alignnone\"><img loading=\"lazy\" decoding=\"async\" aria-describedby=\"caption-attachment-1999\" class=\"size-medium wp-image-1999\" title=\"M\u00e5nen\" src=\"http:\/\/roan.junselebyar.se\/nyheter\/wp-content\/uploads\/2015\/09\/mane6-440x412.jpg\" alt=\"M\u00e5nen\" width=\"440\" height=\"412\" srcset=\"https:\/\/roan.junselebyar.se\/nyheter\/wp-content\/uploads\/2015\/09\/mane6-440x412.jpg 440w, https:\/\/roan.junselebyar.se\/nyheter\/wp-content\/uploads\/2015\/09\/mane6.jpg 2044w\" sizes=\"auto, (max-width: 440px) 100vw, 440px\" \/><p id=\"caption-attachment-1999\" class=\"wp-caption-text\">M\u00e5nen<\/p><\/div>\n<p>Efter att ha blivit varse att n\u00e4sta tillf\u00e4lle att studera detta fenomen med en rekordstor m\u00e5ne(n\u00e4ra jorden) och en m\u00e5nf\u00f6rm\u00f6rkelse beroende p\u00e5 att jorden skuggade solens belysning av m\u00e5nen med resultat att den kunde se r\u00f6daktig ut, skulle dr\u00f6ja 17 \u00e5r best\u00e4mde jag mig f\u00f6r att \u00f6verge s\u00e4ngv\u00e4rmen och uppleva detta fenomen. Jag menar &#8230;om 17 \u00e5r \u00e4r det v\u00e4l inte m\u00e5nga av oss \u00e4ldre R\u00f6\u00e5bor, som orkar stappla ut i h\u00f6stnatten.<\/p>\n<p>Och visst var det spektakul\u00e4rt och v\u00e4l v\u00e4rt en nattlig utflykt. Men tiden passerade s\u00e5 snabbt och bilderna vart inte alls s\u00e5 bra, som jag hoppats p\u00e5.<\/p>\n<div id=\"attachment_2001\" style=\"width: 449px\" class=\"wp-caption alignnone\"><img loading=\"lazy\" decoding=\"async\" aria-describedby=\"caption-attachment-2001\" class=\"size-medium wp-image-2001\" title=\"M\u00e5nen\" src=\"http:\/\/roan.junselebyar.se\/nyheter\/wp-content\/uploads\/2015\/09\/mane5-439x380.jpg\" alt=\"M\u00e5nen\" width=\"439\" height=\"380\" \/><p id=\"caption-attachment-2001\" class=\"wp-caption-text\">M\u00e5nen<\/p><\/div>\n<p>H\u00e4r har jorden redan givit plats f\u00f6r solens str\u00e5lar att \u00e5ter b\u00f6rja lysa upp m\u00e5nen.<\/p>\n<div id=\"attachment_2004\" style=\"width: 450px\" class=\"wp-caption alignnone\"><img loading=\"lazy\" decoding=\"async\" aria-describedby=\"caption-attachment-2004\" class=\"size-medium wp-image-2004\" title=\"M\u00e5nen ovan lag\u00e5rdstaket\" src=\"http:\/\/roan.junselebyar.se\/nyheter\/wp-content\/uploads\/2015\/09\/mane3-440x433.jpg\" alt=\"M\u00e5nen ovan lag\u00e5rdstaket\" width=\"440\" height=\"433\" \/><p id=\"caption-attachment-2004\" class=\"wp-caption-text\">M\u00e5nen ovan lag\u00e5rdstaket<\/p><\/div>\n<p>Och nu \u00e4r det inte mycket kvar av &#8220;f\u00f6rm\u00f6rkelsen&#8221;. Det som ser ut som hav \u00e4r moln. Vilken lycka att det var s\u00e5 fint v\u00e4der denna natt.<\/p>\n<p>Avslutningsvis en tidig bild, som visar den r\u00f6da f\u00e4rgen men med en bedr\u00f6vligt d\u00e5lig sk\u00e4rpa.<\/p>\n<div id=\"attachment_2005\" style=\"width: 450px\" class=\"wp-caption alignnone\"><img loading=\"lazy\" decoding=\"async\" aria-describedby=\"caption-attachment-2005\" class=\"size-medium wp-image-2005\" title=\"R\u00f6d m\u00e5ne\" src=\"http:\/\/roan.junselebyar.se\/nyheter\/wp-content\/uploads\/2015\/09\/P1010005-440x347.jpg\" alt=\"R\u00f6d m\u00e5ne\" width=\"440\" height=\"347\" \/><p id=\"caption-attachment-2005\" class=\"wp-caption-text\">R\u00f6d m\u00e5ne<\/p><\/div>\n<p>\/Tarabrita<\/p>\n","protected":false},"excerpt":{"rendered":"<p>Efter att ha blivit varse att n\u00e4sta tillf\u00e4lle att studera detta fenomen med en rekordstor m\u00e5ne(n\u00e4ra jorden) och en m\u00e5nf\u00f6rm\u00f6rkelse beroende p\u00e5 att jorden skuggade solens belysning av m\u00e5nen med resultat att den kunde se r\u00f6daktig ut, skulle dr\u00f6ja 17 \u00e5r best\u00e4mde jag mig f\u00f6r att \u00f6verge s\u00e4ngv\u00e4rmen och uppleva detta fenomen. Jag menar &#8230;om [&hellip;]<\/p>\n","protected":false},"author":2,"featured_media":0,"comment_status":"open","ping_status":"open","sticky":false,"template":"","format":"standard","meta":{"footnotes":""},"categories":[3],"tags":[],"class_list":["post-1998","post","type-post","status-publish","format-standard","hentry","category-allmant"],"_links":{"self":[{"href":"https:\/\/roan.junselebyar.se\/index.php?rest_route=\/wp\/v2\/posts\/1998","targetHints":{"allow":["GET"]}}],"collection":[{"href":"https:\/\/roan.junselebyar.se\/index.php?rest_route=\/wp\/v2\/posts"}],"about":[{"href":"https:\/\/roan.junselebyar.se\/index.php?rest_route=\/wp\/v2\/types\/post"}],"author":[{"embeddable":true,"href":"https:\/\/roan.junselebyar.se\/index.php?rest_route=\/wp\/v2\/users\/2"}],"replies":[{"embeddable":true,"href":"https:\/\/roan.junselebyar.se\/index.php?rest_route=%2Fwp%2Fv2%2Fcomments&post=1998"}],"version-history":[{"count":8,"href":"https:\/\/roan.junselebyar.se\/index.php?rest_route=\/wp\/v2\/posts\/1998\/revisions"}],"predecessor-version":[{"id":2009,"href":"https:\/\/roan.junselebyar.se\/index.php?rest_route=\/wp\/v2\/posts\/1998\/revisions\/2009"}],"wp:attachment":[{"href":"https:\/\/roan.junselebyar.se\/index.php?rest_route=%2Fwp%2Fv2%2Fmedia&parent=1998"}],"wp:term":[{"taxonomy":"category","embeddable":true,"href":"https:\/\/roan.junselebyar.se\/index.php?rest_route=%2Fwp%2Fv2%2Fcategories&post=1998"},{"taxonomy":"post_tag","embeddable":true,"href":"https:\/\/roan.junselebyar.se\/index.php?rest_route=%2Fwp%2Fv2%2Ftags&post=1998"}],"curies":[{"name":"wp","href":"https:\/\/api.w.org\/{rel}","templated":true}]}}