{"id":2024,"date":"2015-12-09T17:22:45","date_gmt":"2015-12-09T16:22:45","guid":{"rendered":"http:\/\/roan.junselebyar.se\/?p=2024"},"modified":"2015-12-09T17:22:45","modified_gmt":"2015-12-09T16:22:45","slug":"motet-om-frivillig-reservatsavsattning","status":"publish","type":"post","link":"https:\/\/roan.junselebyar.se\/?p=2024","title":{"rendered":"M\u00f6tet om frivillig reservatsavs\u00e4ttning"},"content":{"rendered":"<p>Onsdag 2\/12 g\u00e4stades vi av Oskar Norrgrann fr\u00e5n L\u00e4nsstyrelsen och Maria Mattson fr\u00e5n Svefa Ab. Oskar informerade om frivillig avs\u00e4ttning av mark till R\u00f6\u00e5forsarnas Naturreservat och Marias roll i projektet \u00e4r att v\u00e4rdera de omr\u00e5den, som avs\u00e4tts.<\/p>\n<p>R\u00f6\u00e5n med tillrinningsomr\u00e5de tillh\u00f6r de st\u00f6rsta outbyggda oreglerade vattenomr\u00e5dena som vi har. Detta i kombination med en utm\u00e4rkt vattenkvalitet och skyddsv\u00e4rda arter, ex. flodp\u00e4rlmusslan samt att forsstr\u00e4ckan har biotoprestaurerats har f\u00f6ranlett l\u00e4nsstyrelsen att inleda arbetet med att bilda R\u00f6\u00e5forsarnas Naturreservat. I det inledande skedet var det viktigast att fokusera p\u00e5 sj\u00e4lva vattnet och nu kan man b\u00f6rja titta p\u00e5 om det finns intresse f\u00f6r att \u00f6ka ut omr\u00e5det \u00e5t sidorna. Detta \u00e4r helt frivilligt fr\u00e5n mark\u00e4garnas sida. Ingen kan tvinga dem att avs\u00e4tta mark till reservatet och det kan ju f\u00e5 till f\u00f6ljd att gr\u00e4nsen f\u00f6r reservatet kan bli \u201dhackig\u201d men huvudsaken \u00e4r att alla blir n\u00f6jda och glada.<\/p>\n<p>Till sommaren planerar Oskar att p\u00e5 plats g\u00e5 ut med mark\u00e4garna och f\u00f6resl\u00e5 omr\u00e5den, som skulle vara bra att tillf\u00f6ra reservatet, samt naturligtvis fr\u00e5ga mark\u00e4garna om de st\u00e4ller upp p\u00e5 detta.<\/p>\n<p>D\u00e4refter sker en v\u00e4rdering av en konsult och slutligen f\u00f6rhandlingar med en annan konsult. B\u00e5da dessa konsulttj\u00e4nster upphandlas av Naturv\u00e5rdsverket. N\u00e4r alla problem \u00e4r l\u00f6sta ger landsh\u00f6vdingen tillst\u00e5nd till R\u00f6\u00e5forsarnas Naturreservat och skyltar s\u00e4tts upp.<\/p>\n<p>Allt detta kommer att ta minst ett \u00e5r och tre m\u00e5nader.<\/p>\n<p>Tack Oskar och Maria f\u00f6r klarg\u00f6rande och tydlig information!<\/p>\n<p>\/Tarabrita<\/p>\n","protected":false},"excerpt":{"rendered":"<p>Onsdag 2\/12 g\u00e4stades vi av Oskar Norrgrann fr\u00e5n L\u00e4nsstyrelsen och Maria Mattson fr\u00e5n Svefa Ab. Oskar informerade om frivillig avs\u00e4ttning av mark till R\u00f6\u00e5forsarnas Naturreservat och Marias roll i projektet \u00e4r att v\u00e4rdera de omr\u00e5den, som avs\u00e4tts. R\u00f6\u00e5n med tillrinningsomr\u00e5de tillh\u00f6r de st\u00f6rsta outbyggda oreglerade vattenomr\u00e5dena som vi har. Detta i kombination med en utm\u00e4rkt [&hellip;]<\/p>\n","protected":false},"author":2,"featured_media":0,"comment_status":"open","ping_status":"open","sticky":false,"template":"","format":"standard","meta":{"footnotes":""},"categories":[3],"tags":[],"class_list":["post-2024","post","type-post","status-publish","format-standard","hentry","category-allmant"],"_links":{"self":[{"href":"https:\/\/roan.junselebyar.se\/index.php?rest_route=\/wp\/v2\/posts\/2024","targetHints":{"allow":["GET"]}}],"collection":[{"href":"https:\/\/roan.junselebyar.se\/index.php?rest_route=\/wp\/v2\/posts"}],"about":[{"href":"https:\/\/roan.junselebyar.se\/index.php?rest_route=\/wp\/v2\/types\/post"}],"author":[{"embeddable":true,"href":"https:\/\/roan.junselebyar.se\/index.php?rest_route=\/wp\/v2\/users\/2"}],"replies":[{"embeddable":true,"href":"https:\/\/roan.junselebyar.se\/index.php?rest_route=%2Fwp%2Fv2%2Fcomments&post=2024"}],"version-history":[{"count":2,"href":"https:\/\/roan.junselebyar.se\/index.php?rest_route=\/wp\/v2\/posts\/2024\/revisions"}],"predecessor-version":[{"id":2026,"href":"https:\/\/roan.junselebyar.se\/index.php?rest_route=\/wp\/v2\/posts\/2024\/revisions\/2026"}],"wp:attachment":[{"href":"https:\/\/roan.junselebyar.se\/index.php?rest_route=%2Fwp%2Fv2%2Fmedia&parent=2024"}],"wp:term":[{"taxonomy":"category","embeddable":true,"href":"https:\/\/roan.junselebyar.se\/index.php?rest_route=%2Fwp%2Fv2%2Fcategories&post=2024"},{"taxonomy":"post_tag","embeddable":true,"href":"https:\/\/roan.junselebyar.se\/index.php?rest_route=%2Fwp%2Fv2%2Ftags&post=2024"}],"curies":[{"name":"wp","href":"https:\/\/api.w.org\/{rel}","templated":true}]}}