{"id":2027,"date":"2015-12-09T17:52:28","date_gmt":"2015-12-09T16:52:28","guid":{"rendered":"http:\/\/roan.junselebyar.se\/?p=2027"},"modified":"2015-12-09T17:52:28","modified_gmt":"2015-12-09T16:52:28","slug":"om-elfisket-och-ett-som-annat","status":"publish","type":"post","link":"https:\/\/roan.junselebyar.se\/?p=2027","title":{"rendered":"Om elfisket och ett som annat"},"content":{"rendered":"<p>M\u00e5ndag 2\/12 g\u00e4stades vi av Tomas Sch\u00f6n fr\u00e5n l\u00e4nsstyrelsens fiskeenhet. Han ber\u00e4ttade litet om vad som sig tilldragit haver p\u00e5 sistone:<\/p>\n<p>24-28 augusti p\u00e5gick ett projekt att <a href=\"http:\/\/roan.junselebyar.se\/?p=1985\" target=\"_blank\">skapa lekbottnar <\/a>i \u00e5n. Tomas ber\u00e4ttade att det blev 32 stycken nya lekbottnar \u00a0i fem omr\u00e5den och bottnen var v\u00e4ldigt v\u00e4l l\u00e4mpad f\u00f6r detta. F\u00f6r att vi skall kunna se om dessa lekbottnar resulterar i fler fiskar utf\u00f6rdes 26-27\/september elfiske p\u00e5 tv\u00e5 st\u00e4llen; ett nere vid skjutbanan och ett nedanf\u00f6r Kurt.<\/p>\n<p>Hur skall FVO:et nu g\u00e5 vidare med detta? En fr\u00e5ga \u00e4r om och hur fisket skall begr\u00e4nsas. Skall det vara ett tre\u00e5rigt fiskestopp, \u201df\u00f6nster\u201d eller minskning fr\u00e5n 4 fiskar till tv\u00e5\/kort och dag.<\/p>\n<p>Ja, det f\u00e5r vi ta st\u00e4llning till innan v\u00e5ren. Nu \u00e4r i alla fall en gedigen grund lagd.<\/p>\n<p>Tomas svarade ocks\u00e5 p\u00e5 de fr\u00e5gor vi hade, varefter vi alla avnj\u00f6t Jessicas goda kaka.<\/p>\n<p>\u00a0<\/p>\n<p>\/Tarabrita<\/p>\n","protected":false},"excerpt":{"rendered":"<p>M\u00e5ndag 2\/12 g\u00e4stades vi av Tomas Sch\u00f6n fr\u00e5n l\u00e4nsstyrelsens fiskeenhet. Han ber\u00e4ttade litet om vad som sig tilldragit haver p\u00e5 sistone: 24-28 augusti p\u00e5gick ett projekt att skapa lekbottnar i \u00e5n. Tomas ber\u00e4ttade att det blev 32 stycken nya lekbottnar \u00a0i fem omr\u00e5den och bottnen var v\u00e4ldigt v\u00e4l l\u00e4mpad f\u00f6r detta. F\u00f6r att vi skall [&hellip;]<\/p>\n","protected":false},"author":2,"featured_media":0,"comment_status":"open","ping_status":"open","sticky":false,"template":"","format":"standard","meta":{"footnotes":""},"categories":[3],"tags":[],"class_list":["post-2027","post","type-post","status-publish","format-standard","hentry","category-allmant"],"_links":{"self":[{"href":"https:\/\/roan.junselebyar.se\/index.php?rest_route=\/wp\/v2\/posts\/2027","targetHints":{"allow":["GET"]}}],"collection":[{"href":"https:\/\/roan.junselebyar.se\/index.php?rest_route=\/wp\/v2\/posts"}],"about":[{"href":"https:\/\/roan.junselebyar.se\/index.php?rest_route=\/wp\/v2\/types\/post"}],"author":[{"embeddable":true,"href":"https:\/\/roan.junselebyar.se\/index.php?rest_route=\/wp\/v2\/users\/2"}],"replies":[{"embeddable":true,"href":"https:\/\/roan.junselebyar.se\/index.php?rest_route=%2Fwp%2Fv2%2Fcomments&post=2027"}],"version-history":[{"count":2,"href":"https:\/\/roan.junselebyar.se\/index.php?rest_route=\/wp\/v2\/posts\/2027\/revisions"}],"predecessor-version":[{"id":2029,"href":"https:\/\/roan.junselebyar.se\/index.php?rest_route=\/wp\/v2\/posts\/2027\/revisions\/2029"}],"wp:attachment":[{"href":"https:\/\/roan.junselebyar.se\/index.php?rest_route=%2Fwp%2Fv2%2Fmedia&parent=2027"}],"wp:term":[{"taxonomy":"category","embeddable":true,"href":"https:\/\/roan.junselebyar.se\/index.php?rest_route=%2Fwp%2Fv2%2Fcategories&post=2027"},{"taxonomy":"post_tag","embeddable":true,"href":"https:\/\/roan.junselebyar.se\/index.php?rest_route=%2Fwp%2Fv2%2Ftags&post=2027"}],"curies":[{"name":"wp","href":"https:\/\/api.w.org\/{rel}","templated":true}]}}