{"id":209,"date":"2010-08-24T16:08:29","date_gmt":"2010-08-24T14:08:29","guid":{"rendered":"http:\/\/roan.junselebyar.se\/?p=209"},"modified":"2010-08-24T16:35:49","modified_gmt":"2010-08-24T14:35:49","slug":"rosta-pa-christer","status":"publish","type":"post","link":"https:\/\/roan.junselebyar.se\/?p=209","title":{"rendered":"R\u00f6sta p\u00e5 Christer!"},"content":{"rendered":"<div id=\"attachment_211\" style=\"width: 260px\" class=\"wp-caption alignleft\"><a href=\"http:\/\/roan.junselebyar.se\/nyheter\/wp-content\/uploads\/2010\/08\/ChristerBorg1.jpg\"><img loading=\"lazy\" decoding=\"async\" aria-describedby=\"caption-attachment-211\" class=\"size-full wp-image-211   \" title=\"Christer Borg nominerad till milj\u00f6pris.\" src=\"http:\/\/roan.junselebyar.se\/nyheter\/wp-content\/uploads\/2010\/08\/ChristerBorg1.jpg\" alt=\"Christer Borg\" width=\"250\" height=\"300\" \/><\/a><p id=\"caption-attachment-211\" class=\"wp-caption-text\">Christer Borg nominerad till milj\u00f6pris.<\/p><\/div>\n<p>\u00a0<\/p>\n<p>\u00a0<\/p>\n<p>\u00a0<\/p>\n<p>\u00a0<\/p>\n<p>\u00a0<\/p>\n<p>\u00a0<\/p>\n<p>\u00a0<\/p>\n<p>\u00a0<\/p>\n<p>\u00a0<\/p>\n<p>\u00a0<\/p>\n<p>\u00a0<\/p>\n<p>\u00a0<\/p>\n<p>\u00d6ver 150 finfina nomineringar kom in n\u00e4r\u00a0Miniplanet.se uppmanade\u00a0sina l\u00e4sare att nominera milj\u00f6hj\u00e4ltar. Minplanet har nu i samarbete med V\u00e4rldsnaturfonden WWF valt ut\u00a0 tolv favoriter.<\/p>\n<p>Vi kan nu g\u00e5 in p\u00e5\u00a0<a href=\"http:\/\/www.minplanet.se\/index.php?option=com_content&amp;view=article&amp;id=1375:roesta-pa-vara-miljoehjaeltar&amp;catid=3:aktuellt&amp;Itemid=13\" target=\"_blank\">denna l\u00e4nk <\/a>och med v\u00e5r r\u00f6st visa Christer\u00a0och omv\u00e4rlden v\u00e5r uppskattning f\u00f6r\u00a0det \u00a0jobb han lade ned p\u00e5 att r\u00e4dda v\u00e5r R\u00f6\u00e5 och allt arbete han nu l\u00e4gger ned p\u00e5 \u00c4lvr\u00e4ddarnas Samorganisation. Prov p\u00e5 detta ser vi\u00a0d\u00e5 och d\u00e5 i media.<span id=\"_marker\">\u00a0<\/span><\/p>\n<p class=\"MsoNormal\" style=\"margin: 0cm 0cm 0pt;\">\u00a0<\/p>\n<p class=\"MsoNormal\" style=\"margin: 0cm 0cm 0pt;\">\/Brita<\/p>\n","protected":false},"excerpt":{"rendered":"<p>\u00a0 \u00a0 \u00a0 \u00a0 \u00a0 \u00a0 \u00a0 \u00a0 \u00a0 \u00a0 \u00a0 \u00a0 \u00d6ver 150 finfina nomineringar kom in n\u00e4r\u00a0Miniplanet.se uppmanade\u00a0sina l\u00e4sare att nominera milj\u00f6hj\u00e4ltar. Minplanet har nu i samarbete med V\u00e4rldsnaturfonden WWF valt ut\u00a0 tolv favoriter. Vi kan nu g\u00e5 in p\u00e5\u00a0denna l\u00e4nk och med v\u00e5r r\u00f6st visa Christer\u00a0och omv\u00e4rlden v\u00e5r uppskattning f\u00f6r\u00a0det \u00a0jobb han [&hellip;]<\/p>\n","protected":false},"author":2,"featured_media":0,"comment_status":"open","ping_status":"open","sticky":false,"template":"","format":"standard","meta":{"footnotes":""},"categories":[6],"tags":[],"class_list":["post-209","post","type-post","status-publish","format-standard","hentry","category-miljo"],"_links":{"self":[{"href":"https:\/\/roan.junselebyar.se\/index.php?rest_route=\/wp\/v2\/posts\/209","targetHints":{"allow":["GET"]}}],"collection":[{"href":"https:\/\/roan.junselebyar.se\/index.php?rest_route=\/wp\/v2\/posts"}],"about":[{"href":"https:\/\/roan.junselebyar.se\/index.php?rest_route=\/wp\/v2\/types\/post"}],"author":[{"embeddable":true,"href":"https:\/\/roan.junselebyar.se\/index.php?rest_route=\/wp\/v2\/users\/2"}],"replies":[{"embeddable":true,"href":"https:\/\/roan.junselebyar.se\/index.php?rest_route=%2Fwp%2Fv2%2Fcomments&post=209"}],"version-history":[{"count":12,"href":"https:\/\/roan.junselebyar.se\/index.php?rest_route=\/wp\/v2\/posts\/209\/revisions"}],"predecessor-version":[{"id":219,"href":"https:\/\/roan.junselebyar.se\/index.php?rest_route=\/wp\/v2\/posts\/209\/revisions\/219"}],"wp:attachment":[{"href":"https:\/\/roan.junselebyar.se\/index.php?rest_route=%2Fwp%2Fv2%2Fmedia&parent=209"}],"wp:term":[{"taxonomy":"category","embeddable":true,"href":"https:\/\/roan.junselebyar.se\/index.php?rest_route=%2Fwp%2Fv2%2Fcategories&post=209"},{"taxonomy":"post_tag","embeddable":true,"href":"https:\/\/roan.junselebyar.se\/index.php?rest_route=%2Fwp%2Fv2%2Ftags&post=209"}],"curies":[{"name":"wp","href":"https:\/\/api.w.org\/{rel}","templated":true}]}}