{"id":2110,"date":"2016-02-06T22:33:44","date_gmt":"2016-02-06T21:33:44","guid":{"rendered":"http:\/\/roan.junselebyar.se\/?p=2110"},"modified":"2016-02-06T22:56:34","modified_gmt":"2016-02-06T21:56:34","slug":"garelehojden-nasta","status":"publish","type":"post","link":"https:\/\/roan.junselebyar.se\/?p=2110","title":{"rendered":"G\u00e5releh\u00f6jden n\u00e4sta!"},"content":{"rendered":"<div id=\"attachment_2111\" style=\"width: 292px\" class=\"wp-caption alignnone\"><img loading=\"lazy\" decoding=\"async\" aria-describedby=\"caption-attachment-2111\" class=\"size-medium wp-image-2111\" title=\"Vindkraft p\u00e5 G\u00e5releh\u00f6jden\" src=\"http:\/\/roan.junselebyar.se\/nyheter\/wp-content\/uploads\/2016\/02\/g\u00e5releh\u00f6jden-282x640.jpg\" alt=\"Vindkraft p\u00e5 G\u00e5releh\u00f6jden\" width=\"282\" height=\"640\" srcset=\"https:\/\/roan.junselebyar.se\/nyheter\/wp-content\/uploads\/2016\/02\/g\u00e5releh\u00f6jden-282x640.jpg 282w, https:\/\/roan.junselebyar.se\/nyheter\/wp-content\/uploads\/2016\/02\/g\u00e5releh\u00f6jden.jpg 981w\" sizes=\"auto, (max-width: 282px) 100vw, 282px\" \/><p id=\"caption-attachment-2111\" class=\"wp-caption-text\">Vindkraft p\u00e5 G\u00e5releh\u00f6jden<\/p><\/div>\n<p>\u00a0<\/p>\n<p>Med denna lilla notis i tidningen Nord-Sverige blev vi varse att planerna p\u00e5 en vindindustri p\u00e5 H\u00f6gdarberget nu avancerar. Berget \u00e4r ju sedan l\u00e4nge (2011\/2012) utpekat som ett av 34 utredningsomr\u00e5den av intresse f\u00f6r sugna kolonisat\u00f6rer. Att n\u00e5got varit p\u00e5 g\u00e5ng en tid \u00e4r k\u00e4nt.<\/p>\n<p>\u00a0<\/p>\n<p>4-5\u00a0verk st\u00e5r det i notisen. D\u00e5 kommer det an p\u00e5 h\u00f6jden om det blir ett bygglovs\u00e4rende eller ett <strong>tillst\u00e5nds\u00e4rende<\/strong>. (=en stor anl\u00e4ggning som definieras som:<\/p>\n<p>1. Tv\u00e5 eller fler vindkraftverk som st\u00e5r tillsammans (gruppstation) och vart och ett av vindkraftverken inklusive rotorblad \u00e4r <strong>h\u00f6gre \u00e4n 150 meter,<\/strong><\/p>\n<p>2. Ett vindkraftverk som inklusive rotorblad \u00e4r h\u00f6gre \u00e4n 150 meter och st\u00e5r tillsammans med en s\u00e5dan gruppstation som avses i 1.)<\/p>\n<p>Tillst\u00e5nds\u00e4renden kr\u00e4ver en milj\u00f6konsekvensbeskrivning (MKB), som uppr\u00e4ttas av exploat\u00f6ren och pr\u00f6vning av l\u00e4nsstyrelsens milj\u00f6pr\u00f6vningsdelegation (MPD)<\/p>\n<p>MPD beg\u00e4r tillst\u00e5nd fr\u00e5n kommunen (det kommunala vetot). Detta \u00e4r i Sollefte\u00e5 kommun en ren formsak. Enligt g\u00e4llande laglig vindbruksplan (2008) f\u00e5r storskalig vindindustrialisering ej ske i s.k. utredningsomr\u00e5den som exempelvis H\u00f6gdarberget. Detta blev emellertid ett problem f\u00f6r kommunens vindstrateger, som d\u00e4rf\u00f6r i april 2013 sj\u00f6satte den s.k. \u201dV\u00e4gledningen\u201d i strid med till\u00e4mplig lagstiftning och det \u00e4r enligt denna \u201dV\u00e4gledning\u201d, som nu berg efter berg planeras med vindindustri. I Sverige sl\u00e5r vi oss ofta f\u00f6r br\u00f6stet och tycker att OJ, OJ, oJ, hur kan dom odla hektar efter hektar med oljepalm eller annan ensartad gr\u00f6da eller f\u00f6rst\u00f6ra enorma arealer med smutsig gruvverksamhet eller liknande f\u00f6reteelser, som begr\u00e4nsar och f\u00f6rst\u00f6r de boendes tillg\u00e5ng till sin omgivning. (=Land Grabbing) Men vad g\u00f6r vi sj\u00e4lva? Berg efter berg ockuperas av enorma vindkraftverk&#8212;&#8212;dessutom till INGEN NYTTA utom f\u00f6r exploat\u00f6rerna\/\u00e4garna.<\/p>\n<p>Nu \u00e4r det ju ingen mening med att sitta vid k\u00f6ksbordet och gn\u00e4lla. Det \u00e4r inte mycket vi vanliga d\u00f6dliga kan g\u00f6ra men vi kan i alla fall tala med v\u00e5ra valda ombud i KS och KF och undra vad dom h\u00e5ller p\u00e5 med, om makten f\u00f6rblindat dom eller om dom \u00e4r ena riktiga fegaschlen, som inte v\u00e5gar st\u00e5 upp f\u00f6r dom de representerar. Kommunalr\u00e5det, kommunplaneraren och n\u00e5gra till \u00e4r det d\u00e4remot fullst\u00e4ndigt l\u00f6nl\u00f6st att \u00f6dsla p\u00e4rlor p\u00e5.<\/p>\n<p>D\u00e4rut\u00f6ver kan man \u00f6verklaga till olika instanser. Det f\u00f6rdr\u00f6jer i alla fall el\u00e4ndet och under tiden kan man hoppas p\u00e5 att f\u00f6rnuft och vetenskapligt grundade argument f\u00e5r geh\u00f6r hos domstolar och milj\u00f6pr\u00f6vningsdelegationer.<\/p>\n<p>Den enda k\u00e4nda v\u00e5rdkasen i Junsele socken fanns uppe p\u00e5 toppen av H\u00f6gdarberget. D\u00e4r, h\u00f6gst uppe, syntes den vida omkring. Det l\u00e4r ju \u00e4ven vindkraftverken g\u00f6ra. Skall bli roligt att se vilken uppfinningsrikedom exploat\u00f6ren l\u00e4gger i dagen d\u00e5 fotoillustrationerna skall konstrueras.<\/p>\n<p>Till\u00e4ggas kan att omr\u00e5det \u00e4r Riksintresse Renn\u00e4ring.<\/p>\n<p>\u00a0hitta.se har en karttj\u00e4nst d\u00e4r man kan m\u00e4ta avst\u00e5nd. Om man g\u00f6r det s\u00e5 ser man att m\u00e5nga kommer att ber\u00f6ras av en vindindustrietablering p\u00e5 H\u00f6gdarberget.<\/p>\n<p>\/Tarabrita<\/p>\n","protected":false},"excerpt":{"rendered":"<p>\u00a0 Med denna lilla notis i tidningen Nord-Sverige blev vi varse att planerna p\u00e5 en vindindustri p\u00e5 H\u00f6gdarberget nu avancerar. Berget \u00e4r ju sedan l\u00e4nge (2011\/2012) utpekat som ett av 34 utredningsomr\u00e5den av intresse f\u00f6r sugna kolonisat\u00f6rer. Att n\u00e5got varit p\u00e5 g\u00e5ng en tid \u00e4r k\u00e4nt. \u00a0 4-5\u00a0verk st\u00e5r det i notisen. D\u00e5 kommer det [&hellip;]<\/p>\n","protected":false},"author":2,"featured_media":0,"comment_status":"open","ping_status":"open","sticky":false,"template":"","format":"standard","meta":{"footnotes":""},"categories":[3],"tags":[],"class_list":["post-2110","post","type-post","status-publish","format-standard","hentry","category-allmant"],"_links":{"self":[{"href":"https:\/\/roan.junselebyar.se\/index.php?rest_route=\/wp\/v2\/posts\/2110","targetHints":{"allow":["GET"]}}],"collection":[{"href":"https:\/\/roan.junselebyar.se\/index.php?rest_route=\/wp\/v2\/posts"}],"about":[{"href":"https:\/\/roan.junselebyar.se\/index.php?rest_route=\/wp\/v2\/types\/post"}],"author":[{"embeddable":true,"href":"https:\/\/roan.junselebyar.se\/index.php?rest_route=\/wp\/v2\/users\/2"}],"replies":[{"embeddable":true,"href":"https:\/\/roan.junselebyar.se\/index.php?rest_route=%2Fwp%2Fv2%2Fcomments&post=2110"}],"version-history":[{"count":4,"href":"https:\/\/roan.junselebyar.se\/index.php?rest_route=\/wp\/v2\/posts\/2110\/revisions"}],"predecessor-version":[{"id":2113,"href":"https:\/\/roan.junselebyar.se\/index.php?rest_route=\/wp\/v2\/posts\/2110\/revisions\/2113"}],"wp:attachment":[{"href":"https:\/\/roan.junselebyar.se\/index.php?rest_route=%2Fwp%2Fv2%2Fmedia&parent=2110"}],"wp:term":[{"taxonomy":"category","embeddable":true,"href":"https:\/\/roan.junselebyar.se\/index.php?rest_route=%2Fwp%2Fv2%2Fcategories&post=2110"},{"taxonomy":"post_tag","embeddable":true,"href":"https:\/\/roan.junselebyar.se\/index.php?rest_route=%2Fwp%2Fv2%2Ftags&post=2110"}],"curies":[{"name":"wp","href":"https:\/\/api.w.org\/{rel}","templated":true}]}}