{"id":2120,"date":"2016-02-26T15:23:46","date_gmt":"2016-02-26T14:23:46","guid":{"rendered":"http:\/\/roan.junselebyar.se\/?p=2120"},"modified":"2016-02-26T15:29:20","modified_gmt":"2016-02-26T14:29:20","slug":"nu-far-det-vara-nog","status":"publish","type":"post","link":"https:\/\/roan.junselebyar.se\/?p=2120","title":{"rendered":"Nu f\u00e5r det vara nog"},"content":{"rendered":"<div><span style=\"font-family: LiberationSerif;\"><\/span><\/div>\n<p>\u00a0<\/p>\n<p><span style=\"font-family: LiberationSerif;\"><\/p>\n<p align=\"left\">\u00a0<\/p>\n<p align=\"left\">I dag kunde man i Tidningen \u00c5ngermanland l\u00e4sa en mycket bra ins\u00e4ndare av Petter Olsson, N\u00e4s\u00e5ker:<\/p>\n<p align=\"left\">&#8220;Sollefte\u00e5 kommun antog 2008 en f\u00f6rdjupad \u00f6versiktsplan (F\u00d6P) som lade upp riktlinjerna f\u00f6r vindkraftsutbyggnaden i kommunen. Tio omr\u00e5den pekades ut som l\u00e4mpliga f\u00f6r storskalig drift (mer \u00e4n sju verk). Omr\u00e5dena ligger i kommunens ytterkanter och beskrivs som konfliktfria. Potentialen bed\u00f6mdes till 1000-1500 verk. L\u00e4nsstyrelsens m\u00e5l f\u00f6r hela l\u00e4net var cirka 600 verk.<\/p>\n<p align=\"left\">Men vindkraftsf\u00f6respr\u00e5karna i kommunen var inte n\u00f6jda. Drygt ett \u00e5r efter att F\u00d6P antagits inleddes diskussioner med f\u00f6retaget Kabeko Kraft om en utredning av vindf\u00f6ruts\u00e4ttningarna i omr\u00e5den UTANF\u00d6R de tio konfliktfria ytorna. I april 2011 presenterade Kabeko 54 omr\u00e5den med plats f\u00f6r ytterligare cirka 500 vindkraftverk. Tre av de f\u00f6reslagna markomr\u00e5dena visar sig ligga i n\u00e4rheten av Fj\u00e4llsj\u00f6\u00e4lvens dalg\u00e5ng \u2013 ett omr\u00e5de som F\u00d6P 2008 pekat ut som ol\u00e4mpligt f\u00f6r<br \/>\nutbyggnad med h\u00e4nsyn till omr\u00e5dets unika landskapsbild.<\/p>\n<p align=\"left\">Varf\u00f6r lade kommunen ner 191000 kronor p\u00e5 Kabekoutredningen? Det fanns redan underlag (F\u00d6P) som visade p\u00e5 m\u00f6jligheten att inom de ursprungliga tio omr\u00e5dena med r\u00e5ge tillfredst\u00e4lla l\u00e4nsstyrelsens m\u00e5l f\u00f6r hela V\u00e4sternorrland. Bara den som kan avl\u00e4sa det som sagts och gjorts inom den inofficiella gr\u00e5zonen i kommunens korridorer vet svaret.<\/p>\n<p align=\"left\">Under 2011 offentligg\u00f6rs den ena projektplanen efter den andra. Kabekos styrelseordf\u00f6rande 2009 visar sig sedemera vara \u00e4garen till de f\u00f6retag som ligger bakom projekteringen av bland annat de tre ovan n\u00e4mnda parkerna i Fj\u00e4llsj\u00f6\u00e4lvens n\u00e4rhet. Hur v\u00e5gade han redan 2010-2011 b\u00f6rja projekterastorskaliga anl\u00e4ggningar i dessa omr\u00e5den? Det formella beslutet som m\u00f6jliggjorde storskaliga parker i andra omr\u00e5den \u00e4n de tio utpekade togs inte f\u00f6rr\u00e4n 2013.<\/p>\n<p align=\"left\">Hur t\u00e4nkte egentligen de kommunpolitiker som r\u00f6stade ja till Ranasj\u00f6h\u00f6jdens vindpark (drygt 40 verk) mellan Ramsele-Forsn\u00e4s-Sundmo? Gl\u00f6mde ni bort vad ni beslutat 2008? Varf\u00f6r sade ni 2013 ja till det s\u00e5 kallade v\u00e4gledningsbeslutet som satte stopp f\u00f6r medborgarnas m\u00f6jligheter att p\u00e5verka sin livsmilj\u00f6? Varf\u00f6r v\u00e4rnade ni inte den landskapsbild ni sj\u00e4lva definierat som v\u00e4rdefull? Varf\u00f6r tog ni inte h\u00e4nsyn till rapporterna om allvarliga st\u00f6rningar orsakade av det l\u00e5gfrekventa bullret? Ni gjorde ju inte ert jobb \u2013 l\u00e4ste p\u00e5 och t\u00e4nkte sj\u00e4lva!<\/p>\n<p align=\"left\">\u00c4nnu finns m\u00f6jlighet att agera p\u00e5 ett anst\u00e4ndigt och h\u00e4nsynsfullt s\u00e4tt. Gl\u00f6m partif\u00e4rg, sl\u00e4pp prestige och gamla l\u00e5sningar. L\u00e4s p\u00e5 om bullerproblematiken och anv\u00e4nd ert politiska inflytande f\u00f6r att st\u00f6dja kravet p\u00e5 ett moratorium (paus) f\u00f6r ny tillst\u00e5ndsgivning av vindkraft i kommunen. Verka f\u00f6r inhibition (uppskjuten verkst\u00e4llighet) av redan beviljade tillst\u00e5nd. Media har rapporterat om planer<br \/>\np\u00e5 ytterligare parker i kommunens v\u00e4stra omr\u00e5de (G\u00e5releh\u00f6jden). Nej! Det r\u00e4cker nu&#8230;<\/p>\n<div><strong><span style=\"font-family: LiberationSerif-Bold;\"><strong><span style=\"font-family: LiberationSerif-Bold;\">\u00a0<\/span><\/strong><\/span><\/strong><\/div>\n<p><strong><span style=\"font-family: LiberationSerif-Bold;\"><strong><span style=\"font-family: LiberationSerif-Bold;\"><\/p>\n<p align=\"left\">Avslutningsvis<\/p>\n<p>\u00a0<\/p>\n<p><\/span><\/strong><\/span><\/strong><\/p>\n<p align=\"left\"><span style=\"font-family: LiberationSerif;\">\u2013 \u00e4gandet av parkerna kommer till stor del att ligga hos stora internationella f\u00f6retag\u00a0eller institutioner. Sidensj\u00f6 vindpark \u00e4gs av miljonstaden M\u00fcnchen. Tyska och spanska intressen ligger bakom planerna p\u00e5 ett flertal andra parker i Sollefte\u00e5 kommun.<\/span><\/p>\n<p align=\"left\"><span style=\"font-family: LiberationSerif;\">Ska denna vindkraftsutbyggnad som en g\u00e5ng s\u00e5g s\u00e5 f\u00f6rnuftig ut bli v\u00e5r tids version av kolonialism i<br \/>\nNorrlands inland \u2013 kolonialism 3.0?&#8221;<\/span><\/p>\n<div><span style=\"font-family: LiberationSerif;\">\u00a0<\/span><\/div>\n<p><span style=\"font-family: LiberationSerif;\">\u00a0<\/p>\n<p><\/span><\/span><\/p>\n<p><span style=\"font-family: LiberationSerif;\"><strong>\u00a0<\/strong><\/span><\/p>\n<div><span style=\"font-family: LiberationSerif-Bold;\"><span style=\"font-family: LiberationSerif-Bold;\">\u00a0<\/span><\/span><strong><span style=\"font-family: LiberationSerif-Bold;\"><span style=\"font-family: LiberationSerif-Bold;\"><\/span><\/span><span style=\"font-family: LiberationSerif;\">Sollefte\u00e5 kommun och Kabeko har erbjudits ett svar, vilket avb\u00f6jts<\/span><\/p>\n<p>\u00a0<\/p>\n<p>Man kan undra varf\u00f6r!!!!!!<\/p>\n<p>\u00a0<\/p>\n<p>\u00a0<\/p>\n<p><\/strong><\/div>\n","protected":false},"excerpt":{"rendered":"<p>\u00a0 \u00a0 I dag kunde man i Tidningen \u00c5ngermanland l\u00e4sa en mycket bra ins\u00e4ndare av Petter Olsson, N\u00e4s\u00e5ker: &#8220;Sollefte\u00e5 kommun antog 2008 en f\u00f6rdjupad \u00f6versiktsplan (F\u00d6P) som lade upp riktlinjerna f\u00f6r vindkraftsutbyggnaden i kommunen. Tio omr\u00e5den pekades ut som l\u00e4mpliga f\u00f6r storskalig drift (mer \u00e4n sju verk). Omr\u00e5dena ligger i kommunens ytterkanter och beskrivs som [&hellip;]<\/p>\n","protected":false},"author":2,"featured_media":0,"comment_status":"open","ping_status":"open","sticky":false,"template":"","format":"standard","meta":{"footnotes":""},"categories":[3],"tags":[],"class_list":["post-2120","post","type-post","status-publish","format-standard","hentry","category-allmant"],"_links":{"self":[{"href":"https:\/\/roan.junselebyar.se\/index.php?rest_route=\/wp\/v2\/posts\/2120","targetHints":{"allow":["GET"]}}],"collection":[{"href":"https:\/\/roan.junselebyar.se\/index.php?rest_route=\/wp\/v2\/posts"}],"about":[{"href":"https:\/\/roan.junselebyar.se\/index.php?rest_route=\/wp\/v2\/types\/post"}],"author":[{"embeddable":true,"href":"https:\/\/roan.junselebyar.se\/index.php?rest_route=\/wp\/v2\/users\/2"}],"replies":[{"embeddable":true,"href":"https:\/\/roan.junselebyar.se\/index.php?rest_route=%2Fwp%2Fv2%2Fcomments&post=2120"}],"version-history":[{"count":3,"href":"https:\/\/roan.junselebyar.se\/index.php?rest_route=\/wp\/v2\/posts\/2120\/revisions"}],"predecessor-version":[{"id":2122,"href":"https:\/\/roan.junselebyar.se\/index.php?rest_route=\/wp\/v2\/posts\/2120\/revisions\/2122"}],"wp:attachment":[{"href":"https:\/\/roan.junselebyar.se\/index.php?rest_route=%2Fwp%2Fv2%2Fmedia&parent=2120"}],"wp:term":[{"taxonomy":"category","embeddable":true,"href":"https:\/\/roan.junselebyar.se\/index.php?rest_route=%2Fwp%2Fv2%2Fcategories&post=2120"},{"taxonomy":"post_tag","embeddable":true,"href":"https:\/\/roan.junselebyar.se\/index.php?rest_route=%2Fwp%2Fv2%2Ftags&post=2120"}],"curies":[{"name":"wp","href":"https:\/\/api.w.org\/{rel}","templated":true}]}}