{"id":2128,"date":"2016-03-21T07:30:02","date_gmt":"2016-03-21T06:30:02","guid":{"rendered":"http:\/\/roan.junselebyar.se\/?p=2128"},"modified":"2016-03-21T09:42:11","modified_gmt":"2016-03-21T08:42:11","slug":"grattis-sorsele","status":"publish","type":"post","link":"https:\/\/roan.junselebyar.se\/?p=2128","title":{"rendered":"GRATTIS SORSELE!"},"content":{"rendered":"<p>Nej-sidan vann \u00f6vertygande i g\u00e5rdagens vindkraftomr\u00f6stning i Sorsele. Valdeltagandet var h\u00f6gt, hela 62.5 %, vilket \u00e4r ovanligt vid s\u00e5dana h\u00e4r lokala folkomr\u00f6stningar. Omr\u00f6stningen var r\u00e5dgivande men pga av det h\u00f6ga valdeltagandet anses det vara sv\u00e5rt att g\u00e5 f\u00f6rbi. Detta var Sveriges andra vindkraftomr\u00f6stning Den f\u00f6rsta \u00e4gde rum 2002 i Skurup, Sk\u00e5ne. \u00c4ven d\u00e5 blev det ett NEJ.<\/p>\n<p>Tidningen \u00c5ngermanland, kommunhusfundamentalisternas och vindindustrins megafon,\u00a0har i skrivande stund (9.00 ) dagen efter folkomr\u00f6stningen ingenting om detta. Men vill man ha\u00a0information kan man lyssna p\u00e5\u00a0nyheter och g\u00e5 in p\u00e5 andra tidningar ex. V\u00e4sterbottens Folkblad, som redan 21.41 i g\u00e5r publicerade resultatet<\/p>\n<p><a href=\"http:\/\/www.folkbladet.nu\/1581592\/sorsele-sager-nej-till-vindkraft\">www.folkbladet.nu\/1581592\/sorsele-sager-nej-till-vindkraft<\/a><\/p>\n<p>N\u00e4r skall T\u00c5 sluta upp med att oh\u00f6ljt och skaml\u00f6st agera PR-organ f\u00f6r vindkraftmaffian i Sollefte\u00e5 kommunhus\u00a0och vindindustrin? N\u00e4r skall T\u00c5 g\u00f6ra ett \u00e4rligt f\u00f6rs\u00f6k att opartiskt skildra vindkraftoffrens situation? Varf\u00f6r skall man \u00f6verhuvudtaget prenumerera p\u00e5 en tidning, som inte lever upp till ens en miniminiv\u00e5 p\u00e5 opartiskhet?\u00a0\u00c4r det annonsint\u00e4kterna som &#8220;korrumperar&#8221;?<\/p>\n<p><strong>S\u00e5 Grattis \u00e4n en g\u00e5ng till F\u00f6rnuftets och Milj\u00f6h\u00e4nsynens seger \u00f6ver Girigheten och D\u00e5rskapen!!!!<\/strong><\/p>\n<p>\/Tarabrita<\/p>\n","protected":false},"excerpt":{"rendered":"<p>Nej-sidan vann \u00f6vertygande i g\u00e5rdagens vindkraftomr\u00f6stning i Sorsele. Valdeltagandet var h\u00f6gt, hela 62.5 %, vilket \u00e4r ovanligt vid s\u00e5dana h\u00e4r lokala folkomr\u00f6stningar. Omr\u00f6stningen var r\u00e5dgivande men pga av det h\u00f6ga valdeltagandet anses det vara sv\u00e5rt att g\u00e5 f\u00f6rbi. Detta var Sveriges andra vindkraftomr\u00f6stning Den f\u00f6rsta \u00e4gde rum 2002 i Skurup, Sk\u00e5ne. \u00c4ven d\u00e5 blev det [&hellip;]<\/p>\n","protected":false},"author":2,"featured_media":0,"comment_status":"open","ping_status":"open","sticky":false,"template":"","format":"standard","meta":{"footnotes":""},"categories":[3],"tags":[],"class_list":["post-2128","post","type-post","status-publish","format-standard","hentry","category-allmant"],"_links":{"self":[{"href":"https:\/\/roan.junselebyar.se\/index.php?rest_route=\/wp\/v2\/posts\/2128","targetHints":{"allow":["GET"]}}],"collection":[{"href":"https:\/\/roan.junselebyar.se\/index.php?rest_route=\/wp\/v2\/posts"}],"about":[{"href":"https:\/\/roan.junselebyar.se\/index.php?rest_route=\/wp\/v2\/types\/post"}],"author":[{"embeddable":true,"href":"https:\/\/roan.junselebyar.se\/index.php?rest_route=\/wp\/v2\/users\/2"}],"replies":[{"embeddable":true,"href":"https:\/\/roan.junselebyar.se\/index.php?rest_route=%2Fwp%2Fv2%2Fcomments&post=2128"}],"version-history":[{"count":6,"href":"https:\/\/roan.junselebyar.se\/index.php?rest_route=\/wp\/v2\/posts\/2128\/revisions"}],"predecessor-version":[{"id":2130,"href":"https:\/\/roan.junselebyar.se\/index.php?rest_route=\/wp\/v2\/posts\/2128\/revisions\/2130"}],"wp:attachment":[{"href":"https:\/\/roan.junselebyar.se\/index.php?rest_route=%2Fwp%2Fv2%2Fmedia&parent=2128"}],"wp:term":[{"taxonomy":"category","embeddable":true,"href":"https:\/\/roan.junselebyar.se\/index.php?rest_route=%2Fwp%2Fv2%2Fcategories&post=2128"},{"taxonomy":"post_tag","embeddable":true,"href":"https:\/\/roan.junselebyar.se\/index.php?rest_route=%2Fwp%2Fv2%2Ftags&post=2128"}],"curies":[{"name":"wp","href":"https:\/\/api.w.org\/{rel}","templated":true}]}}