{"id":2137,"date":"2016-04-23T19:55:58","date_gmt":"2016-04-23T17:55:58","guid":{"rendered":"http:\/\/roan.junselebyar.se\/?p=2137"},"modified":"2016-04-23T20:05:46","modified_gmt":"2016-04-23T18:05:46","slug":"protester-mot-ssvabs-nya-vindkraftsbeslut-och-stora-ljudstorningar","status":"publish","type":"post","link":"https:\/\/roan.junselebyar.se\/?p=2137","title":{"rendered":"Protester mot SSVAB:s nya vindkraftsbeslut och stora ljudst\u00f6rningar"},"content":{"rendered":"<p>P\u00e5 <a href=\"http:\/\/snurrigt.vildavastra.se\/?p=4309\" target=\"_blank\">Snurrigs hemsida<\/a>\u00a0finns den senaste informationen om SSVAB:s nya vindkraftplaner.<\/p>\n<p>Boende kring vindkraftsparkerna i gr\u00e4nstrakterna kring Str\u00f6msund, Ragunda och Sollefte\u00e5 reagerar starkt \u00f6ver det buller de upplever. Nu vill dessutom SSVAB \u00f6ka h\u00f6jden p\u00e5 planerade vindkraftverk fr\u00e5n 170 till 220 meter. Betr\u00e4ffande Bj\u00f6rkh\u00f6jden\u2013Bj\u00f6rkvattnet p\u00e5 mark i Ragunda och Sollefte\u00e5s kommuner s\u00e5 har Sollefte\u00e5 kommun redan sagt ja till 220 meter med kommunalr\u00e5det E. <a href=\"http:\/\/roan.junselebyar.se\/?p=2063\" target=\"_blank\">Lassens osannolikt h\u00e4pnadsv\u00e4ckande motivering <\/a>att:\u00a0<\/p>\n<p><em>\u201c\u2026..\u00a0och vi har som m\u00e5nga anser d\u00e5\u00a0 f\u00f6rst\u00f6rt\u00a0delar av naturen\u2026..\u201d<\/em><\/p>\n<p>Det str\u00f6mmar nu in m\u00e4ngder av rapporter om hur m\u00e4nniskor st\u00f6rs av vindkraftsljud.\u00a0\u00a0Inl\u00e4gget p\u00e5 &#8220;Snurrigt&#8221; inneh\u00e5ller mycket information och m\u00e5nga\u00a0intressanta l\u00e4nkar. L\u00e4s dem!!!!\u00a0Det \u00e4r verkligen skr\u00e4mmande hur m\u00e4nniskor behandlas, hur deras livsf\u00f6ruts\u00e4ttningar f\u00f6r\u00e4ndras utan att man har tillr\u00e4ckligt med kunskap. Chanstagningar. Vore b\u00e4ttre f\u00f6r de drabbade\u00a0om de\u00a0\u00a0vore kungs\u00f6rnar eller s\u00e4llsynta fladderm\u00f6ss eller m\u00f6jligen skrovliga flatbaggar.<\/p>\n<p>F\u00f6r att &#8220;r\u00e4dda klimatet&#8221;, &#8220;r\u00e4dda v\u00e4rlden&#8221; f\u00f6rst\u00f6r vi i snabb takt milj\u00f6n f\u00f6r\u00a0v\u00e4xter, m\u00e4nniskor och andra djur. F\u00f6r det kan v\u00e4l inte vara f\u00f6r att kapitalister skall f\u00e5 berika sig?<\/p>\n<p>Men, som redan konstaterats, om vindkraftens avigsidor skriver inte T\u00c5. T\u00c5 g\u00e5r vindindustrins och Sollefte\u00e5 kommuns \u00e4rende. D\u00e4rf\u00f6r har jag sagt upp T\u00c5!<\/p>\n<p>\/Tarabrita<\/p>\n","protected":false},"excerpt":{"rendered":"<p>P\u00e5 Snurrigs hemsida\u00a0finns den senaste informationen om SSVAB:s nya vindkraftplaner. Boende kring vindkraftsparkerna i gr\u00e4nstrakterna kring Str\u00f6msund, Ragunda och Sollefte\u00e5 reagerar starkt \u00f6ver det buller de upplever. Nu vill dessutom SSVAB \u00f6ka h\u00f6jden p\u00e5 planerade vindkraftverk fr\u00e5n 170 till 220 meter. Betr\u00e4ffande Bj\u00f6rkh\u00f6jden\u2013Bj\u00f6rkvattnet p\u00e5 mark i Ragunda och Sollefte\u00e5s kommuner s\u00e5 har Sollefte\u00e5 kommun redan [&hellip;]<\/p>\n","protected":false},"author":2,"featured_media":0,"comment_status":"open","ping_status":"open","sticky":false,"template":"","format":"standard","meta":{"footnotes":""},"categories":[3],"tags":[],"class_list":["post-2137","post","type-post","status-publish","format-standard","hentry","category-allmant"],"_links":{"self":[{"href":"https:\/\/roan.junselebyar.se\/index.php?rest_route=\/wp\/v2\/posts\/2137","targetHints":{"allow":["GET"]}}],"collection":[{"href":"https:\/\/roan.junselebyar.se\/index.php?rest_route=\/wp\/v2\/posts"}],"about":[{"href":"https:\/\/roan.junselebyar.se\/index.php?rest_route=\/wp\/v2\/types\/post"}],"author":[{"embeddable":true,"href":"https:\/\/roan.junselebyar.se\/index.php?rest_route=\/wp\/v2\/users\/2"}],"replies":[{"embeddable":true,"href":"https:\/\/roan.junselebyar.se\/index.php?rest_route=%2Fwp%2Fv2%2Fcomments&post=2137"}],"version-history":[{"count":5,"href":"https:\/\/roan.junselebyar.se\/index.php?rest_route=\/wp\/v2\/posts\/2137\/revisions"}],"predecessor-version":[{"id":2139,"href":"https:\/\/roan.junselebyar.se\/index.php?rest_route=\/wp\/v2\/posts\/2137\/revisions\/2139"}],"wp:attachment":[{"href":"https:\/\/roan.junselebyar.se\/index.php?rest_route=%2Fwp%2Fv2%2Fmedia&parent=2137"}],"wp:term":[{"taxonomy":"category","embeddable":true,"href":"https:\/\/roan.junselebyar.se\/index.php?rest_route=%2Fwp%2Fv2%2Fcategories&post=2137"},{"taxonomy":"post_tag","embeddable":true,"href":"https:\/\/roan.junselebyar.se\/index.php?rest_route=%2Fwp%2Fv2%2Ftags&post=2137"}],"curies":[{"name":"wp","href":"https:\/\/api.w.org\/{rel}","templated":true}]}}