{"id":2152,"date":"2016-05-24T22:07:11","date_gmt":"2016-05-24T20:07:11","guid":{"rendered":"http:\/\/roan.junselebyar.se\/?p=2152"},"modified":"2016-05-24T22:30:44","modified_gmt":"2016-05-24T20:30:44","slug":"mobilisering","status":"publish","type":"post","link":"https:\/\/roan.junselebyar.se\/?p=2152","title":{"rendered":"Mobilisering"},"content":{"rendered":"<div><span style=\"font-family: LiberationSerif;\">\u00a0<\/span>Beslutet att till\u00e5ta Ranasj\u00f6 vindkraftspark har v\u00e4ckt stor f\u00f6rst\u00e4mning och oro bland befolkningen i n\u00e4rliggande byar och i samh\u00e4llet Ramsele. Det finns en stark vilja att bidra till att detta beslut upph\u00e4vs, vilket blir mycket p\u00e5tagligt n\u00e4r det visar sig att de flesta av m\u00e4nniskorna i byarna, som ligger 1-4 km fr\u00e5n fr\u00e5n de planerade verken, skriver p\u00e5 namnlistor f\u00f6r att st\u00f6dja ett \u00f6verklagande till h\u00f6gre instans. Som exempel kan n\u00e4mnas att i Imn\u00e4s \u00e4r det i princip 100% deltagande. I dagarna skickas en \u00f6verklagan in till Mark och Milj\u00f6domstolen i \u00d6stersund med 120 st. namnunderskrifter. M\u00e5nga fler har anm\u00e4lt sitt intresse men ur logistisk synpunkt hinns det inte med att f\u00e5 de fysiska underskrifter som kr\u00e4vs. M\u00e5nga fr\u00e5n byarna i n\u00e4rheten av N\u00e4s\u00e5ker vill ocks\u00e5 \u00f6verklaga eftersom den n\u00e4rliggande vindparken Salsj\u00f6 ihop med Ranasj\u00f6 (tot 65 snurror), som vindkraftsexploat\u00f6ren Flodin( numera boende i N\u00e4s\u00e5ker) vill bygga, kommer att totalt f\u00f6r\u00e4ndra milj\u00f6n.\u00a0\u00a0<\/div>\n<p align=\"left\">Att till\u00e5ta Ranasj\u00f6projektet strider ju emot kommunens g\u00e4llande <strong><span style=\"font-family: LiberationSerif-Bold;\">lagliga <\/span><\/strong><span style=\"font-family: LiberationSerif;\">vindkraftplan fr\u00e5n 2008. Jag v\u00e4ljer d\u00e4rf\u00f6r att nu l\u00e4gga ut ett mailsvar, som jag f\u00e5tt i denna fr\u00e5ga.<\/span>\u00a0<\/p>\n<p><span style=\"font-family: LiberationSerif;\">Min fr\u00e5ga till Stina Pettersson var om l\u00e4nsstyrelsen visste vad som h\u00e4nde med vindkraften i Sollefte\u00e5 kommun d\u00e5, n\u00e4r det begav sig, d\u00e5 2012-2013, n\u00e4r demokratin \u00e5sidosattes.<\/span><\/p>\n<p align=\"left\">Min fr\u00e5ga:<\/p>\n<p align=\"left\"><span style=\"color: #0000ff;\">\u201dS\u00e5 vad h\u00e4nde mellan 5\/3 och 22\/5?<\/span><\/p>\n<p align=\"left\"><span style=\"color: #0000ff;\">Fr\u00e5n \u201dsamr\u00e5d s\u00e5 att alla kan f\u00e5 tycka till\u201d till en vindplan som fordrade ett djupt odemokratiskt genomdrivande av olaglig \u201dV\u00e4gledning\u201d f\u00f6r att legitimera storskalig vindkraft i utredningsomr\u00e5dena\u201d<\/span><\/p>\n<p align=\"left\"><span style=\"color: #800080;\">Hej igen Brita,<br \/>\nL\u00e4nsstyrelsen kan inte styra en kommuns hantering av en viss planeringsfr\u00e5ga i en<br \/>\n\u00f6versiktsplaneprocess. Kommunen har planmonopol och l\u00e4nsstyrelsen har inga<br \/>\nsanktionsm\u00f6jligheter om kommunen g\u00f6r p\u00e5 annat s\u00e4tt \u00e4n vi finner l\u00e4mpligt. <span style=\"text-decoration: underline;\">I det h\u00e4r fallet har l\u00e4nsstyrelsen p\u00e5pekat att vi tycker att det vore bra att se \u00f6ver vindkraftomr\u00e5dena i sitt sammanhang med andra planeringsfr\u00e5gor, dvs i arbetet med den kommunomfattande \u00f6versiktsplanen.<\/span> Du skriver att enligt kommunstyrelsens beslut 2012-06-12 s\u00e5 avbr\u00f6t man revideringen och utg\u00e5r nu fr\u00e5n vindkraftplanen fr\u00e5n 2008. <strong>Som jag f\u00f6rst\u00e5r det har denna d\u00e4rf\u00f6r fortfarande en h\u00f6gre r\u00e4ttslig status i ett milj\u00f6pr\u00f6vnings\u00e4rende \u00e4n vad en v\u00e4gledning har.<\/strong><br \/>\nV\u00e4nliga h\u00e4lsningar<br \/>\nStina<br \/>\n<\/span>Stina Pettersson<br \/>\nBitr.enhetschef samh\u00e4llsbyggnadsenheten<br \/>\nL\u00e4nsstyrelen V\u00e4sternorrland<\/p>\n<p align=\"left\">F\u00f6rst ett stort Tack f\u00f6r svar. Har f\u00e5tt fler tydliga svar fr\u00e5n Stina Pettersson tidigare. I detta sammanhang kan man undra varf\u00f6r den nya \u00f6versktsplanen dr\u00f6jer. Den skulle ju ut nu i v\u00e5r. Kan det vara s\u00e5 att l\u00e4nsstyrelsen reagerat mot att kommunstrategerna inte vill ha med vindkraften? De tyckte ju att vi, som deltog i medborgardialogernas klistralapparlek, skulle l\u00e5tsas som om vi befinner oss i en vindkraftfri kommun och l\u00e5tsasplanera d\u00e4refter.<\/p>\n<p align=\"left\">\/Tarabrita<\/p>\n","protected":false},"excerpt":{"rendered":"<p>\u00a0Beslutet att till\u00e5ta Ranasj\u00f6 vindkraftspark har v\u00e4ckt stor f\u00f6rst\u00e4mning och oro bland befolkningen i n\u00e4rliggande byar och i samh\u00e4llet Ramsele. Det finns en stark vilja att bidra till att detta beslut upph\u00e4vs, vilket blir mycket p\u00e5tagligt n\u00e4r det visar sig att de flesta av m\u00e4nniskorna i byarna, som ligger 1-4 km fr\u00e5n fr\u00e5n de planerade [&hellip;]<\/p>\n","protected":false},"author":2,"featured_media":0,"comment_status":"open","ping_status":"open","sticky":false,"template":"","format":"standard","meta":{"footnotes":""},"categories":[3],"tags":[],"class_list":["post-2152","post","type-post","status-publish","format-standard","hentry","category-allmant"],"_links":{"self":[{"href":"https:\/\/roan.junselebyar.se\/index.php?rest_route=\/wp\/v2\/posts\/2152","targetHints":{"allow":["GET"]}}],"collection":[{"href":"https:\/\/roan.junselebyar.se\/index.php?rest_route=\/wp\/v2\/posts"}],"about":[{"href":"https:\/\/roan.junselebyar.se\/index.php?rest_route=\/wp\/v2\/types\/post"}],"author":[{"embeddable":true,"href":"https:\/\/roan.junselebyar.se\/index.php?rest_route=\/wp\/v2\/users\/2"}],"replies":[{"embeddable":true,"href":"https:\/\/roan.junselebyar.se\/index.php?rest_route=%2Fwp%2Fv2%2Fcomments&post=2152"}],"version-history":[{"count":12,"href":"https:\/\/roan.junselebyar.se\/index.php?rest_route=\/wp\/v2\/posts\/2152\/revisions"}],"predecessor-version":[{"id":2154,"href":"https:\/\/roan.junselebyar.se\/index.php?rest_route=\/wp\/v2\/posts\/2152\/revisions\/2154"}],"wp:attachment":[{"href":"https:\/\/roan.junselebyar.se\/index.php?rest_route=%2Fwp%2Fv2%2Fmedia&parent=2152"}],"wp:term":[{"taxonomy":"category","embeddable":true,"href":"https:\/\/roan.junselebyar.se\/index.php?rest_route=%2Fwp%2Fv2%2Fcategories&post=2152"},{"taxonomy":"post_tag","embeddable":true,"href":"https:\/\/roan.junselebyar.se\/index.php?rest_route=%2Fwp%2Fv2%2Ftags&post=2152"}],"curies":[{"name":"wp","href":"https:\/\/api.w.org\/{rel}","templated":true}]}}