{"id":2165,"date":"2016-05-29T08:34:30","date_gmt":"2016-05-29T06:34:30","guid":{"rendered":"http:\/\/roan.junselebyar.se\/?p=2165"},"modified":"2016-05-29T08:55:45","modified_gmt":"2016-05-29T06:55:45","slug":"sa-hotar-ranasjo-vindindustri-en-familjs-framtid","status":"publish","type":"post","link":"https:\/\/roan.junselebyar.se\/?p=2165","title":{"rendered":"S\u00e5 hotar Ranasj\u00f6 vindindustri en familjs framtid"},"content":{"rendered":"<div><span style=\"font-family: LiberationSerif;\"><span style=\"font-family: LiberationSerif;\">\u00a0<\/span><\/span><\/div>\n<div><span style=\"font-family: LiberationSerif;\"><span style=\"font-family: LiberationSerif;\">\u00a0<\/span><\/span><\/div>\n<div><span style=\"font-family: LiberationSerif;\"><span style=\"font-family: LiberationSerif;\">\u00a0<\/span><\/span><\/div>\n<div><span style=\"font-family: LiberationSerif;\"><span style=\"font-family: LiberationSerif;\"><\/span><\/span><\/div>\n<p>\u00a0<\/p>\n<p><span style=\"font-family: LiberationSerif;\"><span style=\"font-family: LiberationSerif;\"><\/p>\n<p align=\"left\">Sollefte\u00e5 kommun och Milj\u00f6pr\u00f6vningsdelegationens godk\u00e4nnande av Flodins vindindustrier Salsj\u00f6 och Ranasj\u00f6 har skett mot 2008 \u00e5rs lagenliga vindbruksplan f\u00f6r Sollefte\u00e5 kommun. Det har motiverats med den sk \u201dv\u00e4gledningen\u201d trots att l\u00e4nsstyrelsen anser att den riktiga planen(2008) har <span style=\"font-family: LiberationSerif-Bold; color: #810081;\"><span style=\"font-family: LiberationSerif-Bold;\"><span style=\"color: #000000;\">\u201den h\u00f6gre r\u00e4ttslig status i ett milj\u00f6pr\u00f6vnings\u00e4rende \u00e4n vad en v\u00e4gledning har.\u201d<\/span><\/span><\/span><\/p>\n<p><\/span><\/span><\/p>\n<div><span style=\"font-family: LiberationSerif;\"><\/span><\/div>\n<p>\u00a0<\/p>\n<p><span style=\"font-family: LiberationSerif;\"><\/p>\n<p align=\"left\">F\u00f6r att konkretisera hur h\u00e5rt dessa exploateringar kommer att drabba lokalbefolkningen l\u00e4gger R\u00f6\u00e5ns Hemsida nu ut skildringen av ett i raden av m\u00e5nga tragedier:\u00a0\u00a0\u00a0\u00a0<\/p>\n<div><span style=\"font-family: Calibri; font-size: small;\"><span style=\"font-family: Calibri; font-size: small;\"><\/span><\/span><\/div>\n<p>\u00a0<\/p>\n<p><\/span><span style=\"font-family: Calibri; font-size: small;\"><span style=\"font-family: Calibri; font-size: small;\"><\/p>\n<p align=\"left\"><span style=\"color: #000080;\">M<\/span><span style=\"color: #000080;\">in bostad kommer att hamna 1,4 km fr\u00e5n de n\u00e4rmaste snurrorna. Min fru och jag \u00e4r starkt medvetna om att vi inte kan bo kvar om vindkraftverken byggs. Vi k\u00e4nner en oerh\u00f6rd sorg \u00f6ver att den plats vi skapat f\u00f6r att \u00e5ldras p\u00e5 blir obeboelig. Kortsiktiga intressen raserar det vi skapat f\u00f6r oss sj\u00e4lva och framtida generationer \u2013 det som idag \u00e4r v\u00e5rt hem riskerar att bli en \u00f6detomt.<\/span><\/p>\n<p align=\"left\"><span style=\"color: #000080;\">Min gl\u00e4dje var stor n\u00e4r min son och hans familj flyttade in i f\u00e4derneg\u00e5rden. Gl\u00e4djen byttes till sorg n\u00e4r vi uppt\u00e4ckte att g\u00e5rden ligger 1 km fr\u00e5n n\u00e4rmaste snurrorna (inflyttning skedde 3 m\u00e5nader innan <\/span><span style=\"color: #000080;\">samr\u00e5dsm\u00f6tet 2011-11-30). Under ett antal \u00e5r f\u00f6re inflyttningen och efter inflyttningen har dom lagt ner stora pengar och skuldsatt sig f\u00f6r att f\u00e5 g\u00e5rden i bra skick. De har f\u00e5tt tv\u00e5 sm\u00e5 flickor som nu \u00e4r 1 och 3 \u00e5r gamla. Min son \u00e4r femte generationen i rakt nerstigande led som bosatt sig d\u00e4r och hans flickor \u00e4r\u00a0d\u00e4rmed sj\u00e4tte generationen. Alla som vet n\u00e5got om ljudst\u00f6rningar fr\u00e5n vindsnurror f\u00f6rst\u00e5r att n\u00e4r vindkraftsbyggaren i sina teoretiska tabeller s\u00e4ger att det blir en ljudst\u00f6rning p\u00e5 ca 38,9 dB vid g\u00e5rden s\u00e5 kommer det att bli olidligt att bo kvar. F\u00f6rutom detta s\u00e5 kommer det l\u00e5gfrekventa ljudet och skuggbildningarna att vara s\u00e5 st\u00f6rande att snurrorna enligt milj\u00f6pr\u00f6vningen m\u00e5ste st\u00e4ngas av n\u00e4r de n\u00e5tt den stipulerade godk\u00e4nnande tiden 8 tim. (tror ni attdet g\u00f6rs?).<\/span><\/p>\n<p align=\"left\"><span style=\"color: #000080;\">Jag, och flera med mig som l\u00e4st Milj\u00f6pr\u00f6vningsdelegationens motiveringar till godk\u00e4nnandet har f\u00f6rundrats \u00f6ver hur de i stort sett slaviskt f\u00f6ljer vindkraftbyggarens p\u00e5st\u00e5enden, d\u00e4r vi \u00e4r helt s\u00e4kra p\u00e5 att de i vissa fall \u00e4r felaktiga. Eftersom det \u00e4r ett s\u00e5dant stort ingrepp i naturen s\u00e5 har vi beg\u00e4rt av Milj\u00f6pr\u00f6vningsdelegationen om syn p\u00e5 platsen, utan respons!<\/span><\/p>\n<p align=\"left\"><span style=\"color: #000080;\">N\u00e4r politikerna uppt\u00e4cker de fel som blivit beg\u00e5ngna rycker dom p\u00e5 axlarna, medan vi st\u00e5r d\u00e4r med v\u00e5ra livsverk \u00f6delagda, d\u00e5liga ekonomier, totalt f\u00f6rst\u00f6rd granns\u00e4mja (vissa f\u00e5r ju ekonomisk vinning). Och det sorgligaste av allt \u00e4r ju att samh\u00e4llsnyttan med denna exploatering i glesbygdens livsrum \u00e4r i det n\u00e4rmaste obefintlig. \u00c5tminstone om man f\u00f6rm\u00e5r se l\u00e4ngre \u00e4n tre \u00e5r fram\u00e5t i tiden &#8230;<\/span><\/p>\n<p align=\"left\"><span style=\"color: #000080;\">Forsn\u00e4s 2016-05-11<\/span><\/p>\n<p align=\"left\"><span style=\"color: #000080;\">Christer Lid\u00e9n<\/span><span style=\"color: #000080;\">\u00a0<\/span>\u00a0<\/p>\n<div><span style=\"font-family: LiberationSerif;\">\u00a0<\/span><\/div>\n<p>\u00a0<\/p>\n<div><span style=\"font-family: LiberationSerif;\">\u00a0<\/span><\/div>\n<div><span style=\"font-family: LiberationSerif;\"><\/span><\/div>\n<p>\u00a0<\/p>\n<p><\/span><\/span><span style=\"font-family: LiberationSerif;\"><\/p>\n<p align=\"left\"><span style=\"color: #000080;\"><span style=\"color: #000000;\">Hu<\/span><span style=\"color: #000000;\">r t\u00e4nker Sollefte\u00e5 kommuns politiker? Hur t\u00e4nker Milj\u00f6pr\u00f6vningsdelegationen?<\/span><\/span><\/p>\n<p align=\"left\"><span style=\"color: #000000;\">T<\/span>\u00e4nker dom \u00f6verhuvudtaget?<\/p>\n<p>\/Tarabrita<\/p>\n<p>\u00a0<\/p>\n<p>\u00a0<\/p>\n<p>\u00a0<\/p>\n<p>\u00a0<\/p>\n<p>\u00a0<\/p>\n<p>\u00a0<\/p>\n<p>\u00a0<\/p>\n<p>\u00a0<\/p>\n<p>\u00a0<\/p>\n<p>\u00a0<\/p>\n<p><\/span><\/p>\n","protected":false},"excerpt":{"rendered":"<p>\u00a0 \u00a0 \u00a0 \u00a0 Sollefte\u00e5 kommun och Milj\u00f6pr\u00f6vningsdelegationens godk\u00e4nnande av Flodins vindindustrier Salsj\u00f6 och Ranasj\u00f6 har skett mot 2008 \u00e5rs lagenliga vindbruksplan f\u00f6r Sollefte\u00e5 kommun. Det har motiverats med den sk \u201dv\u00e4gledningen\u201d trots att l\u00e4nsstyrelsen anser att den riktiga planen(2008) har \u201den h\u00f6gre r\u00e4ttslig status i ett milj\u00f6pr\u00f6vnings\u00e4rende \u00e4n vad en v\u00e4gledning har.\u201d \u00a0 F\u00f6r [&hellip;]<\/p>\n","protected":false},"author":2,"featured_media":0,"comment_status":"open","ping_status":"open","sticky":false,"template":"","format":"standard","meta":{"footnotes":""},"categories":[3],"tags":[],"class_list":["post-2165","post","type-post","status-publish","format-standard","hentry","category-allmant"],"_links":{"self":[{"href":"https:\/\/roan.junselebyar.se\/index.php?rest_route=\/wp\/v2\/posts\/2165","targetHints":{"allow":["GET"]}}],"collection":[{"href":"https:\/\/roan.junselebyar.se\/index.php?rest_route=\/wp\/v2\/posts"}],"about":[{"href":"https:\/\/roan.junselebyar.se\/index.php?rest_route=\/wp\/v2\/types\/post"}],"author":[{"embeddable":true,"href":"https:\/\/roan.junselebyar.se\/index.php?rest_route=\/wp\/v2\/users\/2"}],"replies":[{"embeddable":true,"href":"https:\/\/roan.junselebyar.se\/index.php?rest_route=%2Fwp%2Fv2%2Fcomments&post=2165"}],"version-history":[{"count":12,"href":"https:\/\/roan.junselebyar.se\/index.php?rest_route=\/wp\/v2\/posts\/2165\/revisions"}],"predecessor-version":[{"id":2167,"href":"https:\/\/roan.junselebyar.se\/index.php?rest_route=\/wp\/v2\/posts\/2165\/revisions\/2167"}],"wp:attachment":[{"href":"https:\/\/roan.junselebyar.se\/index.php?rest_route=%2Fwp%2Fv2%2Fmedia&parent=2165"}],"wp:term":[{"taxonomy":"category","embeddable":true,"href":"https:\/\/roan.junselebyar.se\/index.php?rest_route=%2Fwp%2Fv2%2Fcategories&post=2165"},{"taxonomy":"post_tag","embeddable":true,"href":"https:\/\/roan.junselebyar.se\/index.php?rest_route=%2Fwp%2Fv2%2Ftags&post=2165"}],"curies":[{"name":"wp","href":"https:\/\/api.w.org\/{rel}","templated":true}]}}