{"id":2203,"date":"2016-11-19T22:54:56","date_gmt":"2016-11-19T21:54:56","guid":{"rendered":"http:\/\/roan.junselebyar.se\/?p=2203"},"modified":"2016-11-19T22:55:23","modified_gmt":"2016-11-19T21:55:23","slug":"supermanen-nastan","status":"publish","type":"post","link":"https:\/\/roan.junselebyar.se\/?p=2203","title":{"rendered":"Superm\u00e5nen&#8230;n\u00e4stan"},"content":{"rendered":"<div id=\"attachment_2204\" style=\"width: 450px\" class=\"wp-caption alignnone\"><img loading=\"lazy\" decoding=\"async\" aria-describedby=\"caption-attachment-2204\" class=\"size-medium wp-image-2204\" title=\"Superm\u00e5nen en kv\u00e4ll f\u00f6r sent, 16\/11\" src=\"http:\/\/roan.junselebyar.se\/nyheter\/wp-content\/uploads\/2016\/11\/supermoon1-440x299.jpg\" alt=\"Superm\u00e5nen en kv\u00e4ll f\u00f6r sent, 16\/11\" width=\"440\" height=\"299\" srcset=\"https:\/\/roan.junselebyar.se\/nyheter\/wp-content\/uploads\/2016\/11\/supermoon1-440x299.jpg 440w, https:\/\/roan.junselebyar.se\/nyheter\/wp-content\/uploads\/2016\/11\/supermoon1.jpg 1986w\" sizes=\"auto, (max-width: 440px) 100vw, 440px\" \/><p id=\"caption-attachment-2204\" class=\"wp-caption-text\">Superm\u00e5nen en kv\u00e4ll f\u00f6r sent, 16\/11<\/p><\/div>\n<p>Tyv\u00e4rr kunde man inte se superm\u00e5nen h\u00e4r i R\u00f6\u00e5n den r\u00e4tta dagen f\u00f6r det var molnigt men kv\u00e4llen efter gick det bra. H\u00e4r g\u00e5r den upp bakom grannhuset. Till h\u00f6ger lysena fr\u00e5n &#8220;Mannes&#8221;.<\/p>\n<div id=\"attachment_2205\" style=\"width: 450px\" class=\"wp-caption alignnone\"><img loading=\"lazy\" decoding=\"async\" aria-describedby=\"caption-attachment-2205\" class=\"size-medium wp-image-2205\" title=\"Med blixt\" src=\"http:\/\/roan.junselebyar.se\/nyheter\/wp-content\/uploads\/2016\/11\/supermoon5jpg-440x375.jpg\" alt=\"Med blixt\" width=\"440\" height=\"375\" \/><p id=\"caption-attachment-2205\" class=\"wp-caption-text\">Med blixt<\/p><\/div>\n<p>N\u00e4sta g\u00e5ng s\u00e4gs bli om 18 \u00e5r. Hur m\u00e5nga bybor orkar g\u00e5 ut och ta en bild d\u00e5?<\/p>\n<p>\/Tarabrita<\/p>\n","protected":false},"excerpt":{"rendered":"<p>Tyv\u00e4rr kunde man inte se superm\u00e5nen h\u00e4r i R\u00f6\u00e5n den r\u00e4tta dagen f\u00f6r det var molnigt men kv\u00e4llen efter gick det bra. H\u00e4r g\u00e5r den upp bakom grannhuset. Till h\u00f6ger lysena fr\u00e5n &#8220;Mannes&#8221;. N\u00e4sta g\u00e5ng s\u00e4gs bli om 18 \u00e5r. Hur m\u00e5nga bybor orkar g\u00e5 ut och ta en bild d\u00e5? \/Tarabrita<\/p>\n","protected":false},"author":2,"featured_media":0,"comment_status":"open","ping_status":"open","sticky":false,"template":"","format":"standard","meta":{"footnotes":""},"categories":[3],"tags":[],"class_list":["post-2203","post","type-post","status-publish","format-standard","hentry","category-allmant"],"_links":{"self":[{"href":"https:\/\/roan.junselebyar.se\/index.php?rest_route=\/wp\/v2\/posts\/2203","targetHints":{"allow":["GET"]}}],"collection":[{"href":"https:\/\/roan.junselebyar.se\/index.php?rest_route=\/wp\/v2\/posts"}],"about":[{"href":"https:\/\/roan.junselebyar.se\/index.php?rest_route=\/wp\/v2\/types\/post"}],"author":[{"embeddable":true,"href":"https:\/\/roan.junselebyar.se\/index.php?rest_route=\/wp\/v2\/users\/2"}],"replies":[{"embeddable":true,"href":"https:\/\/roan.junselebyar.se\/index.php?rest_route=%2Fwp%2Fv2%2Fcomments&post=2203"}],"version-history":[{"count":3,"href":"https:\/\/roan.junselebyar.se\/index.php?rest_route=\/wp\/v2\/posts\/2203\/revisions"}],"predecessor-version":[{"id":2208,"href":"https:\/\/roan.junselebyar.se\/index.php?rest_route=\/wp\/v2\/posts\/2203\/revisions\/2208"}],"wp:attachment":[{"href":"https:\/\/roan.junselebyar.se\/index.php?rest_route=%2Fwp%2Fv2%2Fmedia&parent=2203"}],"wp:term":[{"taxonomy":"category","embeddable":true,"href":"https:\/\/roan.junselebyar.se\/index.php?rest_route=%2Fwp%2Fv2%2Fcategories&post=2203"},{"taxonomy":"post_tag","embeddable":true,"href":"https:\/\/roan.junselebyar.se\/index.php?rest_route=%2Fwp%2Fv2%2Ftags&post=2203"}],"curies":[{"name":"wp","href":"https:\/\/api.w.org\/{rel}","templated":true}]}}