{"id":2236,"date":"2016-12-30T20:12:32","date_gmt":"2016-12-30T19:12:32","guid":{"rendered":"http:\/\/roan.junselebyar.se\/?p=2236"},"modified":"2017-01-01T11:11:00","modified_gmt":"2017-01-01T10:11:00","slug":"nyarsbetraktelse","status":"publish","type":"post","link":"https:\/\/roan.junselebyar.se\/?p=2236","title":{"rendered":"Ny\u00e5rsbetraktelse"},"content":{"rendered":"<div id=\"attachment_2218\" style=\"width: 450px\" class=\"wp-caption alignnone\"><img loading=\"lazy\" decoding=\"async\" aria-describedby=\"caption-attachment-2218\" class=\"size-medium wp-image-2218\" src=\"http:\/\/roan.junselebyar.se\/nyheter\/wp-content\/uploads\/2016\/12\/0901gryning-440x338.jpg\" alt=\"\" width=\"440\" height=\"338\" srcset=\"https:\/\/roan.junselebyar.se\/nyheter\/wp-content\/uploads\/2016\/12\/0901gryning-440x338.jpg 440w, https:\/\/roan.junselebyar.se\/nyheter\/wp-content\/uploads\/2016\/12\/0901gryning.jpg 576w\" sizes=\"auto, (max-width: 440px) 100vw, 440px\" \/><p id=\"caption-attachment-2218\" class=\"wp-caption-text\">Gryning<\/p><\/div>\n<p><strong>\u201dBolaga \u00e4 som f\u00e5gelunga\u2026dom gapa \u00e5 skrik fast dom \u00e4 m\u00e4tt!\u201d<\/strong><\/p>\n<p>Med den meningen satte Sture R\u00f6\u00e5n p\u00e5 kartan. F\u00f6r hela Sveriges befolkning blev han symbolen f\u00f6r en liten bys strid mot de stora bolagens vinstbeg\u00e4r. SCA och Statkraft ville bygga ut R\u00f6\u00e5n\u2026.f\u00f6rvandla byns stolthet till ett stenskravel och litet elektricitet. Det var Davids kamp mot Goliat. Och vi segrade!<\/p>\n<div id=\"attachment_2219\" style=\"width: 378px\" class=\"wp-caption alignnone\"><img loading=\"lazy\" decoding=\"async\" aria-describedby=\"caption-attachment-2219\" class=\"size-medium wp-image-2219\" src=\"http:\/\/roan.junselebyar.se\/nyheter\/wp-content\/uploads\/2016\/12\/sture-368x640.jpg\" alt=\"\" width=\"368\" height=\"640\" srcset=\"https:\/\/roan.junselebyar.se\/nyheter\/wp-content\/uploads\/2016\/12\/sture-368x640.jpg 368w, https:\/\/roan.junselebyar.se\/nyheter\/wp-content\/uploads\/2016\/12\/sture.jpg 576w\" sizes=\"auto, (max-width: 368px) 100vw, 368px\" \/><p id=\"caption-attachment-2219\" class=\"wp-caption-text\">Sture,som vi minns Dig<\/p><\/div>\n<p>Den 27 denna m\u00e5nad tog Stures egen kamp slut.<\/p>\n<p>Jag kommer att minnas Dig inte bara som en gudaben\u00e5dad ber\u00e4ttare, karismatisk, stridbar bybo, som framg\u00e5ngsrikt deltog i motst\u00e5ndet mot de tv\u00e5 f\u00f6rs\u00f6ken att bygga ut R\u00f6\u00e5n, utan \u00e4ven som en k\u00e4r v\u00e4n i blomsterlandet. F\u00f6rhoppningsvis finns det m\u00e4ngder av blommor d\u00e4r Du nu vistas!<\/p>\n<div id=\"attachment_2221\" style=\"width: 450px\" class=\"wp-caption alignnone\"><img loading=\"lazy\" decoding=\"async\" aria-describedby=\"caption-attachment-2221\" class=\"size-medium wp-image-2221\" src=\"http:\/\/roan.junselebyar.se\/nyheter\/wp-content\/uploads\/2016\/12\/uppstroms2-440x623.jpg\" alt=\"\" width=\"440\" height=\"623\" srcset=\"https:\/\/roan.junselebyar.se\/nyheter\/wp-content\/uploads\/2016\/12\/uppstroms2-440x623.jpg 440w, https:\/\/roan.junselebyar.se\/nyheter\/wp-content\/uploads\/2016\/12\/uppstroms2-768x1087.jpg 768w\" sizes=\"auto, (max-width: 440px) 100vw, 440px\" \/><p id=\"caption-attachment-2221\" class=\"wp-caption-text\">R\u00f6\u00e5n uppstr\u00f6ms bron<\/p><\/div>\n<p>Ett nytt \u00e5r- 2017- nalkas.<\/p>\n<p>F\u00f6r de boende i byarna l\u00e4ngs Fj\u00e4llsj\u00f6\u00e4lven forts\u00e4tter kampen f\u00f6r <strong>deras<\/strong> livsmilj\u00f6.<\/p>\n<p>I detta nu sitter m\u00e5nga av dem och svarar p\u00e5 Mark- och Milj\u00f6domstolens fr\u00e5gor om hur l\u00e5ngt ifr\u00e5n de planerade vindkraftverken de bor, hur dessa kommer att p\u00e5verka dem m.m. Dom har tre veckor p\u00e5 sig att svara\u2026\u2026 Jul och ny\u00e5rshelgen och n\u00e5gra dagar till.<\/p>\n<p>N\u00e5gra av de drabbade vet att om Ranasj\u00f6 vindindustri blir verklighet s\u00e5 kommer de inte att kunna bo kvar. De m\u00e5ste d\u00e5 f\u00f6rs\u00f6ka hitta n\u00e5gon, som kan k\u00f6pa deras hem p\u00e5 jorden, f\u00f6rmodligen till starkt reducerat pris. I fem \u00e5r har de levt med detta hot om att en dag tvingas l\u00e4mna sina hem, d\u00e4r generationer f\u00f6re dem har bott, och nu n\u00e4rmar sig ob\u00f6nh\u00f6rligt dagen d\u00e5 domen skall falla.<\/p>\n<p>221 personer har \u00f6verklagat. Inte alla- men storhopen- bor inom 5 km fr\u00e5n den planerade industrianl\u00e4ggningen. Alla dessa kommer nog tyv\u00e4rr inte att orka- eller tro sig kunna- besvara Mark- och Milj\u00f6domstolens fr\u00e5gest\u00e4llningar.<\/p>\n<div id=\"attachment_2229\" style=\"width: 450px\" class=\"wp-caption alignnone\"><img loading=\"lazy\" decoding=\"async\" aria-describedby=\"caption-attachment-2229\" class=\"size-medium wp-image-2229\" src=\"http:\/\/roan.junselebyar.se\/nyheter\/wp-content\/uploads\/2016\/12\/sture-mote2-440x330.jpg\" alt=\"\" width=\"440\" height=\"330\" srcset=\"https:\/\/roan.junselebyar.se\/nyheter\/wp-content\/uploads\/2016\/12\/sture-mote2-440x330.jpg 440w, https:\/\/roan.junselebyar.se\/nyheter\/wp-content\/uploads\/2016\/12\/sture-mote2-768x576.jpg 768w, https:\/\/roan.junselebyar.se\/nyheter\/wp-content\/uploads\/2016\/12\/sture-mote2.jpg 2048w\" sizes=\"auto, (max-width: 440px) 100vw, 440px\" \/><p id=\"caption-attachment-2229\" class=\"wp-caption-text\">Banderoll, som vi fick fr\u00e5n Skogsn\u00e4s<\/p><\/div>\n<p>N\u00e4r R\u00f6\u00e5n hotades av SCA och Statkraft fick vi mycket hj\u00e4lp utifr\u00e5n. Bland annat bidrog folk fr\u00e5n Skogsn\u00e4skollektivet med fantastiska banderoller och en j\u00e4ttelogga.<\/p>\n<div id=\"attachment_2233\" style=\"width: 450px\" class=\"wp-caption alignnone\"><img loading=\"lazy\" decoding=\"async\" aria-describedby=\"caption-attachment-2233\" class=\"size-medium wp-image-2233\" src=\"http:\/\/roan.junselebyar.se\/nyheter\/wp-content\/uploads\/2016\/12\/sturemote2-440x362.jpg\" alt=\"\" width=\"440\" height=\"362\" srcset=\"https:\/\/roan.junselebyar.se\/nyheter\/wp-content\/uploads\/2016\/12\/sturemote2-440x362.jpg 440w, https:\/\/roan.junselebyar.se\/nyheter\/wp-content\/uploads\/2016\/12\/sturemote2-768x632.jpg 768w, https:\/\/roan.junselebyar.se\/nyheter\/wp-content\/uploads\/2016\/12\/sturemote2.jpg 1216w\" sizes=\"auto, (max-width: 440px) 100vw, 440px\" \/><p id=\"caption-attachment-2233\" class=\"wp-caption-text\">\u00c4nnu en banderoll<\/p><\/div>\n<p>Kanske \u00e4r det nu \u201dpayback time\u201d?<\/p>\n<p>Denna litet sorgsna ny\u00e5rsbetraktelse avslutas med en till\u00f6nskan om ett GOTT NYTT \u00c5R&#8212;&#8211;en till\u00f6nskan som riktas till alla utom den girige utsugare, som genom att f\u00f6r egen vinnings skull driva Ranasj\u00f6 vindindustrialisering, \u00e4r beredd att tillfoga de boende l\u00e4ngs Fj\u00e4llsj\u00f6\u00e4lven och milj\u00f6n d\u00e4r stor sorg och skada. Denne man till\u00f6nskar jag i st\u00e4llet en skyndsam konkurs f\u00f6r sitt och f.d. fruns destruktiva bolag Krange\u00a0Vind AB och att de d\u00e4refter skapar sig en ny ljus tillvaro i harmoni med natur och medm\u00e4nniskor.<\/p>\n<div id=\"attachment_2234\" style=\"width: 450px\" class=\"wp-caption alignnone\"><img loading=\"lazy\" decoding=\"async\" aria-describedby=\"caption-attachment-2234\" class=\"size-medium wp-image-2234\" src=\"http:\/\/roan.junselebyar.se\/nyheter\/wp-content\/uploads\/2016\/12\/sturebacken-440x433.jpg\" alt=\"\" width=\"440\" height=\"433\" srcset=\"https:\/\/roan.junselebyar.se\/nyheter\/wp-content\/uploads\/2016\/12\/sturebacken-440x433.jpg 440w, https:\/\/roan.junselebyar.se\/nyheter\/wp-content\/uploads\/2016\/12\/sturebacken-768x757.jpg 768w, https:\/\/roan.junselebyar.se\/nyheter\/wp-content\/uploads\/2016\/12\/sturebacken.jpg 812w\" sizes=\"auto, (max-width: 440px) 100vw, 440px\" \/><p id=\"caption-attachment-2234\" class=\"wp-caption-text\">Backen<\/p><\/div>\n<p>\/Tarabrita<\/p>\n<p>&nbsp;<\/p>\n","protected":false},"excerpt":{"rendered":"<p>\u201dBolaga \u00e4 som f\u00e5gelunga\u2026dom gapa \u00e5 skrik fast dom \u00e4 m\u00e4tt!\u201d Med den meningen satte Sture R\u00f6\u00e5n p\u00e5 kartan. F\u00f6r hela Sveriges befolkning blev han symbolen f\u00f6r en liten bys strid mot de stora bolagens vinstbeg\u00e4r. SCA och Statkraft ville bygga ut R\u00f6\u00e5n\u2026.f\u00f6rvandla byns stolthet till ett stenskravel och litet elektricitet. Det var Davids kamp [&hellip;]<\/p>\n","protected":false},"author":2,"featured_media":0,"comment_status":"open","ping_status":"open","sticky":false,"template":"","format":"standard","meta":{"footnotes":""},"categories":[3],"tags":[],"class_list":["post-2236","post","type-post","status-publish","format-standard","hentry","category-allmant"],"_links":{"self":[{"href":"https:\/\/roan.junselebyar.se\/index.php?rest_route=\/wp\/v2\/posts\/2236","targetHints":{"allow":["GET"]}}],"collection":[{"href":"https:\/\/roan.junselebyar.se\/index.php?rest_route=\/wp\/v2\/posts"}],"about":[{"href":"https:\/\/roan.junselebyar.se\/index.php?rest_route=\/wp\/v2\/types\/post"}],"author":[{"embeddable":true,"href":"https:\/\/roan.junselebyar.se\/index.php?rest_route=\/wp\/v2\/users\/2"}],"replies":[{"embeddable":true,"href":"https:\/\/roan.junselebyar.se\/index.php?rest_route=%2Fwp%2Fv2%2Fcomments&post=2236"}],"version-history":[{"count":3,"href":"https:\/\/roan.junselebyar.se\/index.php?rest_route=\/wp\/v2\/posts\/2236\/revisions"}],"predecessor-version":[{"id":2239,"href":"https:\/\/roan.junselebyar.se\/index.php?rest_route=\/wp\/v2\/posts\/2236\/revisions\/2239"}],"wp:attachment":[{"href":"https:\/\/roan.junselebyar.se\/index.php?rest_route=%2Fwp%2Fv2%2Fmedia&parent=2236"}],"wp:term":[{"taxonomy":"category","embeddable":true,"href":"https:\/\/roan.junselebyar.se\/index.php?rest_route=%2Fwp%2Fv2%2Fcategories&post=2236"},{"taxonomy":"post_tag","embeddable":true,"href":"https:\/\/roan.junselebyar.se\/index.php?rest_route=%2Fwp%2Fv2%2Ftags&post=2236"}],"curies":[{"name":"wp","href":"https:\/\/api.w.org\/{rel}","templated":true}]}}