{"id":2286,"date":"2017-06-17T00:01:38","date_gmt":"2017-06-16T22:01:38","guid":{"rendered":"http:\/\/roan.junselebyar.se\/?p=2286"},"modified":"2017-06-17T00:36:03","modified_gmt":"2017-06-16T22:36:03","slug":"alggardsbacken-en-saga-med-lyckligt-slut","status":"publish","type":"post","link":"https:\/\/roan.junselebyar.se\/?p=2286","title":{"rendered":"\u00c4lgg\u00e5rdsb\u00e4cken-en saga med lyckligt slut?"},"content":{"rendered":"<p>I augusti 2013 skrev jag sagan om <a href=\"http:\/\/roan.junselebyar.se\/?p=799\">\u00c4lgg\u00e5rdsb\u00e4cken<\/a>. Den handlar om b\u00e4cken, som avvattnar bl.a. Storflon p\u00e5 Tar\u00e5berg och som s\u00e5 bedr\u00f6vligt begravdes i ett berg av sten och sopor i samband med att Kilforsen och L\u00e5ngbj\u00f6rns kraftverk anlades. Den fick inte l\u00e4ngre rinna ut i \u00c5ngerman\u00e4lven<\/p>\n<p><span style=\"font-family: 'Georgia',serif; color: #333333;\">\u00c4lgg\u00e5rdsb\u00e4ckens \u00f6de var bl. a. uppe till f\u00f6rhandling i H\u00f6gsta domstol och mer om hela den processen mellan Vattenfall \u00e5 ena sidan och Lasele FVO och \u00c4lvr\u00e4ddarnas Samorganisation p\u00e5 andra sidan finner Du<span class=\"apple-converted-space\">\u00a0<\/span><a href=\"http:\/\/roan.junselebyar.se\/?p=961\">h\u00e4r.<\/a><\/span><\/p>\n<p><span style=\"font-family: 'Georgia',serif; color: #333333;\">17\/1\u00a0 2012 fattade slutligen H\u00f6gsta domstolen\u00a0i n\u00e4rvaro av justitier\u00e5d G\u00f6ran Lambertz(samme Lambertz, som var aktuell i samband med Tomas Quick) beslutet att<span class=\"apple-converted-space\">\u00a0<\/span><strong><span style=\"font-family: 'Georgia',serif;\">ej<\/span><\/strong><span class=\"apple-converted-space\"><b>\u00a0<\/b><\/span>meddela Lasele FVO och \u00c4lvr\u00e4ddarnas Samorganisation pr\u00f6vor\u00e4tt i fallet om \u00c4lgg\u00e5rdsb\u00e4cken.<\/span><\/p>\n<p>Nu har det roliga h\u00e4nt att Vattenfall AB planerar att ordna till \u00c4lgg\u00e5rdsb\u00e4ckens utlopp mot \u00c5ngerman\u00e4lven.<\/p>\n<p>&nbsp;<\/p>\n<div id=\"page\">\n<div id=\"content\" class=\"widecolumn\">\n<div id=\"post-961\" class=\"post\">\n<div class=\"entry\">\n<p>&nbsp;<\/p>\n<\/div>\n<\/div>\n<\/div>\n<\/div>\n<div id=\"page\">\n<p>&nbsp;<\/p>\n<div id=\"content\" class=\"widecolumn\">\n<div id=\"post-961\" class=\"post\">\n<div class=\"entry\">\n<p><img loading=\"lazy\" decoding=\"async\" class=\"alignnone size-medium wp-image-2291\" src=\"http:\/\/roan.junselebyar.se\/nyheter\/wp-content\/uploads\/2017\/06\/20170601_132108-2-360x640.jpg\" alt=\"\" width=\"360\" height=\"640\" srcset=\"https:\/\/roan.junselebyar.se\/nyheter\/wp-content\/uploads\/2017\/06\/20170601_132108-2-360x640.jpg 360w, https:\/\/roan.junselebyar.se\/nyheter\/wp-content\/uploads\/2017\/06\/20170601_132108-2-768x1365.jpg 768w, https:\/\/roan.junselebyar.se\/nyheter\/wp-content\/uploads\/2017\/06\/20170601_132108-2.jpg 1617w\" sizes=\"auto, (max-width: 360px) 100vw, 360px\" \/><\/p>\n<p>Tv\u00e5 man fr\u00e5n Vattenfall diskuterar h\u00e4r med Andr\u00e9 Sj\u00e4landers (Sj\u00e4landers \u00c5keri). Projektansvariga Lill Wiklund tar bilderna.<\/p>\n<p>F\u00f6rmodligen kommer detta projekt att vara s\u00e5 omfattande att det fodras tillst\u00e5nd f\u00f6r vattenverksamhet och d\u00e4rmed kommer det att dr\u00f6ja innan arbetet kan s\u00e4ttas i g\u00e5ng. Men den som v\u00e4ntar p\u00e5 n\u00e5got gott&#8230;&#8230;&#8230;.<\/p>\n<p><img loading=\"lazy\" decoding=\"async\" class=\"alignnone size-medium wp-image-2295\" src=\"http:\/\/roan.junselebyar.se\/nyheter\/wp-content\/uploads\/2017\/06\/20170601_132124-2-440x440.jpg\" alt=\"\" width=\"440\" height=\"440\" srcset=\"https:\/\/roan.junselebyar.se\/nyheter\/wp-content\/uploads\/2017\/06\/20170601_132124-2-440x440.jpg 440w, https:\/\/roan.junselebyar.se\/nyheter\/wp-content\/uploads\/2017\/06\/20170601_132124-2-768x768.jpg 768w\" sizes=\"auto, (max-width: 440px) 100vw, 440px\" \/><\/p>\n<p>Och visst har vi v\u00e4ntat.<\/p>\n<p>\/Tarabrita<\/p>\n<\/div>\n<\/div>\n<\/div>\n<\/div>\n","protected":false},"excerpt":{"rendered":"<p>I augusti 2013 skrev jag sagan om \u00c4lgg\u00e5rdsb\u00e4cken. Den handlar om b\u00e4cken, som avvattnar bl.a. Storflon p\u00e5 Tar\u00e5berg och som s\u00e5 bedr\u00f6vligt begravdes i ett berg av sten och sopor i samband med att Kilforsen och L\u00e5ngbj\u00f6rns kraftverk anlades. Den fick inte l\u00e4ngre rinna ut i \u00c5ngerman\u00e4lven \u00c4lgg\u00e5rdsb\u00e4ckens \u00f6de var bl. a. uppe till f\u00f6rhandling [&hellip;]<\/p>\n","protected":false},"author":2,"featured_media":0,"comment_status":"open","ping_status":"open","sticky":false,"template":"","format":"standard","meta":{"footnotes":""},"categories":[3],"tags":[],"class_list":["post-2286","post","type-post","status-publish","format-standard","hentry","category-allmant"],"_links":{"self":[{"href":"https:\/\/roan.junselebyar.se\/index.php?rest_route=\/wp\/v2\/posts\/2286","targetHints":{"allow":["GET"]}}],"collection":[{"href":"https:\/\/roan.junselebyar.se\/index.php?rest_route=\/wp\/v2\/posts"}],"about":[{"href":"https:\/\/roan.junselebyar.se\/index.php?rest_route=\/wp\/v2\/types\/post"}],"author":[{"embeddable":true,"href":"https:\/\/roan.junselebyar.se\/index.php?rest_route=\/wp\/v2\/users\/2"}],"replies":[{"embeddable":true,"href":"https:\/\/roan.junselebyar.se\/index.php?rest_route=%2Fwp%2Fv2%2Fcomments&post=2286"}],"version-history":[{"count":15,"href":"https:\/\/roan.junselebyar.se\/index.php?rest_route=\/wp\/v2\/posts\/2286\/revisions"}],"predecessor-version":[{"id":2307,"href":"https:\/\/roan.junselebyar.se\/index.php?rest_route=\/wp\/v2\/posts\/2286\/revisions\/2307"}],"wp:attachment":[{"href":"https:\/\/roan.junselebyar.se\/index.php?rest_route=%2Fwp%2Fv2%2Fmedia&parent=2286"}],"wp:term":[{"taxonomy":"category","embeddable":true,"href":"https:\/\/roan.junselebyar.se\/index.php?rest_route=%2Fwp%2Fv2%2Fcategories&post=2286"},{"taxonomy":"post_tag","embeddable":true,"href":"https:\/\/roan.junselebyar.se\/index.php?rest_route=%2Fwp%2Fv2%2Ftags&post=2286"}],"curies":[{"name":"wp","href":"https:\/\/api.w.org\/{rel}","templated":true}]}}