{"id":2328,"date":"2017-10-20T20:43:13","date_gmt":"2017-10-20T18:43:13","guid":{"rendered":"http:\/\/roan.junselebyar.se\/?p=2328"},"modified":"2017-10-21T11:20:21","modified_gmt":"2017-10-21T09:20:21","slug":"nar-katten-ar-borta","status":"publish","type":"post","link":"https:\/\/roan.junselebyar.se\/?p=2328","title":{"rendered":"N\u00e4r katten \u00e4r borta&#8230;.."},"content":{"rendered":"<p><strong>N\u00e4r katten \u00e4r borta\u2026\u2026.<\/strong><\/p>\n<p><strong>Kabeko Kraft AB \u00a0planerar nu att bygga 23 vindkraftverk i etapp 2, Storh\u00f6jden<\/strong>.<\/p>\n<p><a href=\"http:\/\/www.allehanda.se\/vasternorrland\/100-vindkraftverk-pa-gang-i-angermanland-galet-mycket-battre-vind-an-pa-manga-andra-platser\">http:\/\/www.allehanda.se\/vasternorrland\/100-vindkraftverk-pa-gang-i-angermanland-galet-mycket-battre-vind-an-pa-manga-andra-platser<\/a><\/p>\n<p><strong>Detta m\u00f6jliggjordes genom ett personligt ingripande av E. Lassen under Kf-m\u00f6tet 28\/8 (\u00a795):<\/strong><\/p>\n<p>Ur protokollet:<\/p>\n<ol start=\"2\">\n<li><em> Elisabet Lassen (S) med st\u00f6d av John \u00c5berg (S) f\u00f6resl\u00e5r bifall till Kommunstyrelsen f\u00f6rslag till beslut <strong>med <u>till\u00e4gg<\/u> av punkt 3 fr\u00e5n beslutet i allm\u00e4nna utskottet <u>\u201dVid antagande av kommunens kommun\u00f6vergripande \u00f6versiktsplan under 2017 skall beslutet i kommunfullm\u00e4ktige kompletteras med att F\u00f6rdjupad \u00f6versiktsplan samt V\u00e4gledning ska g\u00e4lla f\u00f6r behandling av projekt Storh\u00f6jden om det inkommit fr\u00e5n l\u00e4nsstyrelsens milj\u00f6pr\u00f6vningsdelegation senast mars 2018 och behandlas i kommunfullm\u00e4ktige senast i april 2018<\/u>.\u201d F\u00f6resl\u00e5r \u00e4ven \u00e4ndring av datum (20170626) till dagens datum (20170828) i punkt 2 och 3 Kommunstyrelsens f\u00f6rslag<\/strong><\/em><\/li>\n<\/ol>\n<p><strong>Obs att E. Lassens omsorg endast g\u00e4llde Kabekoprojektet Storh\u00f6jden ej Klippen<\/strong><\/p>\n<p>Johan Andersson (C) med bifall av Kerstin Franz\u00e9n (M) och Margareta Alton (MP) f\u00f6reslog att \u00e4ven Klippen skulle med d\u00e4r och alla fr\u00e5n V\u00e4strainitiativet och L ville inte att n\u00e5gon av de tv\u00e5 skulle med(litet f\u00f6renklat) s\u00e5 alla dessa reserverade sig.<\/p>\n<p>&nbsp;<\/p>\n<p>Men f\u00f6r att b\u00f6rja fr\u00e5n b\u00f6rjan:<\/p>\n<p><strong><em>Allm\u00e4nna utskottets f\u00f6rslag till beslut var ju:<\/em><\/strong><\/p>\n<p><strong><em>Allm\u00e4nna utskottet f\u00f6resl\u00e5r Kommunstyrelsen f\u00f6resl\u00e5\u00a0 Kommunfullm\u00e4ktige besluta att.<\/em><\/strong><\/p>\n<ol start=\"3\">\n<li><strong><em> Vid antagande av kommunens kommun\u00f6vergripande \u00f6versiktsplan under 2017 skall beslutet i kommunfullm\u00e4ktige kompletteras med att F\u00f6rdjupad \u00f6versiktsplan samt V\u00e4gledning ska g\u00e4lla f\u00f6r behandling av <u>projekt Klippen och Storh\u00f6jden<\/u> om dessa inkommit fr\u00e5n l\u00e4nsstyrelsens milj\u00f6pr\u00f6vningsdelegation senast mars 2018 och behandlas i kommunfullm\u00e4ktige senast i april 2018.<\/em><\/strong><\/li>\n<\/ol>\n<p><strong><u>Men p\u00e5 Ks-m\u00f6tet 8\/8 2017 togs detta bort (Elisabeth Lassen var fr\u00e5nvarande och kunde inte kontrollera sina Pappenheimare):<\/u><\/strong><\/p>\n<p><strong>\u201d Vid antagande av kommunens kommun\u00f6vergripande \u00f6versiktsplan under 2017 skall beslutet i kommunfullm\u00e4ktige kompletteras med att F\u00f6rdjupad \u00f6versiktsplan samt V\u00e4gledning ska g\u00e4lla f\u00f6r behandling av projekt\u00a0 Klippen och Storh\u00f6jden om dessa inkommit fr\u00e5n l\u00e4nsstyrelsens milj\u00f6pr\u00f6vningsdelegation senast mars 2018 och behandlas i kommunfullm\u00e4ktige senast i april 2018.\u201d <u>ska tas bort<\/u> d\u00e5 f\u00f6rsamr\u00e5d h\u00f6lls f\u00f6r l\u00e4nge sedan och d\u00e4refter har inget h\u00e4nt.<\/strong><\/p>\n<p><strong>\u00a0<\/strong><\/p>\n<p><strong>Med sitt ingripande p\u00e5 Kf-m\u00f6tet 28\/8 kunde E- Lassen allts\u00e5 \u00e5terst\u00e4lla ordningen-visserligen under protest fr\u00e5n m\u00e5nga.<\/strong><\/p>\n<p><strong>D\u00e4rmed r\u00e4ddade hon kvar Kabeko Kraft AB att ans\u00f6ka om vindkraftexploateringen Storh\u00f6jden 2<\/strong><\/p>\n<p><strong>\u00a0<\/strong><\/p>\n<p><strong>Varf\u00f6r agerade E. Lassen p\u00e5 detta vis?<\/strong><\/p>\n<p>Kanske finner man svaret om man analyserar de beslutsunderlag kommunen anv\u00e4nt f\u00f6r att motivera sin extrema vindkraftpolitik.. F\u00f6ljande st\u00e5r att l\u00e4sa i denna \u00a7 95 om underlaget till kommunens vindkraftbeslut:<\/p>\n<p>&nbsp;<\/p>\n<p><em>\u201dKommunens eget beslutsunderlag: <\/em><\/p>\n<p><em>Kommunens eget Beslutsunderlag utg\u00f6rs fr\u00e4mst av <strong>Utv\u00e4rdering av vindpotential 2011<\/strong> och <strong>H\u00f6jdanalys av markomr\u00e5den \u00f6ver 350 meter \u00f6ver havet<\/strong> samt <strong>Nul\u00e4ge karta vindkraftsintressen<\/strong>.\u201d <\/em><\/p>\n<p><em>\u00a0<\/em><\/p>\n<p><em>\u201dMed anledning av den F\u00f6rdjupade \u00f6versiktsplanen f\u00f6r vindbruk i Sollefte\u00e5 kommun och ing\u00e5ende vindkarteringars otillr\u00e4cklighet anlitade kommunen en konsult f\u00f6r<strong> Utv\u00e4rdering av markomr\u00e5den<\/strong> <strong>inom Sollefte\u00e5kommun med potential f\u00f6r vindkraft.\u201d<\/strong><\/em><\/p>\n<p><strong><em>\u00a0<\/em>\u00a0Denna konsult <\/strong>var <strong>Kabeko Kraft <em>AB<\/em>, vilket <u>h\u00e4ndelsevis <\/u>inte framg\u00e5r n\u00e5gonstans\u00a0 under n\u00e4mnda paragraf<\/strong><\/p>\n<p><strong><em>\u00a0H\u00f6jdanalys <\/em><\/strong><em>av markomr\u00e5den \u00f6ver 350 meter \u00f6ver havet\u00a0 <\/em><\/p>\n<p>\u201d<em>Kommunen s\u00e5g ett behov av en \u00f6versiktlig bild som redovisade var samt hur stor del av kommunens yta som ligger h\u00f6gre \u00e4n 350 meter \u00f6ver havet. Behovet styrdes av att f\u00e5 en uppfattning av om f\u00f6r stora delar av kommunens h\u00f6jder planerades f\u00f6r vindkraft.\u00a0 Kommun s\u00f6kte information om hur stor andel av kommunarean som ligger h\u00f6gre \u00e4n 350 meter \u00f6ver havet f\u00f6r att f\u00f6lja etableringen av vindkraft och kumulativa effekter.<\/em> \u201d<\/p>\n<p><em>\u00a0 \u201dKommunen <strong>k\u00f6pte en analys av en konsult f\u00f6r<\/strong> att utf\u00f6ra en approximativ ber\u00e4kning p\u00e5 hur stor andel av kommuns mark som ligger \u00f6ver 350 meter \u00f6ver havet\u201d <\/em><\/p>\n<p><strong>\u00a0\u00c4ven denna utf\u00f6rdes allts\u00e5 av Kabeko Kraft AB och inte heller detta redovisas <u>h\u00e4ndelsevis. <\/u><\/strong>Som ett kuriosum kan noteras att <em>KABEKO KRAFT har uppskattat att arbetet kommer att ta omkring 16 timmar f\u00f6r att ta fram efters\u00f6kt svar. KABEKO KRAFT fakturerar normalt 1000 SEK\/timme f\u00f6r arbete av ovanst\u00e5ende karakt\u00e4r men f\u00f6r aktuellt uppdrag ges ett rabatterat pris om totalt 10 000 SEK ex. moms<\/em>. Allts\u00e5 rabatt p\u00e5 6000\u00a0 p\u00e5 priset 16000. Det var v\u00e4l sn\u00e4llt!!!!<\/p>\n<p>Kommunens tredje( och sista) beslutsunderlag \u00e4r multikartan:<\/p>\n<p><em>Multikarta Nul\u00e4ge vindbruk 2017 visar; F\u00f6rdjupade \u00f6versiktsplanens omr\u00e5den 1-10, Riksintressen vindbruk, Vindkraftanl\u00e4ggning i drift, Vindkraftverk tillst\u00e5ndsgivna, Vindkraftverk i olika stadier av handl\u00e4ggning, Vindkraftverk i samr\u00e5d, Vindkraftverk avstyrkta samt f\u00f6r j\u00e4mf\u00f6relse Utv\u00e4rdering vindpotential 2011<strong>. Multikartan ska ses som en sammanfattning av k\u00e4nda intressen f\u00f6r vindbruk dvs ett officiellt intresse f\u00f6r etablering.<\/strong><\/em><\/p>\n<p>&nbsp;<\/p>\n<p><strong>Vad vi vet:\u00a0 (Multisammanfattning av relevanta fakta.)<\/strong><\/p>\n<ol>\n<li><strong> Styrelseordf\u00f6rande i Kabeko Kraft <\/strong><strong>16\/1 2009- 1\/9\u00a0 <\/strong><strong>2009 var Hans-Erik Flodin<\/strong>, som tillsammans med sin f.d. fru, inom \u201dutredningsomr\u00e5den\u201d lade beslag p\u00e5 <strong>Salsj\u00f6, Ranasj\u00f6 och K\u00e4rmsj\u00f6 <\/strong>(hotet mot K\u00e4rmsj\u00f6 undanr\u00f6jt av samerna)<\/li>\n<li>2009 skrev E. Lassen under <strong>arrendeavtalavtal <\/strong>med<strong> Flodin<\/strong> och <strong>Kabeko Kraft AB<\/strong>,<\/li>\n<li>\u201dV\u00e4gledningen f\u00f6rbi g\u00e4llande vindplan F\u00d6P 2008, som undantog storskalig vindkraft inom \u201dutredningsomr\u00e5den\u201d, ersatte en planerad( demokratisk) revidering av F\u00d6P 2008.<\/li>\n<li>Beslutsunderlagen g\u00e4llande kommunens vindkraftagerande \u00e4r allts\u00e5 <strong>tv\u00e5 konsultrapporter. B\u00e5da \u00e4r utf\u00f6rda av \u00a0Kabeko Kraft AB<\/strong> och en sammanst\u00e4llning, Multikartan, av kommunen.<\/li>\n<li><strong> Flodin \u00e5beropade den planerade revideringen i sina tillst\u00e5ndsans\u00f6kningar. Han k\u00e4nner v\u00e4l till inneh\u00e5llet.<\/strong><\/li>\n<li><strong> Kabeko Kraft AB har projekt i kommunen \u00f6stra delar, Flodin i de v\u00e4stra.<\/strong><\/li>\n<li><strong> Brandk\u00e5rsutryckning av E. Lassen f\u00f6r att r\u00e4dda kvar Storh\u00f6jdenprojektet \u00e5t Kabeko Kraft AB<\/strong><\/li>\n<li><strong> ( Delikatessj\u00e4v??????)<\/strong><\/li>\n<\/ol>\n<p><strong>\u00a0<\/strong><\/p>\n<p><strong>Slutomd\u00f6me: En s\u00e4llsynt osmaklig huggsexa mellan projekt\u00f6rer, underst\u00f6dd och m\u00f6jliggjord av kommunen. De resulterande, ibland irreversibla, konsekvenserna \u00e4r f\u00f6rst\u00f6rd milj\u00f6 och f\u00f6rtvivlade kommunmedborgare. Hade det inte varit b\u00e4ttre att v\u00e4rna denna\/dessa \u00e4n enskilda privata akt\u00f6rers profitintressen?<\/strong><\/p>\n<p><strong>\u00a0<\/strong><\/p>\n<p><strong>\/Tarabrita<\/strong><\/p>\n<p><em>(Anm. Ordet <strong>Pappenheimare<\/strong> anv\u00e4nds numera ibland ironiskt eller neds\u00e4ttande ungef\u00e4r <strong>i betydelsen<\/strong> &#8220;blint trogna anh\u00e4ngare&#8221; &#8230;(Wikipedia) St\u00e4mmer v\u00e4l ganska bra!!!)<\/em><\/p>\n<p><em>\u00a0<\/em><\/p>\n","protected":false},"excerpt":{"rendered":"<p>N\u00e4r katten \u00e4r borta\u2026\u2026. Kabeko Kraft AB \u00a0planerar nu att bygga 23 vindkraftverk i etapp 2, Storh\u00f6jden. http:\/\/www.allehanda.se\/vasternorrland\/100-vindkraftverk-pa-gang-i-angermanland-galet-mycket-battre-vind-an-pa-manga-andra-platser Detta m\u00f6jliggjordes genom ett personligt ingripande av E. Lassen under Kf-m\u00f6tet 28\/8 (\u00a795): Ur protokollet: Elisabet Lassen (S) med st\u00f6d av John \u00c5berg (S) f\u00f6resl\u00e5r bifall till Kommunstyrelsen f\u00f6rslag till beslut med till\u00e4gg av punkt 3 fr\u00e5n [&hellip;]<\/p>\n","protected":false},"author":2,"featured_media":0,"comment_status":"open","ping_status":"open","sticky":false,"template":"","format":"standard","meta":{"footnotes":""},"categories":[3],"tags":[],"class_list":["post-2328","post","type-post","status-publish","format-standard","hentry","category-allmant"],"_links":{"self":[{"href":"https:\/\/roan.junselebyar.se\/index.php?rest_route=\/wp\/v2\/posts\/2328","targetHints":{"allow":["GET"]}}],"collection":[{"href":"https:\/\/roan.junselebyar.se\/index.php?rest_route=\/wp\/v2\/posts"}],"about":[{"href":"https:\/\/roan.junselebyar.se\/index.php?rest_route=\/wp\/v2\/types\/post"}],"author":[{"embeddable":true,"href":"https:\/\/roan.junselebyar.se\/index.php?rest_route=\/wp\/v2\/users\/2"}],"replies":[{"embeddable":true,"href":"https:\/\/roan.junselebyar.se\/index.php?rest_route=%2Fwp%2Fv2%2Fcomments&post=2328"}],"version-history":[{"count":4,"href":"https:\/\/roan.junselebyar.se\/index.php?rest_route=\/wp\/v2\/posts\/2328\/revisions"}],"predecessor-version":[{"id":2332,"href":"https:\/\/roan.junselebyar.se\/index.php?rest_route=\/wp\/v2\/posts\/2328\/revisions\/2332"}],"wp:attachment":[{"href":"https:\/\/roan.junselebyar.se\/index.php?rest_route=%2Fwp%2Fv2%2Fmedia&parent=2328"}],"wp:term":[{"taxonomy":"category","embeddable":true,"href":"https:\/\/roan.junselebyar.se\/index.php?rest_route=%2Fwp%2Fv2%2Fcategories&post=2328"},{"taxonomy":"post_tag","embeddable":true,"href":"https:\/\/roan.junselebyar.se\/index.php?rest_route=%2Fwp%2Fv2%2Ftags&post=2328"}],"curies":[{"name":"wp","href":"https:\/\/api.w.org\/{rel}","templated":true}]}}