{"id":2333,"date":"2017-10-22T20:29:54","date_gmt":"2017-10-22T18:29:54","guid":{"rendered":"http:\/\/roan.junselebyar.se\/?p=2333"},"modified":"2017-10-22T20:29:54","modified_gmt":"2017-10-22T18:29:54","slug":"nu-kan-vi-andas-ut-i-roan","status":"publish","type":"post","link":"https:\/\/roan.junselebyar.se\/?p=2333","title":{"rendered":"Nu kan vi andas ut i R\u00f6\u00e5n."},"content":{"rendered":"<div id=\"attachment_2334\" style=\"width: 450px\" class=\"wp-caption alignnone\"><img loading=\"lazy\" decoding=\"async\" aria-describedby=\"caption-attachment-2334\" class=\"size-medium wp-image-2334\" src=\"http:\/\/roan.junselebyar.se\/nyheter\/wp-content\/uploads\/2017\/10\/\u00f6p1-440x341.jpg\" alt=\"\" width=\"440\" height=\"341\" srcset=\"https:\/\/roan.junselebyar.se\/nyheter\/wp-content\/uploads\/2017\/10\/\u00f6p1-440x341.jpg 440w, https:\/\/roan.junselebyar.se\/nyheter\/wp-content\/uploads\/2017\/10\/\u00f6p1-768x595.jpg 768w\" sizes=\"auto, (max-width: 440px) 100vw, 440px\" \/><p id=\"caption-attachment-2334\" class=\"wp-caption-text\">Morgondimma \u00f6ver R\u00f6\u00e5n<\/p><\/div>\n<p>28\/8 antog Kf den nya \u00f6versiktsplanen (\u00d6P-17) f\u00f6r Sollefte\u00e5 kommun.<\/p>\n<p>Som en del i arbetet med \u00f6versiktsplanen st\u00e4lldes f\u00f6rslaget ut 12\/12 2016-18\/2 2017. Utst\u00e4llningshandlingarna s\u00e4ndes \u00e4ven till myndigheter, andra kommuner och samebyar. Information om utst\u00e4llningen utgick \u00e4ven\u00a0 till byalag, partiorganisationer m. fl.<\/p>\n<p>Efter utst\u00e4llningsperioden inkom 19 yttranden. Av dessa r\u00f6rde 13 helt eller delvis vindkraft.<\/p>\n<p><strong>Vilka har l\u00e4mnat yttrande:<\/strong><\/p>\n<p>L\u00e4nsstyrelsen 1,<\/p>\n<p>kommuner 3,<\/p>\n<p>privapersoner 6,<\/p>\n<p>organisationer och f\u00f6reningar 7 (Lasele FVOF, R\u00f6\u00e5ns FVOF, R\u00f6\u00e5ns Byalag, F\u00f6reningen Livskvalitet vid Fj\u00e4llsj\u00f6\u00e4lven, Vournese Sameby, Junsele lokala r\u00e5d och Junsele Byalagsforum)<\/p>\n<p>F\u00f6retag 2,(E.ON, Backsj\u00f6n Support.<\/p>\n<p><strong>Under rubriken<em> Synpunkter och utl\u00e5tanden-Vindkraft<\/em> i Antagandehandlingarna \u00d6P-17 :<\/strong><\/p>\n<p>3. Lasele FVOF, R\u00f6\u00e5ns FVOF, R\u00f6\u00e5ns byalag, Junsele byalagsforum, Junsele lokala r\u00e5d, Brita Isaksson och Monica Blomstr\u00f6m f\u00f6resl\u00e5r att den gamla kommundelen av Junselebygden samt omr\u00e5det mellan Fj\u00e4llsj\u00f6\u00e4lven och \u00c5ngerman\u00e4lvens dalg\u00e5ngar skyddas mot vindkraft och annan exploatering. Ist\u00e4llet skall dessa reserveras f\u00f6r framtida satsningar inom rekreation och bes\u00f6ksn\u00e4ring.<\/p>\n<p><em>Kommentar och st\u00e4llningstagande<\/em><\/p>\n<p><strong><span style=\"color: #0000ff;\">Lasele FVOF m. fl. f\u00f6rslag tillm\u00f6tesg\u00e5s n\u00e4r det g\u00e4ller att undanta omr\u00e5den fr\u00e5n vindkraft och i st\u00e4llet reservera dessa f\u00f6r satsningar inom rekreation och bes\u00f6ksn\u00e4ring<\/span><\/strong><\/p>\n<p>Alla handlingar i denna nya \u00d6P-17 finns p\u00e5 kommunkontoret.<\/p>\n<p>Jag har gjort ett f\u00f6rs\u00f6k att skanna in en del av en karta och fokusera p\u00e5 &#8220;v\u00e5rt&#8221; omr\u00e5de.<\/p>\n<div id=\"attachment_2336\" style=\"width: 440px\" class=\"wp-caption alignnone\"><img loading=\"lazy\" decoding=\"async\" aria-describedby=\"caption-attachment-2336\" class=\"size-medium wp-image-2336\" src=\"http:\/\/roan.junselebyar.se\/nyheter\/wp-content\/uploads\/2017\/10\/\u00d6Pkarta-430x640.jpg\" alt=\"\" width=\"430\" height=\"640\" srcset=\"https:\/\/roan.junselebyar.se\/nyheter\/wp-content\/uploads\/2017\/10\/\u00d6Pkarta-430x640.jpg 430w, https:\/\/roan.junselebyar.se\/nyheter\/wp-content\/uploads\/2017\/10\/\u00d6Pkarta-768x1142.jpg 768w, https:\/\/roan.junselebyar.se\/nyheter\/wp-content\/uploads\/2017\/10\/\u00d6Pkarta.jpg 1077w\" sizes=\"auto, (max-width: 430px) 100vw, 430px\" \/><p id=\"caption-attachment-2336\" class=\"wp-caption-text\">Karta \u00d6versiktsplan-17<\/p><\/div>\n<p>Det gr\u00f6nrandiga omr\u00e5det \u00e4r &#8220;f\u00f6reslaget ut\u00f6kat riksintresse friluftsliv&#8221;. R\u00f6d linje omger omr\u00e5de exkluderat fr\u00e5n vindkraft. Litet sv\u00e5rt att tyda eftersom jag bara skannat av en del men vi och Tar\u00e5berg ligger s\u00e4kert inom detta skyddade omr\u00e5de. Och detta g\u00f6r mig s\u00e5 lycklig. Om ingenting of\u00f6rutsett intr\u00e4ffar kommer vi att f\u00e5 bo h\u00e4r utan det vindkraftshot, som s\u00e5 m\u00e5nga andra nu pl\u00e5gas av.<\/p>\n<div id=\"attachment_2335\" style=\"width: 450px\" class=\"wp-caption alignnone\"><img loading=\"lazy\" decoding=\"async\" aria-describedby=\"caption-attachment-2335\" class=\"size-medium wp-image-2335\" src=\"http:\/\/roan.junselebyar.se\/nyheter\/wp-content\/uploads\/2017\/10\/\u00f6p2-440x580.jpg\" alt=\"\" width=\"440\" height=\"580\" srcset=\"https:\/\/roan.junselebyar.se\/nyheter\/wp-content\/uploads\/2017\/10\/\u00f6p2-440x580.jpg 440w, https:\/\/roan.junselebyar.se\/nyheter\/wp-content\/uploads\/2017\/10\/\u00f6p2-768x1013.jpg 768w\" sizes=\"auto, (max-width: 440px) 100vw, 440px\" \/><p id=\"caption-attachment-2335\" class=\"wp-caption-text\">H\u00f6stst\u00e4mning<\/p><\/div>\n<p>I nya \u00d6P-17 prioriteras f.\u00f6. satsningar p\u00e5 vindkraft ner. Sk\u00f6nt!<\/p>\n<p>\/Tarabrita<\/p>\n","protected":false},"excerpt":{"rendered":"<p>28\/8 antog Kf den nya \u00f6versiktsplanen (\u00d6P-17) f\u00f6r Sollefte\u00e5 kommun. Som en del i arbetet med \u00f6versiktsplanen st\u00e4lldes f\u00f6rslaget ut 12\/12 2016-18\/2 2017. Utst\u00e4llningshandlingarna s\u00e4ndes \u00e4ven till myndigheter, andra kommuner och samebyar. Information om utst\u00e4llningen utgick \u00e4ven\u00a0 till byalag, partiorganisationer m. fl. Efter utst\u00e4llningsperioden inkom 19 yttranden. Av dessa r\u00f6rde 13 helt eller delvis vindkraft. [&hellip;]<\/p>\n","protected":false},"author":2,"featured_media":0,"comment_status":"open","ping_status":"open","sticky":false,"template":"","format":"standard","meta":{"footnotes":""},"categories":[3],"tags":[],"class_list":["post-2333","post","type-post","status-publish","format-standard","hentry","category-allmant"],"_links":{"self":[{"href":"https:\/\/roan.junselebyar.se\/index.php?rest_route=\/wp\/v2\/posts\/2333","targetHints":{"allow":["GET"]}}],"collection":[{"href":"https:\/\/roan.junselebyar.se\/index.php?rest_route=\/wp\/v2\/posts"}],"about":[{"href":"https:\/\/roan.junselebyar.se\/index.php?rest_route=\/wp\/v2\/types\/post"}],"author":[{"embeddable":true,"href":"https:\/\/roan.junselebyar.se\/index.php?rest_route=\/wp\/v2\/users\/2"}],"replies":[{"embeddable":true,"href":"https:\/\/roan.junselebyar.se\/index.php?rest_route=%2Fwp%2Fv2%2Fcomments&post=2333"}],"version-history":[{"count":3,"href":"https:\/\/roan.junselebyar.se\/index.php?rest_route=\/wp\/v2\/posts\/2333\/revisions"}],"predecessor-version":[{"id":2339,"href":"https:\/\/roan.junselebyar.se\/index.php?rest_route=\/wp\/v2\/posts\/2333\/revisions\/2339"}],"wp:attachment":[{"href":"https:\/\/roan.junselebyar.se\/index.php?rest_route=%2Fwp%2Fv2%2Fmedia&parent=2333"}],"wp:term":[{"taxonomy":"category","embeddable":true,"href":"https:\/\/roan.junselebyar.se\/index.php?rest_route=%2Fwp%2Fv2%2Fcategories&post=2333"},{"taxonomy":"post_tag","embeddable":true,"href":"https:\/\/roan.junselebyar.se\/index.php?rest_route=%2Fwp%2Fv2%2Ftags&post=2333"}],"curies":[{"name":"wp","href":"https:\/\/api.w.org\/{rel}","templated":true}]}}