{"id":2341,"date":"2017-10-31T10:48:32","date_gmt":"2017-10-31T09:48:32","guid":{"rendered":"http:\/\/roan.junselebyar.se\/?p=2341"},"modified":"2017-10-31T11:20:16","modified_gmt":"2017-10-31T10:20:16","slug":"om-riskerna-for-markagare-som-tar-emot-vindkraft","status":"publish","type":"post","link":"https:\/\/roan.junselebyar.se\/?p=2341","title":{"rendered":"Om riskerna f\u00f6r mark\u00e4gare, som tar emot vindkraft"},"content":{"rendered":"<p><a href=\"http:\/\/www.allehanda.se\/opinion\/insandare\/tank-er-for-markagare-ni-riskerar-miljonkostnader-om-ni-tar-emot-vindkraftverk\">I dagens T\u00c5<\/a> kan vi l\u00e4sa en utm\u00e4rkt ins\u00e4ndare om de ekonomiska riskerna f\u00f6r mark\u00e4gare i samband med att vindkraftverken skall demonteras och exploaterade omr\u00e5den \u00e5terst\u00e4llas.(vilket ju iof sig inte ens \u00e4r helt m\u00f6jligt)<\/p>\n<p>Den finns \u00e4ven att l\u00e4sa\u00a0 p\u00e5<a href=\"http:\/\/snurrigt.vildavastra.se\/?p=5022\"> &#8220;Snurrigt&#8221; <\/a>f\u00f6r alla som inte har T\u00c5<\/p>\n<p>I inl\u00e4gget p\u00e5 &#8220;Snurrigt&#8221; och ins\u00e4ndaren i T\u00c5 refereras till milj\u00f6konsult Martin Atterby:<\/p>\n<p><em><strong>Atterby skrev <\/strong>en rapport p\u00e5 uppdrag av Energimyndigheten \u00e5r 2008, d\u00e4r han bland annat pekade p\u00e5 att staten m\u00e5ste ta ett st\u00f6rre ansvar och st\u00e4lla h\u00f6gre krav p\u00e5 vindkraftsbolagen. Atterby menar att systemet inte fungerar. Tyv\u00e4rr v\u00e4ckte rapporten ingen st\u00f6rre uppm\u00e4rksamhet.<\/em><\/p>\n<p><em>\u201dN\u00e4r vi var klara med den lades den tyv\u00e4rr i en skrivbordsl\u00e5da\u201d, konstaterar han. \u201dMan ser ansvarstaganden n\u00e4r det g\u00e4ller nedmontering som en kostnad och n\u00e5gon m\u00e5ste st\u00e5 f\u00f6r den. D\u00e5 vill man inte flagga f\u00f6r det i on\u00f6dan, man vill ist\u00e4llet fr\u00e4mja vindkraftsutbyggnaden. Man vill inte st\u00e5 i v\u00e4gen f\u00f6r den gr\u00f6na ekonomin.\u201d<\/em><\/p>\n<p>Hans uppfattning i detta \u00e4mne finns redovisade\u00a0 p\u00e5 EFNs hemsida.(06 oktober 2014 )<\/p>\n<p><b>EFN<\/b> st\u00e5r f\u00f6r <strong>E<\/strong>konomi- och <strong>F<\/strong>inans<strong>N<\/strong>yheterna<\/p>\n<p><b>EFN<\/b> (tidigare <b>Handelsbanken TV<\/b>) \u00e4r en <a class=\"mw-redirect\" title=\"Webb-tv\" href=\"https:\/\/sv.wikipedia.org\/wiki\/Webb-tv\">webb-tv<\/a>-kanal med fokus p\u00e5 ekonomi. EFN st\u00e5r f\u00f6r Ekonomi- och Finansnyheter. Kanalen grundades 2011 och \u00e4r idag ett dotterbolag till Svenska Handelsbanken.(Wikipedia)<\/p>\n<p>Se Martin Atterby (och framf\u00f6r allt h\u00f6r hans uppfattning) under rubriken: <a href=\"https:\/\/www.efn.se\/tagg\/martin-atterby\/vad-kostar-den-grona-ekonomin\/#\">Vindkraftverk blir f\u00f6rr eller senare gamla och m\u00e5ste d\u00e5 demonteras. Tv\u00e5 fr\u00e5gor som d\u00e5 dyker upp \u00e4r: Vad kostar det? Vem ska betala f\u00f6r det?<\/a><\/p>\n<p>Ranasj\u00f6 vindindustri st\u00e5r nu inf\u00f6r den slutliga pr\u00f6vningen Mark och Milj\u00f6\u00f6verdomstolen. I samband med detta skall det avg\u00f6ras om pr\u00f6vningstillst\u00e5nd beviljas.<\/p>\n<p>Nedanst\u00e5ende st\u00e5r i MPDs beslut betr\u00e4ffande Ranasj\u00f6s tillst\u00e5ndstid och \u00e5terst\u00e4llningskostnader<\/p>\n<p>Ur Milj\u00f6pr\u00f6vningsdelegationens beslut:<\/p>\n<p><em>1.Senast tre m\u00e5nader efter driften av ett eller flera vindkraftverk, slutligen upph\u00f6r ska Bolaget redovisa en avvecklingsplan f\u00f6r verksamheten till tillsynsmyndigheten. Planen ska bl.a. redovisa hur och inom vilken tid vindkraftverk ska nedmonteras, transporteras och omh\u00e4ndertas samt hur marken ska \u00e5terst\u00e4llas. Avvecklingen ska vara genomf\u00f6rd i sin helhet vid tillst\u00e5ndstidens utg\u00e5ng.(<span style=\"color: #000000; font-family: Times New Roman;\">Tillst\u00e5ndet g\u00e4ller enligt MPDs beslut till och med den 31 december 2051.)<\/span><\/em><\/p>\n<p><span style=\"font-size: 12pt;\"><em><span style=\"margin: 0px; color: black; line-height: 95%; font-family: 'Times New Roman',serif;\">3. D\u00e4rut\u00f6ver ska Bolaget st\u00e4lla ekonomisk s\u00e4kerhet f\u00f6r avhj\u00e4lpande och andra \u00e5terst\u00e4llnings\u00e5tg\u00e4rder som verksamheten kan f\u00f6ranleda med ytterligare <strong>350 000<\/strong> kronor f\u00f6r varje vindkraftverk som uppf\u00f6rs. Denna s\u00e4kerhet f\u00e5r st\u00e4llas etappvis, men vindkraftverk med tillh\u00f6rande fundament f\u00e5r inte b\u00f6rja uppf\u00f6ras f\u00f6rr\u00e4n s\u00e4kerhet f\u00f6r hela den etapp som de ing\u00e5r i har godk\u00e4nts av milj\u00f6pr\u00f6vningsdelegationen.<\/span><\/em><\/span><\/p>\n<p>De, som drabbas av Ranasj\u00f6 vindindustri vet ej vem\/vilka\/vad, som kommer att st\u00e5 som \u00e4gare efter att Flodin har s\u00e5lt ut omr\u00e5det. (Bara det \u00e4r ju absurt. Att en privatperson kan&#8230;. <strong>F\u00c5R&#8230;<\/strong> s\u00e4lja ut deras n\u00e4romr\u00e5den. Och alla instanser ger honom dessutom denna r\u00e4tt <strong>MOT <\/strong>de drabbade. Tidigare har han bl.a. s\u00e5lt ut till japaner(Eustrasalt i Sidensj\u00f6)).<\/p>\n<p>\/Tarabrita<\/p>\n<p>&nbsp;<\/p>\n","protected":false},"excerpt":{"rendered":"<p>I dagens T\u00c5 kan vi l\u00e4sa en utm\u00e4rkt ins\u00e4ndare om de ekonomiska riskerna f\u00f6r mark\u00e4gare i samband med att vindkraftverken skall demonteras och exploaterade omr\u00e5den \u00e5terst\u00e4llas.(vilket ju iof sig inte ens \u00e4r helt m\u00f6jligt) Den finns \u00e4ven att l\u00e4sa\u00a0 p\u00e5 &#8220;Snurrigt&#8221; f\u00f6r alla som inte har T\u00c5 I inl\u00e4gget p\u00e5 &#8220;Snurrigt&#8221; och ins\u00e4ndaren i T\u00c5 [&hellip;]<\/p>\n","protected":false},"author":2,"featured_media":0,"comment_status":"open","ping_status":"open","sticky":false,"template":"","format":"standard","meta":{"footnotes":""},"categories":[3],"tags":[],"class_list":["post-2341","post","type-post","status-publish","format-standard","hentry","category-allmant"],"_links":{"self":[{"href":"https:\/\/roan.junselebyar.se\/index.php?rest_route=\/wp\/v2\/posts\/2341","targetHints":{"allow":["GET"]}}],"collection":[{"href":"https:\/\/roan.junselebyar.se\/index.php?rest_route=\/wp\/v2\/posts"}],"about":[{"href":"https:\/\/roan.junselebyar.se\/index.php?rest_route=\/wp\/v2\/types\/post"}],"author":[{"embeddable":true,"href":"https:\/\/roan.junselebyar.se\/index.php?rest_route=\/wp\/v2\/users\/2"}],"replies":[{"embeddable":true,"href":"https:\/\/roan.junselebyar.se\/index.php?rest_route=%2Fwp%2Fv2%2Fcomments&post=2341"}],"version-history":[{"count":5,"href":"https:\/\/roan.junselebyar.se\/index.php?rest_route=\/wp\/v2\/posts\/2341\/revisions"}],"predecessor-version":[{"id":2346,"href":"https:\/\/roan.junselebyar.se\/index.php?rest_route=\/wp\/v2\/posts\/2341\/revisions\/2346"}],"wp:attachment":[{"href":"https:\/\/roan.junselebyar.se\/index.php?rest_route=%2Fwp%2Fv2%2Fmedia&parent=2341"}],"wp:term":[{"taxonomy":"category","embeddable":true,"href":"https:\/\/roan.junselebyar.se\/index.php?rest_route=%2Fwp%2Fv2%2Fcategories&post=2341"},{"taxonomy":"post_tag","embeddable":true,"href":"https:\/\/roan.junselebyar.se\/index.php?rest_route=%2Fwp%2Fv2%2Ftags&post=2341"}],"curies":[{"name":"wp","href":"https:\/\/api.w.org\/{rel}","templated":true}]}}