{"id":2352,"date":"2017-11-10T11:00:56","date_gmt":"2017-11-10T10:00:56","guid":{"rendered":"http:\/\/roan.junselebyar.se\/?p=2352"},"modified":"2017-11-10T11:03:20","modified_gmt":"2017-11-10T10:03:20","slug":"forst-till-kvarn","status":"publish","type":"post","link":"https:\/\/roan.junselebyar.se\/?p=2352","title":{"rendered":"F\u00f6rst till kvarn&#8230;&#8230;."},"content":{"rendered":"<p>&nbsp;<\/p>\n<div id=\"attachment_2353\" style=\"width: 436px\" class=\"wp-caption alignnone\"><img loading=\"lazy\" decoding=\"async\" aria-describedby=\"caption-attachment-2353\" class=\"size-medium wp-image-2353\" src=\"http:\/\/roan.junselebyar.se\/nyheter\/wp-content\/uploads\/2017\/11\/17affisch-426x640.jpg\" alt=\"\" width=\"426\" height=\"640\" srcset=\"https:\/\/roan.junselebyar.se\/nyheter\/wp-content\/uploads\/2017\/11\/17affisch-426x640.jpg 426w, https:\/\/roan.junselebyar.se\/nyheter\/wp-content\/uploads\/2017\/11\/17affisch-768x1152.jpg 768w, https:\/\/roan.junselebyar.se\/nyheter\/wp-content\/uploads\/2017\/11\/17affisch.jpg 1574w\" sizes=\"auto, (max-width: 426px) 100vw, 426px\" \/><p id=\"caption-attachment-2353\" class=\"wp-caption-text\">Junsele julmarknad 2017<\/p><\/div>\n<p><strong>St\u00e4ll upp f\u00f6r Junsele!<\/strong><\/p>\n<p>Nu har det \u00e5ter blivit dags f\u00f6r den \u00e5rliga julmarknaden. De, som vill vara med, kan anm\u00e4la sig till Sussi 070-2801326 eller Brita 0621-20091. Om man inte har s\u00e5 mycket att s\u00e4lja kan n\u00e5gra stycken dela p\u00e5 ett bord. Detta kan var bra f\u00f6r exempelvis byalag och skolklasser. Det \u00e4r roligt om m\u00e5nga\u00a0vill vara med och p\u00e5 det s\u00e4ttet bidra till att Junsele f\u00e5r en fin julmarknad med ett varierat utbud.<\/p>\n<p><strong>Sista anm\u00e4lningsdag tisdag 28\/11<\/strong><\/p>\n<p>&nbsp;<\/p>\n","protected":false},"excerpt":{"rendered":"<p>&nbsp; St\u00e4ll upp f\u00f6r Junsele! Nu har det \u00e5ter blivit dags f\u00f6r den \u00e5rliga julmarknaden. De, som vill vara med, kan anm\u00e4la sig till Sussi 070-2801326 eller Brita 0621-20091. Om man inte har s\u00e5 mycket att s\u00e4lja kan n\u00e5gra stycken dela p\u00e5 ett bord. Detta kan var bra f\u00f6r exempelvis byalag och skolklasser. Det \u00e4r [&hellip;]<\/p>\n","protected":false},"author":2,"featured_media":0,"comment_status":"open","ping_status":"open","sticky":false,"template":"","format":"standard","meta":{"footnotes":""},"categories":[3],"tags":[],"class_list":["post-2352","post","type-post","status-publish","format-standard","hentry","category-allmant"],"_links":{"self":[{"href":"https:\/\/roan.junselebyar.se\/index.php?rest_route=\/wp\/v2\/posts\/2352","targetHints":{"allow":["GET"]}}],"collection":[{"href":"https:\/\/roan.junselebyar.se\/index.php?rest_route=\/wp\/v2\/posts"}],"about":[{"href":"https:\/\/roan.junselebyar.se\/index.php?rest_route=\/wp\/v2\/types\/post"}],"author":[{"embeddable":true,"href":"https:\/\/roan.junselebyar.se\/index.php?rest_route=\/wp\/v2\/users\/2"}],"replies":[{"embeddable":true,"href":"https:\/\/roan.junselebyar.se\/index.php?rest_route=%2Fwp%2Fv2%2Fcomments&post=2352"}],"version-history":[{"count":4,"href":"https:\/\/roan.junselebyar.se\/index.php?rest_route=\/wp\/v2\/posts\/2352\/revisions"}],"predecessor-version":[{"id":2357,"href":"https:\/\/roan.junselebyar.se\/index.php?rest_route=\/wp\/v2\/posts\/2352\/revisions\/2357"}],"wp:attachment":[{"href":"https:\/\/roan.junselebyar.se\/index.php?rest_route=%2Fwp%2Fv2%2Fmedia&parent=2352"}],"wp:term":[{"taxonomy":"category","embeddable":true,"href":"https:\/\/roan.junselebyar.se\/index.php?rest_route=%2Fwp%2Fv2%2Fcategories&post=2352"},{"taxonomy":"post_tag","embeddable":true,"href":"https:\/\/roan.junselebyar.se\/index.php?rest_route=%2Fwp%2Fv2%2Ftags&post=2352"}],"curies":[{"name":"wp","href":"https:\/\/api.w.org\/{rel}","templated":true}]}}