{"id":2358,"date":"2017-11-14T18:47:36","date_gmt":"2017-11-14T17:47:36","guid":{"rendered":"http:\/\/roan.junselebyar.se\/?p=2358"},"modified":"2017-11-14T18:58:35","modified_gmt":"2017-11-14T17:58:35","slug":"vad-hander-i-tagsjoberg","status":"publish","type":"post","link":"https:\/\/roan.junselebyar.se\/?p=2358","title":{"rendered":"Vad h\u00e4nder i T\u00e5gsj\u00f6berg?"},"content":{"rendered":"<div id=\"attachment_2359\" style=\"width: 450px\" class=\"wp-caption alignnone\"><img loading=\"lazy\" decoding=\"async\" aria-describedby=\"caption-attachment-2359\" class=\"size-medium wp-image-2359\" src=\"http:\/\/roan.junselebyar.se\/nyheter\/wp-content\/uploads\/2017\/11\/T\u00e5gsj\u00f6berg-440x248.jpg\" alt=\"\" width=\"440\" height=\"248\" srcset=\"https:\/\/roan.junselebyar.se\/nyheter\/wp-content\/uploads\/2017\/11\/T\u00e5gsj\u00f6berg-440x248.jpg 440w, https:\/\/roan.junselebyar.se\/nyheter\/wp-content\/uploads\/2017\/11\/T\u00e5gsj\u00f6berg-768x432.jpg 768w, https:\/\/roan.junselebyar.se\/nyheter\/wp-content\/uploads\/2017\/11\/T\u00e5gsj\u00f6berg.jpg 960w\" sizes=\"auto, (max-width: 440px) 100vw, 440px\" \/><p id=\"caption-attachment-2359\" class=\"wp-caption-text\">Virkesterminal T\u00e5gsj\u00f6berg \u00a0 \u00a0 Bild : Sj\u00e4landers \u00e5keris facebooksida<\/p><\/div>\n<p><span style=\"color: #000000; font-family: Calibri;\">Ingen, som f\u00e4rdas f\u00f6rbi T\u00e5gsj\u00f6berg, har kunnat undg\u00e5 att <a href=\"https:\/\/www.facebook.com\/permalink.php?story_fbid=1960472884225819&amp;id=1589966177943160\">det h\u00e4nder saker d\u00e4r<\/a>. Den del d\u00e4r sj\u00e4lva s\u00e5gen l\u00e5g och d\u00e4r byggnaderna nu rivs i snabb takt fylls i st\u00e4llt upp med virke. P\u00e5 denna del f\u00e5r ingen timmerbevattning ske. Denna har i st\u00e4llet \u00e4gt rum p\u00e5 den andra, \u00f6stra delen. SCA har tillst\u00e5nd att ta upp 1000 kubikmeter\/ dygn ur T\u00e5gsj\u00f6n f\u00f6r denna bevattning. T\u00e5gsj\u00f6n ing\u00e5r i R\u00f6\u00e5ns FVO.<\/span><\/p>\n<p><span style=\"color: #000000; font-family: Calibri;\">Sedan en tid tillbaka har just denna markdel rustats upp. Tr\u00e4d har avverkats och planen har iordningst\u00e4llts . Sj\u00e4lva omr\u00e5det har iom detta f\u00f6rstorats. Vad var p\u00e5 g\u00e5ng? Ut\u00f6kad timmerbevattning? Dubbelsp\u00e5r? M\u00e5nga spekulationer blev det s\u00e5 jag ringde helt enkelt upp Andr\u00e9 Sj\u00e4lander p\u00e5 Sj\u00e4landers \u00c5keri, som \u00e4ger marken. Andr\u00e9 upplyste mig om att p\u00e5 denna ut\u00f6kade del skall det l\u00e4ggas massaved, som d\u00e4refter via j\u00e4rnv\u00e4g skall vidare till industrin.(\u00d6strand)<\/span><\/p>\n<p><span style=\"color: #000000; font-family: Calibri;\">Sett ur ett milj\u00f6perspektiv \u00e4r detta goda nyheter:<\/span><\/p>\n<p><span style=\"color: #000000;\"><span style=\"font-family: Calibri;\">1.<\/span><span style=\"font: 7pt 'Times New Roman'; margin: 0px; font-size-adjust: none; font-stretch: normal;\">\u00a0\u00a0\u00a0\u00a0\u00a0\u00a0 <\/span><span style=\"font-family: Calibri;\">Ingen ut\u00f6kad timmerbevattning, vilket gl\u00e4der R\u00f6\u00e5ns FVOF. Oron f\u00f6r T\u00e5gsj\u00f6ns vattenkvalitet \u00e4r en av anledningarna till att vi har koll p\u00e5 T\u00e5gsj\u00f6bergsterminalen. Det kan tom h\u00e4nda att timmerbevattningen helt upph\u00f6r, vilket vore v\u00e4ldigt bra.<\/span><\/span><\/p>\n<p><span style=\"color: #000000;\"><span style=\"font-family: Calibri;\">2.<\/span><span style=\"font: 7pt 'Times New Roman'; margin: 0px; font-size-adjust: none; font-stretch: normal;\">\u00a0\u00a0\u00a0\u00a0\u00a0\u00a0 <\/span><span style=\"font-family: Calibri;\">Virket kommer att transporteras till industrin med j\u00e4rnv\u00e4g, vilket s\u00e5 klart \u00e4r en milj\u00f6vinst (minskat CO2-utsl\u00e4pp och minskat v\u00e4gslitage<\/span><\/span><span style=\"color: #000000; font-family: Calibri;\"> )<\/span><\/p>\n<p><span style=\"color: #000000;\"><span style=\"font-family: Calibri;\">3.<\/span><span style=\"font: 7pt 'Times New Roman'; margin: 0px; font-size-adjust: none; font-stretch: normal;\">\u00a0\u00a0\u00a0\u00a0\u00a0\u00a0 <\/span><span style=\"font-family: Calibri;\"><a href=\"http:\/\/www.allehanda.se\/vasternorrland\/solleftea\/solleftea-vill-se-satsningar-pa-jarnvag-och-riksvag-90\">Virkesterminalen i T\u00e5gsj\u00f6berg anges av politiker som ett argument f\u00f6r en upprustning av Forsmo-Hotingbanan<\/a>. <\/span><\/span><\/p>\n<p><span style=\"color: #000000;\"><span style=\"font-family: Calibri;\">Med en s\u00e5dan utveckling kan vi kanske tom se fram emot persontrafik utan bil. T\u00e4nk att stiga p\u00e5 j\u00e4rnv\u00e4gsvagnen h\u00e4r i R\u00f6\u00e5n f\u00f6r vidare t\u00e5gtransport. <\/span><\/span><\/p>\n<p><span style=\"color: #000000;\"><span style=\"font-family: Calibri;\">S\u00e5 var det en g\u00e5ng och s\u00e5 kan det bli igen.<\/span><\/span><\/p>\n<p>\/Tarabrita<\/p>\n<p><span style=\"color: #000000; font-family: Calibri;\">\u00a0<\/span><\/p>\n<p>&nbsp;<\/p>\n","protected":false},"excerpt":{"rendered":"<p>Ingen, som f\u00e4rdas f\u00f6rbi T\u00e5gsj\u00f6berg, har kunnat undg\u00e5 att det h\u00e4nder saker d\u00e4r. Den del d\u00e4r sj\u00e4lva s\u00e5gen l\u00e5g och d\u00e4r byggnaderna nu rivs i snabb takt fylls i st\u00e4llt upp med virke. P\u00e5 denna del f\u00e5r ingen timmerbevattning ske. Denna har i st\u00e4llet \u00e4gt rum p\u00e5 den andra, \u00f6stra delen. SCA har tillst\u00e5nd att [&hellip;]<\/p>\n","protected":false},"author":2,"featured_media":0,"comment_status":"open","ping_status":"open","sticky":false,"template":"","format":"standard","meta":{"footnotes":""},"categories":[3],"tags":[],"class_list":["post-2358","post","type-post","status-publish","format-standard","hentry","category-allmant"],"_links":{"self":[{"href":"https:\/\/roan.junselebyar.se\/index.php?rest_route=\/wp\/v2\/posts\/2358","targetHints":{"allow":["GET"]}}],"collection":[{"href":"https:\/\/roan.junselebyar.se\/index.php?rest_route=\/wp\/v2\/posts"}],"about":[{"href":"https:\/\/roan.junselebyar.se\/index.php?rest_route=\/wp\/v2\/types\/post"}],"author":[{"embeddable":true,"href":"https:\/\/roan.junselebyar.se\/index.php?rest_route=\/wp\/v2\/users\/2"}],"replies":[{"embeddable":true,"href":"https:\/\/roan.junselebyar.se\/index.php?rest_route=%2Fwp%2Fv2%2Fcomments&post=2358"}],"version-history":[{"count":5,"href":"https:\/\/roan.junselebyar.se\/index.php?rest_route=\/wp\/v2\/posts\/2358\/revisions"}],"predecessor-version":[{"id":2364,"href":"https:\/\/roan.junselebyar.se\/index.php?rest_route=\/wp\/v2\/posts\/2358\/revisions\/2364"}],"wp:attachment":[{"href":"https:\/\/roan.junselebyar.se\/index.php?rest_route=%2Fwp%2Fv2%2Fmedia&parent=2358"}],"wp:term":[{"taxonomy":"category","embeddable":true,"href":"https:\/\/roan.junselebyar.se\/index.php?rest_route=%2Fwp%2Fv2%2Fcategories&post=2358"},{"taxonomy":"post_tag","embeddable":true,"href":"https:\/\/roan.junselebyar.se\/index.php?rest_route=%2Fwp%2Fv2%2Ftags&post=2358"}],"curies":[{"name":"wp","href":"https:\/\/api.w.org\/{rel}","templated":true}]}}