{"id":2368,"date":"2017-11-23T19:39:24","date_gmt":"2017-11-23T18:39:24","guid":{"rendered":"http:\/\/roan.junselebyar.se\/?p=2368"},"modified":"2017-11-23T19:45:20","modified_gmt":"2017-11-23T18:45:20","slug":"sommarminnen-fran-svarttjarn","status":"publish","type":"post","link":"https:\/\/roan.junselebyar.se\/?p=2368","title":{"rendered":"Sommarminnen fr\u00e5n Svarttj\u00e4rn"},"content":{"rendered":"<p>En dag som denna, n\u00e4r sn\u00f6 och regn vr\u00e4ker ned och bl\u00e5sten pinar allt och alla, letar sig tankarna g\u00e4rna tillbaka till sommaren. En v\u00e4ldigt speciell tilldragelse \u00e4r den \u00e5rliga uts\u00e4ttningen av \u00f6ring\u00a0 i Svarttj\u00e4rn. I \u00e5r var v\u00e4dret fint och Svarttj\u00e4rnen glittrade inbjudande.<\/p>\n<div id=\"attachment_2375\" style=\"width: 450px\" class=\"wp-caption alignnone\"><img loading=\"lazy\" decoding=\"async\" aria-describedby=\"caption-attachment-2375\" class=\"size-medium wp-image-2375\" src=\"http:\/\/roan.junselebyar.se\/nyheter\/wp-content\/uploads\/2017\/11\/svarttj\u00e4rn4-440x587.jpg\" alt=\"\" width=\"440\" height=\"587\" srcset=\"https:\/\/roan.junselebyar.se\/nyheter\/wp-content\/uploads\/2017\/11\/svarttj\u00e4rn4-440x587.jpg 440w, https:\/\/roan.junselebyar.se\/nyheter\/wp-content\/uploads\/2017\/11\/svarttj\u00e4rn4-768x1024.jpg 768w\" sizes=\"auto, (max-width: 440px) 100vw, 440px\" \/><p id=\"caption-attachment-2375\" class=\"wp-caption-text\">Blommande vattenkl\u00f6ver<\/p><\/div>\n<p>Det \u00e4r v\u00e4ldigt tungt att b\u00e4ra ner fisken till vattnet, s\u00e4ger de som vet, s\u00e5 en stunds vila innan \u00e4r nog f\u00f6rst\u00e5ndigt<\/p>\n<div id=\"attachment_2372\" style=\"width: 450px\" class=\"wp-caption alignnone\"><img loading=\"lazy\" decoding=\"async\" aria-describedby=\"caption-attachment-2372\" class=\"size-medium wp-image-2372\" src=\"http:\/\/roan.junselebyar.se\/nyheter\/wp-content\/uploads\/2017\/11\/svarttj\u00e4rn1-440x330.jpg\" alt=\"\" width=\"440\" height=\"330\" srcset=\"https:\/\/roan.junselebyar.se\/nyheter\/wp-content\/uploads\/2017\/11\/svarttj\u00e4rn1-440x330.jpg 440w, https:\/\/roan.junselebyar.se\/nyheter\/wp-content\/uploads\/2017\/11\/svarttj\u00e4rn1-768x576.jpg 768w\" sizes=\"auto, (max-width: 440px) 100vw, 440px\" \/><p id=\"caption-attachment-2372\" class=\"wp-caption-text\">Liten vila f\u00f6re fiskb\u00e4rningen<\/p><\/div>\n<div id=\"attachment_2376\" style=\"width: 450px\" class=\"wp-caption alignnone\"><img loading=\"lazy\" decoding=\"async\" aria-describedby=\"caption-attachment-2376\" class=\"size-medium wp-image-2376\" src=\"http:\/\/roan.junselebyar.se\/nyheter\/wp-content\/uploads\/2017\/11\/svarttj\u00e4rn5-440x461.jpg\" alt=\"\" width=\"440\" height=\"461\" srcset=\"https:\/\/roan.junselebyar.se\/nyheter\/wp-content\/uploads\/2017\/11\/svarttj\u00e4rn5-440x461.jpg 440w, https:\/\/roan.junselebyar.se\/nyheter\/wp-content\/uploads\/2017\/11\/svarttj\u00e4rn5-768x804.jpg 768w, https:\/\/roan.junselebyar.se\/nyheter\/wp-content\/uploads\/2017\/11\/svarttj\u00e4rn5.jpg 1908w\" sizes=\"auto, (max-width: 440px) 100vw, 440px\" \/><p id=\"caption-attachment-2376\" class=\"wp-caption-text\">Kurt och Sten-Erik p\u00e5 v\u00e4g med fisk<\/p><\/div>\n<div id=\"attachment_2374\" style=\"width: 450px\" class=\"wp-caption alignnone\"><img loading=\"lazy\" decoding=\"async\" aria-describedby=\"caption-attachment-2374\" class=\"size-medium wp-image-2374\" src=\"http:\/\/roan.junselebyar.se\/nyheter\/wp-content\/uploads\/2017\/11\/svarttj\u00e4rn3-440x330.jpg\" alt=\"\" width=\"440\" height=\"330\" srcset=\"https:\/\/roan.junselebyar.se\/nyheter\/wp-content\/uploads\/2017\/11\/svarttj\u00e4rn3-440x330.jpg 440w, https:\/\/roan.junselebyar.se\/nyheter\/wp-content\/uploads\/2017\/11\/svarttj\u00e4rn3-768x576.jpg 768w\" sizes=\"auto, (max-width: 440px) 100vw, 440px\" \/><p id=\"caption-attachment-2374\" class=\"wp-caption-text\">Manne och Sten-Erik<\/p><\/div>\n<p>\u00d6ringarna s\u00e5g ut att trivas bra p\u00e5 en g\u00e5ng- som &#8220;fisken i vattnet&#8221;<\/p>\n<div id=\"attachment_2378\" style=\"width: 450px\" class=\"wp-caption alignnone\"><img loading=\"lazy\" decoding=\"async\" aria-describedby=\"caption-attachment-2378\" class=\"size-medium wp-image-2378\" src=\"http:\/\/roan.junselebyar.se\/nyheter\/wp-content\/uploads\/2017\/11\/svarttj\u00e4rn7-440x444.jpg\" alt=\"\" width=\"440\" height=\"444\" srcset=\"https:\/\/roan.junselebyar.se\/nyheter\/wp-content\/uploads\/2017\/11\/svarttj\u00e4rn7-440x444.jpg 440w, https:\/\/roan.junselebyar.se\/nyheter\/wp-content\/uploads\/2017\/11\/svarttj\u00e4rn7-768x774.jpg 768w\" sizes=\"auto, (max-width: 440px) 100vw, 440px\" \/><p id=\"caption-attachment-2378\" class=\"wp-caption-text\">\u00d6ringarna h\u00e4lls ut<\/p><\/div>\n<p>De f\u00f6rsamlade barnen var v\u00e4ldigt intresserade<\/p>\n<div id=\"attachment_2377\" style=\"width: 450px\" class=\"wp-caption alignnone\"><img loading=\"lazy\" decoding=\"async\" aria-describedby=\"caption-attachment-2377\" class=\"size-medium wp-image-2377\" src=\"http:\/\/roan.junselebyar.se\/nyheter\/wp-content\/uploads\/2017\/11\/svarttj\u00e4rn6-440x430.jpg\" alt=\"\" width=\"440\" height=\"430\" srcset=\"https:\/\/roan.junselebyar.se\/nyheter\/wp-content\/uploads\/2017\/11\/svarttj\u00e4rn6-440x430.jpg 440w, https:\/\/roan.junselebyar.se\/nyheter\/wp-content\/uploads\/2017\/11\/svarttj\u00e4rn6-768x750.jpg 768w\" sizes=\"auto, (max-width: 440px) 100vw, 440px\" \/><p id=\"caption-attachment-2377\" class=\"wp-caption-text\">F\u00f6rtjusta f\u00f6rtjusande barn<\/p><\/div>\n<p>Fisket i Svarttj\u00e4rnen har varit bra i sommar. Det verkar inte ha f\u00f6rekommit s\u00e5 mycket tjuvfiske och l\u00e5ngt i p\u00e5 h\u00f6sten kunde stora \u00f6ringar runt 1,5-1,7 kilo f\u00e5ngas. De var d\u00e5 s\u00e4kert kvar fr\u00e5n f\u00f6rra \u00e5ret. Roligt att f\u00f6rh\u00e5llandena i tj\u00e4rnen \u00e4r s\u00e5 pass bra att de har kunnat \u00f6vervintra. I \u00f6vrigt finns det rudor i tj\u00e4rnen. Riktigt mycket.<\/p>\n<p>R\u00f6\u00e5ns FVOF (Kurt och Sten-Erik) har f\u00f6rutom att pytsa ut \u00f6ringar i tj\u00e4rnen \u00e4ven sett \u00f6ver dasset, bryggor och vedf\u00f6rr\u00e5det. Och s\u00e5 har vegetationen klippts &#8211; ett arbete utf\u00f6rt av Mats Rylander, som vi kan se p\u00e5 Jonnys bild.<\/p>\n<div id=\"attachment_2369\" style=\"width: 450px\" class=\"wp-caption alignnone\"><img loading=\"lazy\" decoding=\"async\" aria-describedby=\"caption-attachment-2369\" class=\"size-medium wp-image-2369\" src=\"http:\/\/roan.junselebyar.se\/nyheter\/wp-content\/uploads\/2017\/11\/klipning-1svarttj\u00e4rn-440x437.jpg\" alt=\"\" width=\"440\" height=\"437\" srcset=\"https:\/\/roan.junselebyar.se\/nyheter\/wp-content\/uploads\/2017\/11\/klipning-1svarttj\u00e4rn-440x437.jpg 440w, https:\/\/roan.junselebyar.se\/nyheter\/wp-content\/uploads\/2017\/11\/klipning-1svarttj\u00e4rn-768x762.jpg 768w, https:\/\/roan.junselebyar.se\/nyheter\/wp-content\/uploads\/2017\/11\/klipning-1svarttj\u00e4rn.jpg 774w\" sizes=\"auto, (max-width: 440px) 100vw, 440px\" \/><p id=\"caption-attachment-2369\" class=\"wp-caption-text\">Klippning av vegetation<\/p><\/div>\n<p>Men \u00e4n \u00e4r det vinter-den har ju faktiskt bara b\u00f6rjat- och det kan ocks\u00e5 vara helt underbart!<\/p>\n<p>\/Tarabrita<\/p>\n","protected":false},"excerpt":{"rendered":"<p>En dag som denna, n\u00e4r sn\u00f6 och regn vr\u00e4ker ned och bl\u00e5sten pinar allt och alla, letar sig tankarna g\u00e4rna tillbaka till sommaren. En v\u00e4ldigt speciell tilldragelse \u00e4r den \u00e5rliga uts\u00e4ttningen av \u00f6ring\u00a0 i Svarttj\u00e4rn. I \u00e5r var v\u00e4dret fint och Svarttj\u00e4rnen glittrade inbjudande. Det \u00e4r v\u00e4ldigt tungt att b\u00e4ra ner fisken till vattnet, s\u00e4ger [&hellip;]<\/p>\n","protected":false},"author":2,"featured_media":0,"comment_status":"open","ping_status":"open","sticky":false,"template":"","format":"standard","meta":{"footnotes":""},"categories":[3],"tags":[],"class_list":["post-2368","post","type-post","status-publish","format-standard","hentry","category-allmant"],"_links":{"self":[{"href":"https:\/\/roan.junselebyar.se\/index.php?rest_route=\/wp\/v2\/posts\/2368","targetHints":{"allow":["GET"]}}],"collection":[{"href":"https:\/\/roan.junselebyar.se\/index.php?rest_route=\/wp\/v2\/posts"}],"about":[{"href":"https:\/\/roan.junselebyar.se\/index.php?rest_route=\/wp\/v2\/types\/post"}],"author":[{"embeddable":true,"href":"https:\/\/roan.junselebyar.se\/index.php?rest_route=\/wp\/v2\/users\/2"}],"replies":[{"embeddable":true,"href":"https:\/\/roan.junselebyar.se\/index.php?rest_route=%2Fwp%2Fv2%2Fcomments&post=2368"}],"version-history":[{"count":6,"href":"https:\/\/roan.junselebyar.se\/index.php?rest_route=\/wp\/v2\/posts\/2368\/revisions"}],"predecessor-version":[{"id":2384,"href":"https:\/\/roan.junselebyar.se\/index.php?rest_route=\/wp\/v2\/posts\/2368\/revisions\/2384"}],"wp:attachment":[{"href":"https:\/\/roan.junselebyar.se\/index.php?rest_route=%2Fwp%2Fv2%2Fmedia&parent=2368"}],"wp:term":[{"taxonomy":"category","embeddable":true,"href":"https:\/\/roan.junselebyar.se\/index.php?rest_route=%2Fwp%2Fv2%2Fcategories&post=2368"},{"taxonomy":"post_tag","embeddable":true,"href":"https:\/\/roan.junselebyar.se\/index.php?rest_route=%2Fwp%2Fv2%2Ftags&post=2368"}],"curies":[{"name":"wp","href":"https:\/\/api.w.org\/{rel}","templated":true}]}}