{"id":2387,"date":"2017-11-28T23:20:39","date_gmt":"2017-11-28T22:20:39","guid":{"rendered":"http:\/\/roan.junselebyar.se\/?p=2387"},"modified":"2017-11-28T23:20:39","modified_gmt":"2017-11-28T22:20:39","slug":"storstold-i-roan","status":"publish","type":"post","link":"https:\/\/roan.junselebyar.se\/?p=2387","title":{"rendered":"STORST\u00d6LD I R\u00d6\u00c5N"},"content":{"rendered":"<p><span style=\"color: #000000; font-family: Calibri;\">Under helgen utf\u00f6rdes en avancerad st\u00f6ld i R\u00f6\u00e5n&#8212;en riktigt raffinerad kupp \u00a0i den h\u00f6gre skolan.<\/span><\/p>\n<p><span style=\"color: #000000; font-family: Calibri;\">P\u00e5 planen utanf\u00f6r R\u00f6\u00e5ns M\u00f6blers varuintag uppm\u00e4rksammades i g\u00e5r morse bilsp\u00e5r och fotsp\u00e5r, som ledde upp till kundentr\u00e9n. <\/span><\/p>\n<p><span style=\"color: #000000; font-family: Calibri;\">Eftersom R\u00f6\u00e5ns M\u00f6bler f\u00f6r en kort tid sedan blev bestulen p\u00e5 diesel och en sandningsvagn(!) har inga dyrgripar nu f\u00f6rvarats eller exponerats utomhus. Hela entr\u00e9delen gapade d\u00e4rf\u00f6r f\u00f6rf\u00e4rande tom n\u00e4r de f\u00f6rhoppningsfulla inkr\u00e4ktarna sm\u00f6g in bakom entr\u00e9h\u00f6rnet. Men vilken besvikelse!!!!! Vilket el\u00e4nde!! D\u00e4r fanns absolut ingenting att tillgripa. S\u00e5 borde man inte f\u00e5 chockera intet ont anande tjuvar. Vad skall dom leva av om alla g\u00f6r s\u00e5 ????????<\/span><\/p>\n<p><span style=\"color: #000000; font-family: Calibri;\">D\u00c5, mitt i detta el\u00e4nde, s\u00e5g dom ljuset\u2026\u2026.. som i en uppenbarelse : Tre sm\u00e5 d\u00f6rrkransar bundna av en av byns sm\u00e5 tanter, som p\u00e5 detta vis s\u00f6ker dryga ut sin pension. Bingo! Utflykten var inte f\u00f6rg\u00e4ves. Kransarna stals resolut av dessa\/denna inverterade Robin Hoodgangsters.<\/span><\/p>\n<p><span style=\"color: #000000; font-family: Calibri;\">S\u00e5dana h\u00e4r h\u00e4ndelser s\u00e4tter fantasin i r\u00f6relse. Vilka tjuvar tar tre d\u00f6rrkransar? Kan det vara de organiserade kriminella g\u00e4ngen fr\u00e5n Baltikum?<em> \u201dNu skall vi fara till Sverige och stj\u00e4la d\u00f6rrkransar. Och vi skall sl\u00e5 till h\u00e5rt mot en liten gudsf\u00f6rg\u00e4ten by centralt mitt i den svenska skogen\u201d. \u00a0<\/em>Njaeee, det k\u00e4nns nog kanske inte helt sannolikt. Sicilianska och ryska maffian och de flesta andra kriminella n\u00e4tverk av betydelse kan f\u00f6rmodligen ocks\u00e5 uteslutas. <\/span><\/p>\n<p><span style=\"color: #000000; font-family: Calibri;\">S\u00e5 vad \u00e5terst\u00e5r d\u00e5?? <\/span><\/p>\n<p><span style=\"color: #000000; font-family: Calibri;\">Jaa, det undrar man samtidigt som man fylls av ett stort vemod \u00f6ver att det finns krakar, som m\u00e5ste \u00a0ta bilen ut i natten och g\u00e5 p\u00e5 tjuvjakt och inte finner annat att tillgripa \u00e4n tre ynka d\u00f6rrkransar. Hur t\u00e4nkte dom\/hen n\u00e4r det inte fanns ngt mer substantiellt att l\u00e4gga vantarna p\u00e5? <\/span><\/p>\n<p><em><span style=\"color: #000000; font-family: Calibri;\">-\u201dNeej, nu blir jag s\u00e5 arg s\u00e5 nu tar jag dom d\u00e4r d\u00f6rrkransarna. Visserligen har jag bara en ytterd\u00f6rr men jag f\u00e5r v\u00e4l ge bort de tv\u00e5 andra i julklapp!!!!!!!\u201d<\/span><\/em><\/p>\n<p><span style=\"color: #000000; font-family: Calibri;\">Julen n\u00e4rmar sig och d\u00e5 skall man vara sn\u00e4ll, vilket f\u00f6rvisso inte \u00e4r min starkaste sida, men min \u00f6nskan \u00e4r \u00e4nd\u00e5 att de som slutligen f\u00e5r d\u00f6rrkransarna h\u00e4nger upp dem p\u00e5 sin ytterd\u00f6rr f\u00f6rsta advent och f\u00e5r en riktigt fin jul. \u00c4ven tjyvarna till\u00f6nskar jag en dr\u00e4glig jul ty om man \u00e4r en s\u00e5dan stackare och tjyvamat\u00f6r att man stj\u00e4l d\u00f6rrkransar \u00e4r man s\u00e4kert i ett desperat behov av v\u00e4lg\u00e5ngs\u00f6nskningar. <\/span><\/p>\n<p><span style=\"color: #000000; font-family: Calibri;\">Om det hj\u00e4lper \u00e4r en annan fr\u00e5ga.<\/span><\/p>\n<p><span style=\"color: #000000; font-family: Calibri;\">\u00a0\/Tarabrita<\/span><\/p>\n","protected":false},"excerpt":{"rendered":"<p>Under helgen utf\u00f6rdes en avancerad st\u00f6ld i R\u00f6\u00e5n&#8212;en riktigt raffinerad kupp \u00a0i den h\u00f6gre skolan. P\u00e5 planen utanf\u00f6r R\u00f6\u00e5ns M\u00f6blers varuintag uppm\u00e4rksammades i g\u00e5r morse bilsp\u00e5r och fotsp\u00e5r, som ledde upp till kundentr\u00e9n. Eftersom R\u00f6\u00e5ns M\u00f6bler f\u00f6r en kort tid sedan blev bestulen p\u00e5 diesel och en sandningsvagn(!) har inga dyrgripar nu f\u00f6rvarats eller exponerats [&hellip;]<\/p>\n","protected":false},"author":2,"featured_media":0,"comment_status":"open","ping_status":"open","sticky":false,"template":"","format":"standard","meta":{"footnotes":""},"categories":[3],"tags":[],"class_list":["post-2387","post","type-post","status-publish","format-standard","hentry","category-allmant"],"_links":{"self":[{"href":"https:\/\/roan.junselebyar.se\/index.php?rest_route=\/wp\/v2\/posts\/2387","targetHints":{"allow":["GET"]}}],"collection":[{"href":"https:\/\/roan.junselebyar.se\/index.php?rest_route=\/wp\/v2\/posts"}],"about":[{"href":"https:\/\/roan.junselebyar.se\/index.php?rest_route=\/wp\/v2\/types\/post"}],"author":[{"embeddable":true,"href":"https:\/\/roan.junselebyar.se\/index.php?rest_route=\/wp\/v2\/users\/2"}],"replies":[{"embeddable":true,"href":"https:\/\/roan.junselebyar.se\/index.php?rest_route=%2Fwp%2Fv2%2Fcomments&post=2387"}],"version-history":[{"count":1,"href":"https:\/\/roan.junselebyar.se\/index.php?rest_route=\/wp\/v2\/posts\/2387\/revisions"}],"predecessor-version":[{"id":2388,"href":"https:\/\/roan.junselebyar.se\/index.php?rest_route=\/wp\/v2\/posts\/2387\/revisions\/2388"}],"wp:attachment":[{"href":"https:\/\/roan.junselebyar.se\/index.php?rest_route=%2Fwp%2Fv2%2Fmedia&parent=2387"}],"wp:term":[{"taxonomy":"category","embeddable":true,"href":"https:\/\/roan.junselebyar.se\/index.php?rest_route=%2Fwp%2Fv2%2Fcategories&post=2387"},{"taxonomy":"post_tag","embeddable":true,"href":"https:\/\/roan.junselebyar.se\/index.php?rest_route=%2Fwp%2Fv2%2Ftags&post=2387"}],"curies":[{"name":"wp","href":"https:\/\/api.w.org\/{rel}","templated":true}]}}