{"id":2389,"date":"2017-11-30T12:05:34","date_gmt":"2017-11-30T11:05:34","guid":{"rendered":"http:\/\/roan.junselebyar.se\/?p=2389"},"modified":"2017-11-30T13:21:33","modified_gmt":"2017-11-30T12:21:33","slug":"ny-svensk-humorgrupp","status":"publish","type":"post","link":"https:\/\/roan.junselebyar.se\/?p=2389","title":{"rendered":"Ny svensk humorgrupp"},"content":{"rendered":"<h4>Den 21. november gick f\u00f6retr\u00e4dare f\u00f6r tre skogsbolag in i vindkraftdebatten om \u201ddet kommunala vetot\u201d med ett inl\u00e4gg i \u00d6stra Sm\u00e5land<em>: <\/em><a href=\"http:\/\/www.ostrasmaland.se\/insandare\/vetot-mot-vindkraft-hotar-elforsorjningen\/\"><strong><em>Vetot mot vindkraft hotar elf\u00f6rs\u00f6rjningen<\/em><\/strong><\/a>. D\u00e4r framf\u00f6r de bland annat:<\/h4>\n<h4>&#8211;<em>F\u00f6r oss inom skogsindustrin \u00e4r inte vindkraften n\u00e5gon huvudaff\u00e4r i sig. Men vi \u00e4r beroende av ett <strong>robust<\/strong> och h\u00e5llbart elsystem och<\/em> <em>vindkraften \u00e4r central i den politiska energi\u00f6verenskommelsen. D\u00e4rf\u00f6r v\u00e4lkomnar vi Energimyndighetens och Naturv\u00e5rdsverkets f\u00f6rslag<\/em> <em>att ta bort det kritiserade kommunvetot.<\/em><\/h4>\n<p>Mycket kan s\u00e4gas och har sagts om vindkraften som energik\u00e4lla men \u201drobust\u201d \u00e4r helt nyt\u00e4nkt. Ingen har n\u00e5gonsin beskrivit vindkraften som robust.<\/p>\n<p><a href=\"http:\/\/www.ostrasmaland.se\/insandare\/vindkraftsstodet-en-risk-for-skogsindustrin\">Jan Hedmans bem\u00f6tande<\/a>:<\/p>\n<p><em>-Inledningsvis vill jag ge en eloge till f\u00f6rfattarna f\u00f6r ett gott sinne f\u00f6r humor, d\u00e5 de anv\u00e4nder ordet robust om vindkraften. Sedan blir det mindre roligt.<\/em><\/p>\n<p>Det \u00e4r generande uppenbart att f\u00f6rfattarna med detta inl\u00e4gg till st\u00f6d f\u00f6r de, som vill ta bort det kommunala vetot, \u201dber f\u00f6r sin sjuka mor<em>\u201d: <\/em><\/p>\n<p><em>-Sj\u00e4lvklart ska kommunerna ha stort inflytande. Vi k\u00e4nner oss i det avseendet trygga med expertmyndigheternas bed\u00f6mning; att nuvarande s\u00e4rreglering kan slopas <strong>med fullgod milj\u00f6pr\u00f6vning och fortsatt stort kommunalt inflytande \u00f6ver var vindkraftverken lokaliseras, genom \u00f6versiktsplanering och en stark st\u00e4llning som remissinstans<\/strong>.<\/em><\/p>\n<p>Alla de, som \u00f6verklagat de vindindustrier, som Sollefte\u00e5 kommunmedborgare drabbas av, har upplevt motsatsen till ovanst\u00e5ende; milj\u00f6pr\u00f6vningarna har inte varit fullgoda (en mycket mild bed\u00f6mning) och betr\u00e4ffande\u00a0 det kommunalt inflytandet s\u00e5 har detta just i Sollefte\u00e5exemplet varit stort men felriktat d\u00e5 den riktats<strong> mot<\/strong> medborgarna och milj\u00f6n. Exempelvis sattes den legala g\u00e4llande vindplanen ur spel medelst ett enkelt Kf beslut utan demokratisk f\u00f6rankring(V\u00e4gledningen) och betr\u00e4ffande remisserna gjordes exempelvis \u00e4ndringar i tj\u00e4nstemannens remissvar g\u00e4llande Ranasj\u00f6 p\u00e5 f\u00f6rslag av f\u00f6rra och nuvarande kommunalr\u00e5det. \u00a0Ett annat intressant remissexempel \u00e4r det, som g\u00e4ller <a href=\"https:\/\/www.solleftea.se\/download\/18.3dc78abe15a3b9fcfd021249\/1489397572525\/KS+protokoll+2017-02-07.pdf\">Finn\u00e5berg<\/a>; ett ca 1000 sidor stort remissunderlag resulterade i ett 1 -sida l\u00e5ngt remissyttrande(se sida 38)<\/p>\n<p>Dessa tv\u00e5 exempel kan ju tyv\u00e4rr \u00e4ven tas som int\u00e4kt f\u00f6r att det kommunala vetot kunde slopas och det \u00e4r d\u00e4rf\u00f6r slutligen upp till oss medborgare vilka f\u00f6retr\u00e4dare vi v\u00e4ljer. Vems intressen f\u00f6retr\u00e4der de? Och vi m\u00e5ste ha koll! \u00c5rhuskonventionen ger oss inte bara r\u00e4ttigheter utan \u00e4ven skyldigheter. Sj\u00e4lvklart m\u00e5ste det kommunala vetot kvarst\u00e5 som en m\u00f6jlighet f\u00f6r medborgarnas \u00e5sikter att f\u00e5 genomslag mot vindindustriexploat\u00f6rers och skogsbolags vinstintressen,( n\u00f6dtorftigt kamouflerade som klimatomsorg.) I en anst\u00e4ndig\u00a0 kommun, som tar h\u00e4nsyn till naturen, biodiversiteten och sina medborgares h\u00e4lsa och livsmilj\u00f6, kan och b\u00f6r det kommunala sj\u00e4lvbest\u00e4mmandet spela en betydelsefull roll.<\/p>\n<pre>Mer finns att l\u00e4sa om skogsbolagens  och Jan Hedmans ins\u00e4ndare\r\n p\u00e5 <a href=\"http:\/\/snurrigt.vildavastra.se\/?p=5035\">Snurrigts<\/a> hemsida\r\n\r\n\/Tarabrita<\/pre>\n","protected":false},"excerpt":{"rendered":"<p>Den 21. november gick f\u00f6retr\u00e4dare f\u00f6r tre skogsbolag in i vindkraftdebatten om \u201ddet kommunala vetot\u201d med ett inl\u00e4gg i \u00d6stra Sm\u00e5land: Vetot mot vindkraft hotar elf\u00f6rs\u00f6rjningen. D\u00e4r framf\u00f6r de bland annat: &#8211;F\u00f6r oss inom skogsindustrin \u00e4r inte vindkraften n\u00e5gon huvudaff\u00e4r i sig. Men vi \u00e4r beroende av ett robust och h\u00e5llbart elsystem och vindkraften \u00e4r [&hellip;]<\/p>\n","protected":false},"author":2,"featured_media":0,"comment_status":"open","ping_status":"open","sticky":false,"template":"","format":"standard","meta":{"footnotes":""},"categories":[3],"tags":[],"class_list":["post-2389","post","type-post","status-publish","format-standard","hentry","category-allmant"],"_links":{"self":[{"href":"https:\/\/roan.junselebyar.se\/index.php?rest_route=\/wp\/v2\/posts\/2389","targetHints":{"allow":["GET"]}}],"collection":[{"href":"https:\/\/roan.junselebyar.se\/index.php?rest_route=\/wp\/v2\/posts"}],"about":[{"href":"https:\/\/roan.junselebyar.se\/index.php?rest_route=\/wp\/v2\/types\/post"}],"author":[{"embeddable":true,"href":"https:\/\/roan.junselebyar.se\/index.php?rest_route=\/wp\/v2\/users\/2"}],"replies":[{"embeddable":true,"href":"https:\/\/roan.junselebyar.se\/index.php?rest_route=%2Fwp%2Fv2%2Fcomments&post=2389"}],"version-history":[{"count":4,"href":"https:\/\/roan.junselebyar.se\/index.php?rest_route=\/wp\/v2\/posts\/2389\/revisions"}],"predecessor-version":[{"id":2393,"href":"https:\/\/roan.junselebyar.se\/index.php?rest_route=\/wp\/v2\/posts\/2389\/revisions\/2393"}],"wp:attachment":[{"href":"https:\/\/roan.junselebyar.se\/index.php?rest_route=%2Fwp%2Fv2%2Fmedia&parent=2389"}],"wp:term":[{"taxonomy":"category","embeddable":true,"href":"https:\/\/roan.junselebyar.se\/index.php?rest_route=%2Fwp%2Fv2%2Fcategories&post=2389"},{"taxonomy":"post_tag","embeddable":true,"href":"https:\/\/roan.junselebyar.se\/index.php?rest_route=%2Fwp%2Fv2%2Ftags&post=2389"}],"curies":[{"name":"wp","href":"https:\/\/api.w.org\/{rel}","templated":true}]}}