{"id":2429,"date":"2018-01-08T15:31:26","date_gmt":"2018-01-08T14:31:26","guid":{"rendered":"http:\/\/roan.junselebyar.se\/?p=2429"},"modified":"2018-01-08T16:49:16","modified_gmt":"2018-01-08T15:49:16","slug":"trettondag-med-byaberattelser","status":"publish","type":"post","link":"https:\/\/roan.junselebyar.se\/?p=2429","title":{"rendered":"Trettondag med byaber\u00e4ttelser"},"content":{"rendered":"<p><a href=\"http:\/\/roan.junselebyar.se\/berattartot.html\">Ber\u00e4ttarkv\u00e4lla<\/a>r hade vi ofta h\u00e4r i byn n\u00e4r Nicke Sj\u00f6din levde och det var d\u00e5 Nicke sj\u00e4lv, som h\u00f6ll i dessa m\u00f6ten. Nu har n\u00e5gra eldsj\u00e4lar \u00e5ter bl\u00e5st liv i dessa sammankomster. V\u00e4ldigt bra initiativ av Stig-Ingvar, Britt, Mia m.fl!!<\/p>\n<div id=\"attachment_2432\" style=\"width: 450px\" class=\"wp-caption alignnone\"><img loading=\"lazy\" decoding=\"async\" aria-describedby=\"caption-attachment-2432\" class=\"size-medium wp-image-2432\" src=\"http:\/\/roan.junselebyar.se\/nyheter\/wp-content\/uploads\/2018\/01\/berattar3-440x309.jpg\" alt=\"\" width=\"440\" height=\"309\" srcset=\"https:\/\/roan.junselebyar.se\/nyheter\/wp-content\/uploads\/2018\/01\/berattar3-440x309.jpg 440w, https:\/\/roan.junselebyar.se\/nyheter\/wp-content\/uploads\/2018\/01\/berattar3-768x539.jpg 768w\" sizes=\"auto, (max-width: 440px) 100vw, 440px\" \/><p id=\"caption-attachment-2432\" class=\"wp-caption-text\">Svante, Roland, Helge, Jonny, Hans och Mia<\/p><\/div>\n<p>I g\u00e5r, trettondagen, hade Britt och Hans bjudit in till en s\u00e5dan ber\u00e4ttarkv\u00e4ll och\u00a0 \u00e4ven st\u00e4llt i ordning Janssons Frestelse, kaffe och kaka. Det\u00a0 blev en v\u00e4ldigt trevlig avslutning p\u00e5 julen med m\u00e5nga glada skratt. F\u00f6rhoppningsvis fick Stig-Ingvar svar p\u00e5 en del fr\u00e5gor, som han hade med sig. Det var roligt att h\u00f6ra hans ber\u00e4ttelser om att Viklundarna stammade fr\u00e5n Gr\u00e4smark i n\u00e4rheten av Sunne, V\u00e4rmland och en massa annat om folk, som bott i den v\u00e4stra delen av byn. F\u00f6r en, som inte har en endaste sl\u00e4kting i byn, \u00e4r det \u00e4nd\u00e5 v\u00e4ldigt intressant och \u00e4n i dag kan helt &#8220;nya&#8221; obegripliga dialektala ord dyka upp. I Jerker Sj\u00f6dins bok &#8220;R\u00f6\u00e5borna&#8221; st\u00e5r ju de mesta om byn och om det som ev. fattas kunde Helge, Britt och Stig- Ingvar ber\u00e4tta.<\/p>\n<div id=\"attachment_2431\" style=\"width: 450px\" class=\"wp-caption alignnone\"><img loading=\"lazy\" decoding=\"async\" aria-describedby=\"caption-attachment-2431\" class=\"size-medium wp-image-2431\" src=\"http:\/\/roan.junselebyar.se\/nyheter\/wp-content\/uploads\/2018\/01\/berattar2-440x317.jpg\" alt=\"\" width=\"440\" height=\"317\" srcset=\"https:\/\/roan.junselebyar.se\/nyheter\/wp-content\/uploads\/2018\/01\/berattar2-440x317.jpg 440w, https:\/\/roan.junselebyar.se\/nyheter\/wp-content\/uploads\/2018\/01\/berattar2-768x554.jpg 768w\" sizes=\"auto, (max-width: 440px) 100vw, 440px\" \/><p id=\"caption-attachment-2431\" class=\"wp-caption-text\">Hans, Mia, Britt och Stig-Ingvar<\/p><\/div>\n<p>Janssons Frestelsen var perfekt; kr\u00e4mig och smakrik och alla l\u00e4t sig v\u00e4l smaka.<\/p>\n<p>Utanf\u00f6r det hemtrevliga k\u00f6ket h\u00e4rjade, enligt meteorologerna, stormen Cora s\u00e5 det var med viss b\u00e4van man gav sig ut i m\u00f6rkret f\u00f6r en liten bilf\u00e4rd hem. Men det syntes inga stormsp\u00e5r . V\u00e4gen var farbar och inte bl\u00e5ste det speciellt mycket heller. Sk\u00f6nt.<\/p>\n<p>L\u00e4s<a href=\"http:\/\/roan.junselebyar.se\/berattartot.html\"> h\u00e4r<\/a> om v\u00e5ra tidigare ber\u00e4ttarkv\u00e4llar.<\/p>\n<p>Ett stort TACK fr\u00e5n<\/p>\n<p>\/Tarabrita<\/p>\n","protected":false},"excerpt":{"rendered":"<p>Ber\u00e4ttarkv\u00e4llar hade vi ofta h\u00e4r i byn n\u00e4r Nicke Sj\u00f6din levde och det var d\u00e5 Nicke sj\u00e4lv, som h\u00f6ll i dessa m\u00f6ten. Nu har n\u00e5gra eldsj\u00e4lar \u00e5ter bl\u00e5st liv i dessa sammankomster. V\u00e4ldigt bra initiativ av Stig-Ingvar, Britt, Mia m.fl!! I g\u00e5r, trettondagen, hade Britt och Hans bjudit in till en s\u00e5dan ber\u00e4ttarkv\u00e4ll och\u00a0 \u00e4ven [&hellip;]<\/p>\n","protected":false},"author":2,"featured_media":0,"comment_status":"open","ping_status":"open","sticky":false,"template":"","format":"standard","meta":{"footnotes":""},"categories":[3],"tags":[],"class_list":["post-2429","post","type-post","status-publish","format-standard","hentry","category-allmant"],"_links":{"self":[{"href":"https:\/\/roan.junselebyar.se\/index.php?rest_route=\/wp\/v2\/posts\/2429","targetHints":{"allow":["GET"]}}],"collection":[{"href":"https:\/\/roan.junselebyar.se\/index.php?rest_route=\/wp\/v2\/posts"}],"about":[{"href":"https:\/\/roan.junselebyar.se\/index.php?rest_route=\/wp\/v2\/types\/post"}],"author":[{"embeddable":true,"href":"https:\/\/roan.junselebyar.se\/index.php?rest_route=\/wp\/v2\/users\/2"}],"replies":[{"embeddable":true,"href":"https:\/\/roan.junselebyar.se\/index.php?rest_route=%2Fwp%2Fv2%2Fcomments&post=2429"}],"version-history":[{"count":3,"href":"https:\/\/roan.junselebyar.se\/index.php?rest_route=\/wp\/v2\/posts\/2429\/revisions"}],"predecessor-version":[{"id":2435,"href":"https:\/\/roan.junselebyar.se\/index.php?rest_route=\/wp\/v2\/posts\/2429\/revisions\/2435"}],"wp:attachment":[{"href":"https:\/\/roan.junselebyar.se\/index.php?rest_route=%2Fwp%2Fv2%2Fmedia&parent=2429"}],"wp:term":[{"taxonomy":"category","embeddable":true,"href":"https:\/\/roan.junselebyar.se\/index.php?rest_route=%2Fwp%2Fv2%2Fcategories&post=2429"},{"taxonomy":"post_tag","embeddable":true,"href":"https:\/\/roan.junselebyar.se\/index.php?rest_route=%2Fwp%2Fv2%2Ftags&post=2429"}],"curies":[{"name":"wp","href":"https:\/\/api.w.org\/{rel}","templated":true}]}}