{"id":2462,"date":"2018-01-26T12:09:05","date_gmt":"2018-01-26T11:09:05","guid":{"rendered":"http:\/\/roan.junselebyar.se\/?p=2462"},"modified":"2018-01-26T12:12:05","modified_gmt":"2018-01-26T11:12:05","slug":"kommunerna-vill-ha-kvar-vindkraftsvetot","status":"publish","type":"post","link":"https:\/\/roan.junselebyar.se\/?p=2462","title":{"rendered":"Kommunerna vill ha kvar vindkraftsvetot"},"content":{"rendered":"<p><em><span style=\"text-align: left; color: #333333; text-transform: none; text-indent: 0px; letter-spacing: normal; font-family: 'Open Sans',Arial,sans-serif; font-size: 18px; font-variant: normal; font-weight: 600; text-decoration: none; word-spacing: 0px; display: inline !important; white-space: normal; orphans: 2; float: none; -webkit-text-stroke-width: 0px; background-color: transparent;\">&#8220;Intresseorganisationen Svensk Vindenergis sammanst\u00e4llning av de inkomna remissvaren \u00e4r grovt felaktig\u00a0&#8211; svenska kommuner vill ha kvar vindkraftsvetot. Vi har gjort en korrekt sammanst\u00e4llning av svaren, och nu v\u00e4ntar vi p\u00e5 propositionen.&#8221;<\/span><\/em><\/p>\n<p>I en artikel i tidningen<a href=\"https:\/\/www.dagenssamhalle.se\/debatt\/kommunerna-vill-ha-kvar-vindkraftsvetot-20451\"> Dagens samh\u00e4lle <\/a>granskas <span style=\"text-align: left; color: #333333; text-transform: none; text-indent: 0px; letter-spacing: normal; font-family: 'Open Sans',Arial,sans-serif; font-size: 16px; font-style: normal; font-variant: normal; text-decoration: none; word-spacing: 0px; display: inline !important; white-space: normal; orphans: 2; float: none; -webkit-text-stroke-width: 0px; background-color: transparent;\">Vindkraftsbranschens intresseorganisation Svensk Vindenergis &#8220;tolkning&#8221; av remissvaren\u00a0<span style=\"display: inline !important; float: none; background-color: transparent; color: #333333; font-family: 'Open Sans',Arial,sans-serif; font-size: 16px; font-style: normal; font-variant: normal; font-weight: 400; letter-spacing: normal; orphans: 2; text-align: left; text-decoration: none; text-indent: 0px; text-transform: none; -webkit-text-stroke-width: 0px; white-space: normal; word-spacing: 0px;\">ang\u00e5ende kommunernas vetor\u00e4tt mot vindkraft <\/span>.<\/span><\/p>\n<p><em>&#8220;Regeringen<\/em><span style=\"display: inline !important; float: none; background-color: transparent; color: #333333; font-family: 'Open Sans',Arial,sans-serif; font-size: 16px; font-style: normal; font-variant: normal; font-weight: 400; letter-spacing: normal; orphans: 2; text-align: left; text-decoration: none; text-indent: 0px; text-transform: none; -webkit-text-stroke-width: 0px; white-space: normal; word-spacing: 0px;\"><em> har lagt ut fr\u00e5gan p\u00e5 remiss. Svensk Vindenergi har p\u00e5 eget initiativ snabbt g\u00e5tt genom remissvaren. Organisationen skriver i sitt pressmeddelande den 12 december att man har\u00a0 \u201dfunnit att tv\u00e5 tredjed<\/em>elar<em> av remissinstanserna \u00e4r positiva eller neutrala till att vetot upph\u00e4vs enligt myndigheternas f\u00f6rslag.\u201d Resultatet ligger p\u00e5 deras hemsida under rubriken\u00a0<\/em><\/span><em><a href=\"http:\/\/svenskvindenergi.org\/komm-fran-oss\/remissvaren-ger-tydligt-stod-for-att-upphava-vetot\" target=\"_blank\" rel=\"noopener\"> \u201cRemissvaren ger tydligt st\u00f6d f\u00f6r att upph\u00e4va vetot\u201c<\/a><span style=\"text-align: left; color: #333333; text-transform: none; text-indent: 0px; letter-spacing: normal; font-family: 'Open Sans',Arial,sans-serif; font-size: 16px; font-variant: normal; font-weight: 400; text-decoration: none; word-spacing: 0px; display: inline !important; white-space: normal; orphans: 2; float: none; -webkit-text-stroke-width: 0px; background-color: transparent;\">.\u00a0<\/span><\/em><\/p>\n<p>Svensk Vindenergis slutsats \u00e4r ett skolexempel p\u00e5 &#8220;Hur man ljuger med statistik&#8221;<\/p>\n<p>L\u00e4s hela artikeln<a href=\"https:\/\/www.dagenssamhalle.se\/debatt\/kommunerna-vill-ha-kvar-vindkraftsvetot-20451\"> h\u00e4r<\/a>.<\/p>\n<p>\/Tarabrita<\/p>\n","protected":false},"excerpt":{"rendered":"<p>&#8220;Intresseorganisationen Svensk Vindenergis sammanst\u00e4llning av de inkomna remissvaren \u00e4r grovt felaktig\u00a0&#8211; svenska kommuner vill ha kvar vindkraftsvetot. Vi har gjort en korrekt sammanst\u00e4llning av svaren, och nu v\u00e4ntar vi p\u00e5 propositionen.&#8221; I en artikel i tidningen Dagens samh\u00e4lle granskas Vindkraftsbranschens intresseorganisation Svensk Vindenergis &#8220;tolkning&#8221; av remissvaren\u00a0ang\u00e5ende kommunernas vetor\u00e4tt mot vindkraft . &#8220;Regeringen har lagt ut [&hellip;]<\/p>\n","protected":false},"author":2,"featured_media":0,"comment_status":"open","ping_status":"open","sticky":false,"template":"","format":"standard","meta":{"footnotes":""},"categories":[3],"tags":[],"class_list":["post-2462","post","type-post","status-publish","format-standard","hentry","category-allmant"],"_links":{"self":[{"href":"https:\/\/roan.junselebyar.se\/index.php?rest_route=\/wp\/v2\/posts\/2462","targetHints":{"allow":["GET"]}}],"collection":[{"href":"https:\/\/roan.junselebyar.se\/index.php?rest_route=\/wp\/v2\/posts"}],"about":[{"href":"https:\/\/roan.junselebyar.se\/index.php?rest_route=\/wp\/v2\/types\/post"}],"author":[{"embeddable":true,"href":"https:\/\/roan.junselebyar.se\/index.php?rest_route=\/wp\/v2\/users\/2"}],"replies":[{"embeddable":true,"href":"https:\/\/roan.junselebyar.se\/index.php?rest_route=%2Fwp%2Fv2%2Fcomments&post=2462"}],"version-history":[{"count":2,"href":"https:\/\/roan.junselebyar.se\/index.php?rest_route=\/wp\/v2\/posts\/2462\/revisions"}],"predecessor-version":[{"id":2464,"href":"https:\/\/roan.junselebyar.se\/index.php?rest_route=\/wp\/v2\/posts\/2462\/revisions\/2464"}],"wp:attachment":[{"href":"https:\/\/roan.junselebyar.se\/index.php?rest_route=%2Fwp%2Fv2%2Fmedia&parent=2462"}],"wp:term":[{"taxonomy":"category","embeddable":true,"href":"https:\/\/roan.junselebyar.se\/index.php?rest_route=%2Fwp%2Fv2%2Fcategories&post=2462"},{"taxonomy":"post_tag","embeddable":true,"href":"https:\/\/roan.junselebyar.se\/index.php?rest_route=%2Fwp%2Fv2%2Ftags&post=2462"}],"curies":[{"name":"wp","href":"https:\/\/api.w.org\/{rel}","templated":true}]}}