{"id":2471,"date":"2018-02-09T11:27:12","date_gmt":"2018-02-09T10:27:12","guid":{"rendered":"http:\/\/roan.junselebyar.se\/?p=2471"},"modified":"2018-02-09T11:27:12","modified_gmt":"2018-02-09T10:27:12","slug":"sveket-i-ranasjo","status":"publish","type":"post","link":"https:\/\/roan.junselebyar.se\/?p=2471","title":{"rendered":"Sveket i Ranasj\u00f6"},"content":{"rendered":"<p>Tidningen \u00c5ngermanland har i dag <a href=\"http:\/\/www.allehanda.se\/opinion\/insandare\/sveket-i-ranasjo-kommunen-tillater-vindindustrin-att-forstora-bygdens-omgivning\"> publicerat nedanst\u00e5ende ins\u00e4ndare<\/a> fr\u00e5n Per Fahl\u00e9n<\/p>\n<h4><strong>Sveket i Ranasj\u00f6<\/strong><\/h4>\n<p><span style=\"margin: 0px; font-family: 'SabonLTStd-Roman',serif;\"><span style=\"color: #000000;\">En artikel i T\u00c5 (2018-01-19) ber\u00e4ttar att de boende i Ranasj\u00f6 har nekats pr\u00f6vningstillst\u00e5nd betr\u00e4ffande den planerade vindindustrin. \u00d6ver hela kommunen upprepas samma sak; i st\u00e4llet f\u00f6r att hantera sakfr\u00e5gorna l\u00e4gger myndigheterna fokus p\u00e5 att konstruera sk\u00e4l f\u00f6r f\u00f6rv\u00e4gra medborgarna deras lagliga r\u00e4tt att f\u00e5 sin sak pr\u00f6vad. Sollefte\u00e5 kommun har ett s\u00e4rskilt ansvar. Kommunen har sagt ja till de flesta f\u00f6rslag till vindindustrier trots stor kritik fr\u00e5n ber\u00f6rda medborgare och utan n\u00e5gra faktaunderlag. <\/span><\/span><\/p>\n<p><span style=\"margin: 0px; font-family: 'SabonLTStd-Roman',serif;\"><span style=\"color: #000000;\">I en intervju med EFN menar \u00c5sa Sj\u00f6d\u00e9n (\u00c5S), kommunstyrelsens ordf\u00f6rande, att en viktig del i varf\u00f6r s\u00e5 m\u00e5nga vindkraftsexploat\u00f6rer kommit till Sollefte\u00e5 \u00e4r att kommunen tidigt hade en \u00f6versiktsplan f\u00f6r vindbruk (2008). Men i den planen \u00e4r Ranasj\u00f6 utpekat som direkt ol\u00e4mpligt f\u00f6r vindkraft; citat: \u201dLandskapsbilden l\u00e4ngs Fj\u00e4llsj\u00f6\u00e4lven till\u00e5ter inte st\u00f6rre vindkraftetableringar p\u00e5 grund av sin sm\u00e5skalighet och komplexa natur. M\u00e5nga boende finns l\u00e4ngs \u00e4lven som ocks\u00e5 \u00e4r av stort intresse f\u00f6r friluftsliv.\u201d <\/span><\/span><\/p>\n<p><span style=\"margin: 0px; font-family: 'SabonLTStd-Roman',serif;\"><span style=\"color: #000000;\">Det mesta av vindindustrierna i Sollefte\u00e5 kommun har f\u00e5tt tillst\u00e5nd i strid med den g\u00e4llande planen fr\u00e5n 2008 och p\u00e5 Vaberget beviljades t.ex. tillst\u00e5nd utan att det ens fanns en f\u00e4rdig ans\u00f6kan (inte heller Vaberget bed\u00f6mdes l\u00e4mpligt f\u00f6r storskalig vindkraft i 2008 \u00e5rs plan). Eftersom kommunen saknar kompetens g\u00f6rs ingen egen bed\u00f6mning av ans\u00f6kningarna (b\u00e5de L\u00e4nsstyrelsen och revisionsfirman P &amp; W p\u00e5pekar kommunens brist p\u00e5 kompetens). I besluten kopieras bara exploat\u00f6rernas skrivningar. Sollefte\u00e5 kommun har burit sig skamligt \u00e5t; okunnigt och h\u00e4nsynsl\u00f6st mot ortsbefolkningen. <\/span><\/span><\/p>\n<p><span style=\"margin: 0px; font-family: 'SabonLTStd-Roman',serif;\"><span style=\"color: #000000;\">\u00c5S hoppas mycket p\u00e5 en ny serverhall i L\u00e5ngsele. Men vill man ha den typen av industri b\u00f6r man undvika att kraftigt h\u00f6ja elkostnaderna och s\u00e4nka n\u00e4tkvalit\u00e9n genom en enorm vindkraftsutbyggnad. Den satsning p\u00e5 \u201df\u00f6rdyrbar\u201d el fr\u00e5n sol och vind, som Sverige bedriver, har medf\u00f6rt att v\u00e5ra elkostnader g\u00e5tt fr\u00e5n att vara bland de l\u00e4gsta i v\u00e4rlden till att nu snabbt n\u00e4rma sig de h\u00f6gsta i Europa. Sedan flera \u00e5r m\u00e5ste vi subventionera den elintensiva industrin. Ska kommuninnev\u00e5narna subventionera den t\u00e4nkta serverhallen?<\/span><\/span><\/p>\n<p><span style=\"margin: 0px; font-family: 'SabonLTStd-Roman',serif;\"><span style=\"color: #000000;\">\u00c5S hoppas ocks\u00e5 p\u00e5 att f\u00e5 ett bidrag p\u00e5 n\u00e5gra miljoner fr\u00e5n staten f\u00f6r att man st\u00e4llt upp med att \u00f6del\u00e4gga naturen i kommunen med vindindustrier. Men bara den h\u00f6jning av n\u00e4tavgiften som gjordes i somras p.g.a. p\u00e5b\u00f6rjad anslutning av vindkraft kostar kommunmedborgarna mycket mer. Och den h\u00f6jningen \u00e4r bara b\u00f6rjan. De eventuella bidrag kommunen kan f\u00e5 b\u00f6r g\u00e5 till att kompensera dem som f\u00e5r sin livsmilj\u00f6 f\u00f6rd\u00e4rvad och kanske m\u00e5ste flytta eller blir tvingade att uppl\u00e5ta sin mark f\u00f6r all ny el\u00f6verf\u00f6ring (i stort sett helt utan ers\u00e4ttning!). \u00a0<\/span><\/span><\/p>\n<p><span style=\"color: #000000; font-family: Times New Roman;\">Per Fahl\u00e9n<\/span><\/p>\n","protected":false},"excerpt":{"rendered":"<p>Tidningen \u00c5ngermanland har i dag publicerat nedanst\u00e5ende ins\u00e4ndare fr\u00e5n Per Fahl\u00e9n Sveket i Ranasj\u00f6 En artikel i T\u00c5 (2018-01-19) ber\u00e4ttar att de boende i Ranasj\u00f6 har nekats pr\u00f6vningstillst\u00e5nd betr\u00e4ffande den planerade vindindustrin. \u00d6ver hela kommunen upprepas samma sak; i st\u00e4llet f\u00f6r att hantera sakfr\u00e5gorna l\u00e4gger myndigheterna fokus p\u00e5 att konstruera sk\u00e4l f\u00f6r f\u00f6rv\u00e4gra medborgarna deras [&hellip;]<\/p>\n","protected":false},"author":2,"featured_media":0,"comment_status":"open","ping_status":"open","sticky":false,"template":"","format":"standard","meta":{"footnotes":""},"categories":[3],"tags":[],"class_list":["post-2471","post","type-post","status-publish","format-standard","hentry","category-allmant"],"_links":{"self":[{"href":"https:\/\/roan.junselebyar.se\/index.php?rest_route=\/wp\/v2\/posts\/2471","targetHints":{"allow":["GET"]}}],"collection":[{"href":"https:\/\/roan.junselebyar.se\/index.php?rest_route=\/wp\/v2\/posts"}],"about":[{"href":"https:\/\/roan.junselebyar.se\/index.php?rest_route=\/wp\/v2\/types\/post"}],"author":[{"embeddable":true,"href":"https:\/\/roan.junselebyar.se\/index.php?rest_route=\/wp\/v2\/users\/2"}],"replies":[{"embeddable":true,"href":"https:\/\/roan.junselebyar.se\/index.php?rest_route=%2Fwp%2Fv2%2Fcomments&post=2471"}],"version-history":[{"count":1,"href":"https:\/\/roan.junselebyar.se\/index.php?rest_route=\/wp\/v2\/posts\/2471\/revisions"}],"predecessor-version":[{"id":2472,"href":"https:\/\/roan.junselebyar.se\/index.php?rest_route=\/wp\/v2\/posts\/2471\/revisions\/2472"}],"wp:attachment":[{"href":"https:\/\/roan.junselebyar.se\/index.php?rest_route=%2Fwp%2Fv2%2Fmedia&parent=2471"}],"wp:term":[{"taxonomy":"category","embeddable":true,"href":"https:\/\/roan.junselebyar.se\/index.php?rest_route=%2Fwp%2Fv2%2Fcategories&post=2471"},{"taxonomy":"post_tag","embeddable":true,"href":"https:\/\/roan.junselebyar.se\/index.php?rest_route=%2Fwp%2Fv2%2Ftags&post=2471"}],"curies":[{"name":"wp","href":"https:\/\/api.w.org\/{rel}","templated":true}]}}