{"id":2509,"date":"2018-10-26T12:18:04","date_gmt":"2018-10-26T10:18:04","guid":{"rendered":"http:\/\/roan.junselebyar.se\/?p=2509"},"modified":"2019-01-18T10:59:41","modified_gmt":"2019-01-18T09:59:41","slug":"tankar-for-dagen","status":"publish","type":"post","link":"https:\/\/roan.junselebyar.se\/?p=2509","title":{"rendered":"Tankar f\u00f6r dagen"},"content":{"rendered":"<h3><strong>V\u00e5rt bidrag till att g\u00f6ra v\u00e4rlden h\u00e5llbar!<\/strong><\/h3>\n<p><em>\u201dArise k\u00e4rnverksamhet best\u00e5r i att skapa f\u00f6rnybar energi genom en st\u00e4ndig utveckling av den rena och effektiva vindkraften. Detta \u00e4r v\u00e5rt bidrag till att bek\u00e4mpa klimatf\u00f6r\u00e4ndringarna och att g\u00f6ra v\u00e4rlden h\u00e5llbar.\u201d<\/em><\/p>\n<p>S\u00e5 skriver Arise AB p\u00e5 sin hemsida <a href=\"http:\/\/www.arise.se\/sv\/vart-bidrag-till-att-gora-varlden-hallbar\">http:\/\/www.arise.se\/sv\/vart-bidrag-till-att-gora-varlden-hallbar<\/a><\/p>\n<p>Med dessa och liknande floskler kan natur\/milj\u00f6f\u00f6rst\u00f6relse och m\u00e4nskligt lidande urs\u00e4ktas. Och inte bara av Arise, tyv\u00e4rr!<\/p>\n<p>Storskalig vindkraft klassas de facto om milj\u00f6farlig verksamhet. Det \u00e4r allts\u00e5 medelst milj\u00f6farlig verksamhet som v\u00e4rldsmilj\u00f6n enligt Arise skall r\u00e4ddas.<\/p>\n<p>&nbsp;<\/p>\n<p>P\u00e5 f\u00f6retagets hemsida l\u00e4ser vi vidare under<\/p>\n<p><strong>Parker under utveckling<\/strong>: http:\/\/www.arise.se\/sv\/vindkraftutveckling-0<\/p>\n<p>&nbsp;<\/p>\n<h3><strong>Finn\u00e5berget \u2013 Ragunda och Sollefte\u00e5 kommuner<\/strong><\/h3>\n<p>Ber\u00e4knat antal turbiner: 20-25<\/p>\n<p>Status i projektet: Under pr\u00f6vning hos L\u00e4nsstyrelsen.<\/p>\n<p>&nbsp;<\/p>\n<h3><strong>Ranasj\u00f6h\u00f6jden &amp; Salsj\u00f6h\u00f6jden\u00a0\u2013\u00a0Sollefte\u00e5 kommun<\/strong><\/h3>\n<p>Ber\u00e4knat antal turbiner: 40 resp. 25<\/p>\n<p>Status i projektet: Lagakraftvunnet tillst\u00e5nd,\u00a0arbete med\u00a0linjekoncession p\u00e5g\u00e5r f\u00f6r projektets genomf\u00f6rande.<\/p>\n<p>&nbsp;<\/p>\n<p>I Sollefte\u00e5 kommun avser Arise AB enligt ovan att exploatera Finn\u00e5berg, Salsj\u00f6 och Ranasj\u00f6.<\/p>\n<p>Arise AB \u00e4r ett b\u00f6rsnoterat f\u00f6retag. Du och jag kan investera i detta f\u00f6retag\u2026.k\u00f6pa aktier. \u00a0Vad inneb\u00e4r det att f\u00f6retaget \u00e4r b\u00f6rsnoterat? Vad f\u00e5r f\u00f6retaget att g\u00e5 bra och d\u00e4rmed \u00f6ka vinsten f\u00f6r aktie\u00e4garna? Ja, det viktigaste m\u00e5ste ju vara att generera energi \u00e4ven om f\u00f6retaget \u00e4ven k\u00f6per och s\u00e4ljer vindf\u00f6retag och utvecklar en del. Men till syvende och sist s\u00e5 kan man inte g\u00f6ra bra aff\u00e4rer om inte sj\u00e4lva basen, energigenereringen fungerar. Och f\u00f6r att det skall ske kr\u00e4vs vind. Ju mer det bl\u00e5ser (inom vissa gr\u00e4nser) och ju l\u00e4ngre perioder av god vind dess mer energi.<\/p>\n<p>Men vi vet ocks\u00e5 att de ljud, som alstras av verken, p\u00e5verkar m\u00e5nga n\u00e4rboende m\u00e4nniskor v\u00e4ldigt negativt. Man riskerar\u00a0 s\u00f6mnproblem och andra f\u00f6ljdsymptom. H\u00e4lsan drabbas. Detta vet givetvis \u00e4ven alla exploat\u00f6rer men de v\u00e4ljer att ignorera problemet. Och det \u00e4r ju illa nog. Men att en aktie\u00e4gare\u2026Du eller jag eller n\u00e5gon annan\u2026. skall tj\u00e4na pengar p\u00e5 andra m\u00e4nniskors f\u00f6rs\u00e4mrade livssituation och oh\u00e4lsa och att vi dessutom tj\u00e4nar mer om det bl\u00e5ser mer och ljudsituationen f\u00f6r de drabbade d\u00e4rmed f\u00f6rv\u00e4rras det tycker jag \u00e4r problematiskt \u2026.f\u00f6r att inte s\u00e4ga direkt oetiskt.<\/p>\n<p>Vindkraftbolag anses av n\u00e5gon outgrundlig anledning tillh\u00f6ra de etiska f\u00f6retagen. De skall ju enligt egen utsago \u201dr\u00e4dda v\u00e4rlden\u201d. Samtidigt s\u00e4ger ju det sunda f\u00f6rnuftet att de \u00e4r alldeles oerh\u00f6rt oetiska n\u00e4r det kommer till negativ p\u00e5verkan p\u00e5 n\u00e4rboende m\u00e4nniskor och f.\u00f6. hela den aktuella drabbade milj\u00f6n. Och mer oetiskt blir det ju mer det bl\u00e5ser och ju mer aktie\u00e4garna d\u00e4rmed tj\u00e4nar. Aktie\u00e4garna spekulerar helt enkelt i m\u00e4nniskors f\u00f6rs\u00e4mrade h\u00e4lsa och livsbetingelser.<\/p>\n<p><strong>\u00c4r inte detta ett etiskt dilemma?<\/strong><\/p>\n<p>\/Tarabrita<\/p>\n<p>&nbsp;<\/p>\n","protected":false},"excerpt":{"rendered":"<p>V\u00e5rt bidrag till att g\u00f6ra v\u00e4rlden h\u00e5llbar! \u201dArise k\u00e4rnverksamhet best\u00e5r i att skapa f\u00f6rnybar energi genom en st\u00e4ndig utveckling av den rena och effektiva vindkraften. Detta \u00e4r v\u00e5rt bidrag till att bek\u00e4mpa klimatf\u00f6r\u00e4ndringarna och att g\u00f6ra v\u00e4rlden h\u00e5llbar.\u201d S\u00e5 skriver Arise AB p\u00e5 sin hemsida http:\/\/www.arise.se\/sv\/vart-bidrag-till-att-gora-varlden-hallbar Med dessa och liknande floskler kan natur\/milj\u00f6f\u00f6rst\u00f6relse och m\u00e4nskligt [&hellip;]<\/p>\n","protected":false},"author":2,"featured_media":0,"comment_status":"open","ping_status":"open","sticky":false,"template":"","format":"standard","meta":{"footnotes":""},"categories":[3],"tags":[],"class_list":["post-2509","post","type-post","status-publish","format-standard","hentry","category-allmant"],"_links":{"self":[{"href":"https:\/\/roan.junselebyar.se\/index.php?rest_route=\/wp\/v2\/posts\/2509","targetHints":{"allow":["GET"]}}],"collection":[{"href":"https:\/\/roan.junselebyar.se\/index.php?rest_route=\/wp\/v2\/posts"}],"about":[{"href":"https:\/\/roan.junselebyar.se\/index.php?rest_route=\/wp\/v2\/types\/post"}],"author":[{"embeddable":true,"href":"https:\/\/roan.junselebyar.se\/index.php?rest_route=\/wp\/v2\/users\/2"}],"replies":[{"embeddable":true,"href":"https:\/\/roan.junselebyar.se\/index.php?rest_route=%2Fwp%2Fv2%2Fcomments&post=2509"}],"version-history":[{"count":2,"href":"https:\/\/roan.junselebyar.se\/index.php?rest_route=\/wp\/v2\/posts\/2509\/revisions"}],"predecessor-version":[{"id":2613,"href":"https:\/\/roan.junselebyar.se\/index.php?rest_route=\/wp\/v2\/posts\/2509\/revisions\/2613"}],"wp:attachment":[{"href":"https:\/\/roan.junselebyar.se\/index.php?rest_route=%2Fwp%2Fv2%2Fmedia&parent=2509"}],"wp:term":[{"taxonomy":"category","embeddable":true,"href":"https:\/\/roan.junselebyar.se\/index.php?rest_route=%2Fwp%2Fv2%2Fcategories&post=2509"},{"taxonomy":"post_tag","embeddable":true,"href":"https:\/\/roan.junselebyar.se\/index.php?rest_route=%2Fwp%2Fv2%2Ftags&post=2509"}],"curies":[{"name":"wp","href":"https:\/\/api.w.org\/{rel}","templated":true}]}}