{"id":2511,"date":"2018-10-27T11:20:19","date_gmt":"2018-10-27T09:20:19","guid":{"rendered":"http:\/\/roan.junselebyar.se\/?p=2511"},"modified":"2018-10-27T11:51:18","modified_gmt":"2018-10-27T09:51:18","slug":"vad-vantar-salsjo-ranasjo","status":"publish","type":"post","link":"https:\/\/roan.junselebyar.se\/?p=2511","title":{"rendered":"Vad v\u00e4ntar Salsj\u00f6\/Ranasj\u00f6?"},"content":{"rendered":"<p>Aktiviteterna kring Ranasj\u00f6 tilltar nu. Arise ans\u00f6ker om dispens f\u00f6r k\u00f6rning i terr\u00e4ng med motordrivet fordon p\u00e5 barmark inom Forsn\u00e4set och Krange Vind AB c\/o Arise AB \u00e4r inblandade i samr\u00e5d om uppf\u00f6rande av vindm\u00e4tninsmast<\/p>\n<p>&nbsp;<\/p>\n<p>P\u00e5 Eric Penser Banks hemsida kan man <strong>om Arise<\/strong> l\u00e4sa: (<a href=\"https:\/\/epaccess.penser.se\/bolag\/arise\/\">https:\/\/epaccess.penser.se\/bolag\/arise\/)<\/a><\/p>\n<h3><strong><em>\u201dAFF\u00c4RSID\u00c9<\/em><\/strong><\/h3>\n<p><em>Arise aff\u00e4rsid\u00e9 \u00e4r att vara ett integrerat vindkraftbolag med kontroll \u00f6ver hela v\u00e4rdekedjan: fr\u00e5n prospektering och tillst\u00e5ndshantering till finansiering, byggande och drift av verken.\u201d<\/em><\/p>\n<h4><strong>Under rubriken<\/strong> <strong><em>\u00d6kat fokus p\u00e5 v\u00e4xande pipeline<\/em><\/strong> (\u201dPipeline\u201d avser h\u00e4r <strong>projekt<\/strong> som f\u00e4rdigst\u00e4lls (inte n\u00f6dv\u00e4ndigtvis \u00e4ven byggs) och snart skall s\u00e4ljas<strong>) st\u00e5r:<\/strong><\/h4>\n<p><em>\u201dTrots en uppg\u00e5ng i kraft- och certifikatpriserna s\u00e5 pressade fr\u00e5nvaron av projektf\u00f6rs\u00e4ljningar och svag vindkraftsproduktion int\u00e4kter och EBIT<\/em>(=r\u00f6relsekapital)<em> till SEKm 48 resp. SEKm 6 i Q2. <strong>Med Krange Vinds tv\u00e5 parker om totalt 180 MW och en<\/strong> <strong>fortsatt positiv trend i utl\u00e4ndskt investerarintresse p\u00e5 projektf\u00f6rs\u00e4ljningsmarknaden<\/strong> ser vi goda f\u00f6ruts\u00e4ttningar att bolaget ska kunna s\u00e4lja de \u00f6ver 400 MW os\u00e5lda projekt f\u00f6rdelade p\u00e5 fem parker man har n\u00e4rmast i pipeline, vilket skulle inneb\u00e4ra ett betydande l\u00f6nsamhetslyft 2019 och framf\u00f6rallt 2020. &#8220;<\/em><\/p>\n<p>Och l\u00e4ngre ner:<\/p>\n<p><strong><em>\u201dBetydande breddning av pipeline:<\/em><\/strong><\/p>\n<p><em>Inom projektutvecklingen forts\u00e4tter byggnationen av Svartn\u00e4s p\u00e5 115 MW, som ber\u00e4knas klar i Q1 2019, samt arbetet med att slutplanera Br\u00f6cklingeberget p\u00e5 45 MW och Enviksberget p\u00e5 35 MW s\u00e5 att de kan s\u00e4ljas under andra halv\u00e5ret. D\u00e4rtill har Skaft\u00e5sen p\u00e5 ca 150 MW beviljats eln\u00e4tskoncession. Vi har tidigare lyft fram dessa fyra projekt som avg\u00f6rande f\u00f6r int\u00e4ktsutsikterna, <strong>men med optionsavtalet om f\u00f6rv\u00e4rv av Krange Vinds tv\u00e5 projekt, Ranasj\u00f6h\u00f6jden p\u00e5 ca 110 MW och Salsj\u00f6h\u00f6jden p\u00e5 ca 70 MW, som ber\u00e4knas kunna s\u00e4ljas mot slutet av 2019, har bolaget breddat sin pipeline markant, d\u00e5 risken ocks\u00e5 f\u00f6rdelas p\u00e5 sex ist\u00e4llet f\u00f6r fyra projekt.\u201d<\/strong><\/em><\/p>\n<p><strong>H\u00e4r kan vi allts\u00e5 l\u00e4sa om planerna f\u00f6r Ranasj\u00f6 och Salsj\u00f6. De skall f\u00e4rdigst\u00e4llas f\u00f6r utbyggnad och d\u00e4refter f\u00f6rs\u00e4ljas mot slutet av 2019\u2026f\u00f6rmodligen till utl\u00e4ndska investerare. <\/strong><\/p>\n<p><strong>Man blir l\u00e4tt kr\u00e4kf\u00e4rdig: F\u00f6rst sviks de n\u00e4rboende, de drabbade m\u00e4nniskorna, av \u201dsin\u201d kommun, som s\u00e4ljer ut deras livsmilj\u00f6 till Flodin(Krange Vind). Och i sin iver att bereda Flodin tilltr\u00e4de till dessa omr\u00e5den drar sig kommunen h\u00e4rvid inte ens f\u00f6r att, medelst en 2013 genomf\u00f6rd \u201dV\u00e4gledning\u201d, manipulera sin egen vindkraft\u00f6versiktsplan, F\u00d6P 2008. \u00a0D\u00e4refter hanteras dessa omistliga, natursk\u00f6na \u00c5dalsomr\u00e5den som vilken struntvara som helst. M\u00e4nniskornas livsmilj\u00f6 k\u00f6ps och s\u00e4ljs ut p\u00e5 en global marknad till hugade spekulanter som om detta r\u00f6rde sig om ett parti \u00f6verskottskalsonger. Och dessa omr\u00e5den och livsmilj\u00f6er blir f\u00f6rem\u00e5l f\u00f6r spekulation. <\/strong><\/p>\n<p><strong>\u00c4r jag helt ensam om att tycka att det \u00e4r genomruttet?????<\/strong><\/p>\n<p><strong>\u00a0<\/strong><\/p>\n<p><strong>P\u00e5 samma hemsida ( <\/strong><a href=\"https:\/\/epaccess.penser.se\/bolag\/arise\/\">https:\/\/epaccess.penser.se\/bolag\/arise\/<\/a><u>)<\/u><\/p>\n<p><strong>\u00a0kan man \u00e4ven l\u00e4sa om beslutsfattarna i Arise. \u00a0Nedan ett litet axplock:<\/strong><\/p>\n<p>Daniel Johansson Ledning | VD<\/p>\n<p>F\u00f6dd 1970. Daniel har stor kunskap och erfarenhet i energifr\u00e5gor. Han har tidigare varit <strong>statssekreterare i Alliansregeringen<\/strong> samt har ett f\u00f6rflutet inom finansbranschen.<\/p>\n<p>Joachim <strong>Gahm<\/strong> (no comments) Styrelse | Ordf\u00f6rande<\/p>\n<p>F\u00f6dd 1964. Joachim Gahm \u00e4r del\u00e4gare. Han \u00e4r civilekonom fr\u00e5n Stockholms uniersitet. Tidigare verkst\u00e4llande direkt\u00f6r i E. \u00d6hman J:or Investment AB och vice verkst\u00e4llande direkt\u00f6r och styrelseledamot E. \u00d6hman J:or Fondkommission AB. Styrelseledamot i Kungsleden AB och Catella.<\/p>\n<p><strong>Maud Olofsson<\/strong> Styrelse | Ledamot<\/p>\n<p>F\u00f6dd 1955. \u00f6vriga uppdrag: Styrelseordf\u00f6rande i Visita och styrelseledamot i Di\u00f6s Fastigheter, Envac, \u00c5F samt i ROMO Norr. Tidigare Centerpartiets partiledare 2001\u20132011, Sveriges n\u00e4rings- och energiminister 2006\u20132011 och vice statsminister 2006\u20132010.<\/p>\n<p><strong>OCH <\/strong>(egen anm.): ansvarig f\u00f6r Nuonaff\u00e4ren, som av Skattebetalarnas tidning Sunt F\u00f6rnufts l\u00e4sare r\u00f6stades fram som Sveriges v\u00e4rsta sl\u00f6seri.<\/p>\n<p>&nbsp;<\/p>\n<p><strong>Vad vet vi mer om Ranasj\u00f6\/Salsj\u00f6?<\/strong><\/p>\n<p><strong>30 aug<\/strong><strong>\u00a0\u00a0fanns i T\u00c5 en l\u00e5st artikel\u00a0 med rubriken<\/strong><\/p>\n<p>\u201dNordanvind skriver avtal med vindkraftsj\u00e4tte \u2013 hoppas kunna b\u00f6rja bygga utanf\u00f6r Ramsele n\u00e4sta vinter\u201d<\/p>\n<p><a href=\"https:\/\/www.allehanda.se\/logga-in\/nordanvind-skriver-avtal-med-vindkraftsjatte-hoppas-kunna-borja-bygga-utanfor-ramsele-nasta-vinter\">https:\/\/www.allehanda.se\/logga-in\/nordanvind-skriver-avtal-med-vindkraftsjatte-hoppas-kunna-borja-bygga-utanfor-ramsele-nasta-vinter<\/a><\/p>\n<p>&nbsp;<\/p>\n<p>D\u00e4r uppgav Flodin (om n\u00e5gon har lyckats missa det s\u00e5 \u00e4r det han, som \u00e4r ansvarig f\u00f6r en stor del av det vindindustriel\u00e4nde, som \u00c5dalen nu n\u00e4r snart alla tillst\u00e5ndsgivna industrier skall &#8220;kr\u00f6na&#8221; v\u00e5ra berg skall drabbas av) att det kommer att<\/p>\n<p><strong>bli st\u00f6rre och f\u00e4rre verk.<\/strong><\/p>\n<p><strong>F\u00f6r Ranasj\u00f6 g\u00e4ller tillst\u00e5ndet en maxh\u00f6jd p\u00e5 201 meter. Det \u00e4r inte l\u00e4tt att veta vad Flodin menar med st\u00f6rre verk men om de skall vara h\u00f6gre s\u00e5 fordras nya tillst\u00e5nd.<\/strong><\/p>\n<p>&nbsp;<\/p>\n<p><strong>F.\u00f6. sj\u00f6nk Ariseaktien i g\u00e5r med drygt 2%. Det gl\u00e4der i alla fall <\/strong><\/p>\n<p>&nbsp;<\/p>\n<p>Tarabrita<\/p>\n","protected":false},"excerpt":{"rendered":"<p>Aktiviteterna kring Ranasj\u00f6 tilltar nu. Arise ans\u00f6ker om dispens f\u00f6r k\u00f6rning i terr\u00e4ng med motordrivet fordon p\u00e5 barmark inom Forsn\u00e4set och Krange Vind AB c\/o Arise AB \u00e4r inblandade i samr\u00e5d om uppf\u00f6rande av vindm\u00e4tninsmast &nbsp; P\u00e5 Eric Penser Banks hemsida kan man om Arise l\u00e4sa: (https:\/\/epaccess.penser.se\/bolag\/arise\/) \u201dAFF\u00c4RSID\u00c9 Arise aff\u00e4rsid\u00e9 \u00e4r att vara ett integrerat [&hellip;]<\/p>\n","protected":false},"author":2,"featured_media":0,"comment_status":"open","ping_status":"open","sticky":false,"template":"","format":"standard","meta":{"footnotes":""},"categories":[3],"tags":[],"class_list":["post-2511","post","type-post","status-publish","format-standard","hentry","category-allmant"],"_links":{"self":[{"href":"https:\/\/roan.junselebyar.se\/index.php?rest_route=\/wp\/v2\/posts\/2511","targetHints":{"allow":["GET"]}}],"collection":[{"href":"https:\/\/roan.junselebyar.se\/index.php?rest_route=\/wp\/v2\/posts"}],"about":[{"href":"https:\/\/roan.junselebyar.se\/index.php?rest_route=\/wp\/v2\/types\/post"}],"author":[{"embeddable":true,"href":"https:\/\/roan.junselebyar.se\/index.php?rest_route=\/wp\/v2\/users\/2"}],"replies":[{"embeddable":true,"href":"https:\/\/roan.junselebyar.se\/index.php?rest_route=%2Fwp%2Fv2%2Fcomments&post=2511"}],"version-history":[{"count":5,"href":"https:\/\/roan.junselebyar.se\/index.php?rest_route=\/wp\/v2\/posts\/2511\/revisions"}],"predecessor-version":[{"id":2516,"href":"https:\/\/roan.junselebyar.se\/index.php?rest_route=\/wp\/v2\/posts\/2511\/revisions\/2516"}],"wp:attachment":[{"href":"https:\/\/roan.junselebyar.se\/index.php?rest_route=%2Fwp%2Fv2%2Fmedia&parent=2511"}],"wp:term":[{"taxonomy":"category","embeddable":true,"href":"https:\/\/roan.junselebyar.se\/index.php?rest_route=%2Fwp%2Fv2%2Fcategories&post=2511"},{"taxonomy":"post_tag","embeddable":true,"href":"https:\/\/roan.junselebyar.se\/index.php?rest_route=%2Fwp%2Fv2%2Ftags&post=2511"}],"curies":[{"name":"wp","href":"https:\/\/api.w.org\/{rel}","templated":true}]}}