{"id":2626,"date":"2019-02-10T14:14:12","date_gmt":"2019-02-10T13:14:12","guid":{"rendered":"http:\/\/roan.junselebyar.se\/?p=2626"},"modified":"2019-03-13T14:54:09","modified_gmt":"2019-03-13T13:54:09","slug":"fakta-nya-hotet-mot-flakaberget","status":"publish","type":"post","link":"https:\/\/roan.junselebyar.se\/?p=2626","title":{"rendered":"Om nya hotet mot Flakaberget"},"content":{"rendered":"<p><strong>F\u00f6r Flakabergets tidigare vindhistorik se <a href=\"http:\/\/roan.junselebyar.se\/?p=2400\">denna sida.<\/a><\/strong><\/p>\n<p>I slutet av 2017 \u201d\u00e4gdes\u201d detta projekt av Vindvision Norr AB, Ownpower Projects och Borago utvecklings AB och deras intressen bevakades av Flodin exempelvis genom den symboliska ig\u00e5ngs\u00e4ttningen.<\/p>\n<p>Vad \u00e4r det h\u00e4r f\u00f6r f\u00f6retag? 1094-2019<\/p>\n<p><strong>Vindvision Norr AB: <\/strong><\/p>\n<table width=\"594\">\n<tbody>\n<tr>\n<td width=\"229\"><em>VD <\/em><\/td>\n<td><a href=\"https:\/\/www.ratsit.se\/19580401-Par_Ola_Saterhall_Froson\/As2oJrdXWL3MTvySwpBJzcnhP3skd2ZkdwEUadAwMPM\">S\u00e4terhall, P\u00e4r Ola (60) <\/a><\/td>\n<\/tr>\n<\/tbody>\n<\/table>\n<p>Norrliden Vindpark AB \u00e4r ett annat i nul\u00e4get inaktivt frist\u00e5ende S\u00e4terhallbolag:<\/p>\n<p><i>Styrelseledamot \u00a0\u00a0<a href=\"https:\/\/www.ratsit.se\/19580401-Par_Ola_Saterhall_Froson\/As2oJrdXWL3MTvySwpBJzcnhP3skd2ZkdwEUadAwMPM\">S\u00e4terhall, P\u00e4r Ola<\/a><\/i><\/p>\n<p><i>Styrelsesuppleant \u00a0<a href=\"https:\/\/www.ratsit.se\/19541223-Dag_Melker_Jakob_Melkersson_Taby\/9fEVmswRB7l2cxXrktIWidefrY4zIylVhsSUQ7rXIP0\">Melkersson, Dag Melker Jakob<\/a><\/i><\/p>\n<p>&nbsp;<\/p>\n<p><strong>OWN POWER Sweden AB<\/strong><\/p>\n<table width=\"1012\">\n<tbody>\n<tr>\n<td width=\"167\"><em>Koncernmoderbolag<\/em><\/td>\n<td><a href=\"https:\/\/www.ratsit.se\/5565990263-Own_Power_Sweden_AB\"><em>Own Power Sweden AB<\/em> <\/a><\/td>\n<\/tr>\n<tr>\n<td width=\"167\"><em>Moderbolag<\/em><\/td>\n<td><a href=\"https:\/\/www.ratsit.se\/5567940365-OPP_Owner_AB\"><em>OPP Owner AB<\/em> <\/a><\/td>\n<\/tr>\n<\/tbody>\n<\/table>\n<p>&nbsp;<\/p>\n<p><strong>\u00a0<\/strong>I Ristr\u00e4sk Vind AB, som \u00e4r ett dotterbolag, finner vi<strong>:<\/strong><\/p>\n<table width=\"100%\">\n<tbody>\n<tr>\n<td width=\"36%\">Styrelsesuppleant<\/td>\n<td><strong><em><a href=\"https:\/\/www.ratsit.se\/19541223-Dag_Melker_Jakob_Melkersson_Taby\/9fEVmswRB7l2cxXrktIWidefrY4zIylVhsSUQ7rXIP0\">Melkersson, Dag Melker Jakob (64) <\/a><\/em><\/strong><\/td>\n<td><\/td>\n<\/tr>\n<tr>\n<td width=\"36%\">Styrelsesuppleant<\/td>\n<td><strong><em><a href=\"https:\/\/www.ratsit.se\/19580401-Par_Ola_Saterhall_Froson\/As2oJrdXWL3MTvySwpBJzcnhP3skd2ZkdwEUadAwMPM\">S\u00e4terhall, P\u00e4r Ola (60) <\/a><\/em><\/strong><\/td>\n<td><\/td>\n<\/tr>\n<\/tbody>\n<\/table>\n<p><strong>\u00a0<\/strong><\/p>\n<p><strong>Borago utveklings AB <\/strong><\/p>\n<p>VD Dag Melkersson<\/p>\n<p>I ett annat av Dag Melkerssons bolag Vallsta Vindkraft AB \u00e5terfinns, ja vad tror ni?<\/p>\n<table width=\"604\">\n<tbody>\n<tr>\n<td colspan=\"4\" width=\"572\"><\/td>\n<\/tr>\n<tr>\n<td width=\"229\"><em>VD <\/em><\/td>\n<td><a href=\"https:\/\/www.ratsit.se\/19541223-Dag_Melker_Jakob_Melkersson_Taby\/9fEVmswRB7l2cxXrktIWidefrY4zIylVhsSUQ7rXIP0\">Melkersson, Dag Melker Jakob (64) <\/a><\/td>\n<td><\/td>\n<td><\/td>\n<\/tr>\n<tr>\n<td width=\"229\"><em>Vice VD <\/em><\/td>\n<td><a href=\"https:\/\/www.ratsit.se\/19580401-Par_Ola_Saterhall_Froson\/As2oJrdXWL3MTvySwpBJzcnhP3skd2ZkdwEUadAwMPM\">S\u00e4terhall, P\u00e4r Ola (60) <\/a><\/td>\n<td><\/td>\n<td><\/td>\n<\/tr>\n<\/tbody>\n<\/table>\n<p>&nbsp;<\/p>\n<p>Fler eventuella m\u00f6jliga vindbolagskopplingar S\u00e4terhall\/Melkerson \u00e4r ej inventerade h\u00e4r. Men de finns s\u00e4kert.<\/p>\n<p>I nu aktuell samr\u00e5dsans\u00f6kan \u00e4r det just dessa tv\u00e5, Melkersson och S\u00e4terhall som st\u00e5r f\u00f6r Mitt Vind AB (som inte finns enligt Bolagsverket) och som allts\u00e5 nu vill ans\u00f6ka om milj\u00f6farlig, storskalig vindindustri p\u00e5 Flakaberget.\u00a0<span style=\"display: inline !important; float: none; background-color: transparent; color: #333333; cursor: text; font-family: Georgia,'Times New Roman','Bitstream Charter',Times,serif; font-size: 16px; font-style: normal; font-variant: normal; font-weight: 400; letter-spacing: normal; orphans: 2; text-align: left; text-decoration: none; text-indent: 0px; text-transform: none; -webkit-text-stroke-width: 0px; white-space: normal; word-spacing: 0px;\">Kontakten mellan ber\u00f6rda bolag kommun och l\u00e4nsstyrelse g\u00e5r givetvis genom Flodin.\u00a0<\/span><\/p>\n<p><strong>Sj\u00e4lva namnet Mitt Vind AB \u00e4r orov\u00e4ckande. Det skulle kunna t\u00e4cka m\u00e5nga l\u00e4gen h\u00e4r omkring.<\/strong><\/p>\n<p>Detta inslag har redigerats 12\/2<\/p>\n<p>\/Tarabrita<\/p>\n","protected":false},"excerpt":{"rendered":"<p>F\u00f6r Flakabergets tidigare vindhistorik se denna sida. I slutet av 2017 \u201d\u00e4gdes\u201d detta projekt av Vindvision Norr AB, Ownpower Projects och Borago utvecklings AB och deras intressen bevakades av Flodin exempelvis genom den symboliska ig\u00e5ngs\u00e4ttningen. Vad \u00e4r det h\u00e4r f\u00f6r f\u00f6retag? 1094-2019 Vindvision Norr AB: VD S\u00e4terhall, P\u00e4r Ola (60) Norrliden Vindpark AB \u00e4r ett [&hellip;]<\/p>\n","protected":false},"author":2,"featured_media":0,"comment_status":"open","ping_status":"open","sticky":false,"template":"","format":"standard","meta":{"footnotes":""},"categories":[3],"tags":[],"class_list":["post-2626","post","type-post","status-publish","format-standard","hentry","category-allmant"],"_links":{"self":[{"href":"https:\/\/roan.junselebyar.se\/index.php?rest_route=\/wp\/v2\/posts\/2626","targetHints":{"allow":["GET"]}}],"collection":[{"href":"https:\/\/roan.junselebyar.se\/index.php?rest_route=\/wp\/v2\/posts"}],"about":[{"href":"https:\/\/roan.junselebyar.se\/index.php?rest_route=\/wp\/v2\/types\/post"}],"author":[{"embeddable":true,"href":"https:\/\/roan.junselebyar.se\/index.php?rest_route=\/wp\/v2\/users\/2"}],"replies":[{"embeddable":true,"href":"https:\/\/roan.junselebyar.se\/index.php?rest_route=%2Fwp%2Fv2%2Fcomments&post=2626"}],"version-history":[{"count":9,"href":"https:\/\/roan.junselebyar.se\/index.php?rest_route=\/wp\/v2\/posts\/2626\/revisions"}],"predecessor-version":[{"id":2709,"href":"https:\/\/roan.junselebyar.se\/index.php?rest_route=\/wp\/v2\/posts\/2626\/revisions\/2709"}],"wp:attachment":[{"href":"https:\/\/roan.junselebyar.se\/index.php?rest_route=%2Fwp%2Fv2%2Fmedia&parent=2626"}],"wp:term":[{"taxonomy":"category","embeddable":true,"href":"https:\/\/roan.junselebyar.se\/index.php?rest_route=%2Fwp%2Fv2%2Fcategories&post=2626"},{"taxonomy":"post_tag","embeddable":true,"href":"https:\/\/roan.junselebyar.se\/index.php?rest_route=%2Fwp%2Fv2%2Ftags&post=2626"}],"curies":[{"name":"wp","href":"https:\/\/api.w.org\/{rel}","templated":true}]}}