{"id":2637,"date":"2019-02-13T12:40:43","date_gmt":"2019-02-13T11:40:43","guid":{"rendered":"http:\/\/roan.junselebyar.se\/?p=2637"},"modified":"2019-03-13T14:52:52","modified_gmt":"2019-03-13T13:52:52","slug":"vem-ager-mitt-nytt-ab","status":"publish","type":"post","link":"https:\/\/roan.junselebyar.se\/?p=2637","title":{"rendered":"Vem \u00e4ger Mitt Vind AB?"},"content":{"rendered":"<p>Mitt Vind AB har nu ett p\u00e5g\u00e5ende \u00e4rende hos Bolagsverket. Det visar sig att det \u00e4r ett Dag Melkerssonbolag, <strong>Vallsta Vindkraft AB<\/strong>, som byter namn till Mitt Vind AB. Detta besl\u00f6ts 8\/12 av de tv\u00e5 bolag, Borago Utvecklings AB och Vindvision Norr, som kommer att \u00e4ga\/\u00e4ger 50% vardera av aktierna. Och nu ligger \u00e4rendet hos Bolagsverket.\u00a0 Mittvind: 1094 2019<\/p>\n<p>S\u00e5 h\u00e4r s\u00e5g det ut i <strong>Vallsta Vindkraft AB<\/strong> innan det kommande namnbytet:<\/p>\n<table width=\"604\">\n<tbody>\n<tr>\n<td width=\"229\"><em>VD <\/em><\/td>\n<td><a href=\"https:\/\/www.ratsit.se\/19541223-Dag_Melker_Jakob_Melkersson_Taby\/9fEVmswRB7l2cxXrktIWidefrY4zIylVhsSUQ7rXIP0\">Melkersson, Dag Melker Jakob (64) <\/a><\/td>\n<td><\/td>\n<td><\/td>\n<\/tr>\n<tr>\n<td width=\"229\"><em>Vice VD <\/em><\/td>\n<td><a href=\"https:\/\/www.ratsit.se\/19580401-Par_Ola_Saterhall_Froson\/As2oJrdXWL3MTvySwpBJzcnhP3skd2ZkdwEUadAwMPM\">S\u00e4terhall, P\u00e4r Ola (60) <\/a><\/td>\n<td><\/td>\n<td><\/td>\n<\/tr>\n<\/tbody>\n<\/table>\n<p>&nbsp;<\/p>\n<p><a href=\"http:\/\/www.vindvision.se\/\"><strong>Vindvision Norr AB<\/strong> <\/a>\u00e4r ett Per Ola S\u00e4terhallbolag.<\/p>\n<p><em>Styrelseledamot \u00a0\u00a0<a href=\"https:\/\/www.ratsit.se\/19580401-Par_Ola_Saterhall_Froson\/As2oJrdXWL3MTvySwpBJzcnhP3skd2ZkdwEUadAwMPM\">S\u00e4terhall, P\u00e4r Ola<\/a><\/em>\u00a0\u00a0\u00a0\u00a0 <em>Styrelsesuppleant \u00a0<a href=\"https:\/\/www.ratsit.se\/19541223-Dag_Melker_Jakob_Melkersson_Taby\/9fEVmswRB7l2cxXrktIWidefrY4zIylVhsSUQ7rXIP0\">Melkersson, Dag Melker Jakob<\/a><\/em><\/p>\n<p>Aktuella projekt:<\/p>\n<ul>\n<li>\n<p class=\"dokumenttext\">Handsj\u00f6n 2 X 2 MW. Klart bygglov<\/p>\n<\/li>\n<li>\n<p class=\"dokumenttext\">Bodtj\u00e4rnberget, Fanbyn Br\u00e4cke 2 x 2,5 MW. Klart bygglov<\/p>\n<\/li>\n<li>\n<p class=\"dokumenttext\">Norrliden, Bj\u00f6rksele 5 x 2,5 MW, \u00f6verklagat bygglov<\/p>\n<\/li>\n<\/ul>\n<table cellspacing=\"0\" cellpadding=\"0\">\n<tbody>\n<tr>\n<td>\n<div id=\"Comp25_sys_doctext\">\n<h1 class=\"h1\">Tidigare projekt<\/h1>\n<p class=\"dokumenttext\">P-O S\u00e4terhall har under 2000-2007 ansvarat f\u00f6r bl.a. f\u00f6ljande projekt genom tidigare verksamhet:<\/p>\n<table width=\"470\" cellspacing=\"0\" cellpadding=\"4\">\n<tbody>\n<tr>\n<td valign=\"top\" width=\"181\"><strong>Projekt\u00a0\u00a0<\/strong><\/td>\n<td valign=\"top\" width=\"117\"><strong>Storlek\u00a0\u00a0\u00a0\u00a0\u00a0<\/strong><\/td>\n<td valign=\"top\" width=\"144\"><strong>Anm\u00e4rkning<\/strong><\/td>\n<\/tr>\n<tr>\n<td valign=\"top\" width=\"181\">Vallrun, \u00c5kersj\u00f6n<\/td>\n<td valign=\"top\" width=\"117\">0,8 MW<\/td>\n<td valign=\"top\" width=\"144\">I drift<\/td>\n<\/tr>\n<tr>\n<td valign=\"top\" width=\"181\">Bj\u00f6rnskallen, Ljungdalen<\/td>\n<td valign=\"top\" width=\"117\">0,8 MW\/etapp 1<\/td>\n<td valign=\"top\" width=\"144\">I drift<\/td>\n<\/tr>\n<tr>\n<td valign=\"top\" width=\"181\">\u00d6stest-Kr\u00f6ket, T\u00e4nn\u00e4s<\/td>\n<td valign=\"top\" width=\"117\">0,8 MW\/etapp 1<\/td>\n<td valign=\"top\" width=\"144\">I drift<\/td>\n<\/tr>\n<tr>\n<td valign=\"top\" width=\"181\">Bodberget, Harrsj\u00f6n<\/td>\n<td valign=\"top\" width=\"117\">1 MW\/etapp 1<\/td>\n<td valign=\"top\" width=\"144\">I drift<\/td>\n<\/tr>\n<tr>\n<td valign=\"top\" width=\"181\">Skarvsj\u00f6 by<\/td>\n<td valign=\"top\" width=\"117\">1 MW<\/td>\n<td valign=\"top\" width=\"144\">I drift<\/td>\n<\/tr>\n<tr>\n<td valign=\"top\" width=\"181\">Middagsberget, Sk\u00e5lan<\/td>\n<td width=\"117\">6 MW<\/td>\n<td valign=\"top\" width=\"144\">I drift<\/td>\n<\/tr>\n<tr>\n<td valign=\"top\" width=\"181\">R\u00e4tans-Digerberget, R\u00e4tan<\/td>\n<td valign=\"top\" width=\"117\">10 MW<\/td>\n<td valign=\"top\" width=\"144\">I drift<\/td>\n<\/tr>\n<tr>\n<td valign=\"top\" width=\"181\">Stentj\u00e4rn\u00e5sen, T\u00e4nn\u00e4s<\/td>\n<td valign=\"top\" width=\"117\">10 MW<\/td>\n<td valign=\"top\" width=\"144\">I drift<\/td>\n<\/tr>\n<tr>\n<td valign=\"top\" width=\"181\">Kommerberget<\/td>\n<td valign=\"top\" width=\"117\">2 MW<\/td>\n<td valign=\"top\" width=\"144\">I drift<\/td>\n<\/tr>\n<\/tbody>\n<\/table>\n<p>&nbsp;<\/p>\n<p><b>Under 2007-2012 har f\u00f6ljande projekt f\u00e5tt klara tillst\u00e5nd, genom Vindvisions initiativ och medverkan:<\/b><\/p>\n<table width=\"470\" cellspacing=\"0\" cellpadding=\"4\">\n<tbody>\n<tr>\n<td valign=\"top\" width=\"181\"><strong>Projekt\u00a0\u00a0<\/strong><\/p>\n<p>&nbsp;<\/td>\n<td valign=\"top\" width=\"114\"><strong>Storlek\u00a0\u00a0\u00a0\u00a0\u00a0<\/strong><\/td>\n<td valign=\"top\" width=\"147\"><strong>Anm\u00e4rkning<\/strong><\/td>\n<\/tr>\n<tr>\n<td valign=\"top\" width=\"181\">Ristr\u00e4sk<\/td>\n<td valign=\"top\" width=\"114\">0,8 MW<\/td>\n<td valign=\"top\" width=\"147\">I drift<\/td>\n<\/tr>\n<tr>\n<td valign=\"top\" width=\"181\">Svartvallsberget<\/td>\n<td valign=\"top\" width=\"114\">20 MW<\/td>\n<td valign=\"top\" width=\"147\">I drift<\/td>\n<\/tr>\n<tr>\n<td valign=\"top\" width=\"181\">Svartboklint<\/td>\n<td valign=\"top\" width=\"114\">8 MW<\/td>\n<td valign=\"top\" width=\"147\">Nedlagt<\/td>\n<\/tr>\n<tr>\n<td valign=\"top\" width=\"181\">Flakaberget<\/td>\n<td valign=\"top\" width=\"114\">12 MW<\/td>\n<td valign=\"top\" width=\"147\">Byggs 2016-2017<\/td>\n<\/tr>\n<tr>\n<td valign=\"top\" width=\"181\">Svanabyn<\/td>\n<td valign=\"top\" width=\"114\">12 MW<\/td>\n<td valign=\"top\" width=\"147\">Byggs 2015-2018<\/td>\n<\/tr>\n<tr>\n<td valign=\"top\" width=\"181\">Ollebacken 1<\/td>\n<td valign=\"top\" width=\"114\">10 MW<\/td>\n<td valign=\"top\" width=\"147\">I drift<\/td>\n<\/tr>\n<tr>\n<td valign=\"top\" width=\"181\">Ollebacken 2<\/td>\n<td valign=\"top\" width=\"114\">10-12 MW<\/td>\n<td valign=\"top\" width=\"147\">Byggs 2013-2018<\/td>\n<\/tr>\n<tr>\n<td valign=\"top\" width=\"181\">Br\u00f6cklingberget<\/td>\n<td width=\"114\">20-25MW<\/td>\n<td valign=\"top\" width=\"147\">Byggs 2015-2018<\/td>\n<\/tr>\n<tr>\n<td valign=\"top\" width=\"181\">Handsj\u00f6krusen<\/td>\n<td valign=\"top\" width=\"114\">4 MW<\/td>\n<td valign=\"top\" width=\"147\">Byggs 2015-2018<\/td>\n<\/tr>\n<tr>\n<td valign=\"top\" width=\"181\">Fanbyn<\/td>\n<td valign=\"top\" width=\"114\">4 MW<\/td>\n<td valign=\"top\" width=\"147\">Byggs 2015-2018<\/td>\n<\/tr>\n<tr>\n<td valign=\"top\" width=\"181\">Eldsberga, Halmstad<\/td>\n<td valign=\"top\" width=\"114\">2 MW<\/td>\n<td valign=\"top\" width=\"147\">I drift<\/td>\n<\/tr>\n<\/tbody>\n<\/table>\n<p>&nbsp;<\/p>\n<\/div>\n<\/td>\n<\/tr>\n<\/tbody>\n<\/table>\n<p>&nbsp;<\/p>\n<p><strong>Var tog OWN POWER Sweden AB v\u00e4gen? Kanske hade det bolaget det goda omd\u00f6met att l\u00e4mna detta projekt.<\/strong><\/p>\n<p><strong>\u00a0<\/strong><\/p>\n<p><strong>\/Tarabrita<\/strong><\/p>\n","protected":false},"excerpt":{"rendered":"<p>Mitt Vind AB har nu ett p\u00e5g\u00e5ende \u00e4rende hos Bolagsverket. Det visar sig att det \u00e4r ett Dag Melkerssonbolag, Vallsta Vindkraft AB, som byter namn till Mitt Vind AB. Detta besl\u00f6ts 8\/12 av de tv\u00e5 bolag, Borago Utvecklings AB och Vindvision Norr, som kommer att \u00e4ga\/\u00e4ger 50% vardera av aktierna. Och nu ligger \u00e4rendet hos [&hellip;]<\/p>\n","protected":false},"author":2,"featured_media":0,"comment_status":"open","ping_status":"open","sticky":false,"template":"","format":"standard","meta":{"footnotes":""},"categories":[3],"tags":[],"class_list":["post-2637","post","type-post","status-publish","format-standard","hentry","category-allmant"],"_links":{"self":[{"href":"https:\/\/roan.junselebyar.se\/index.php?rest_route=\/wp\/v2\/posts\/2637","targetHints":{"allow":["GET"]}}],"collection":[{"href":"https:\/\/roan.junselebyar.se\/index.php?rest_route=\/wp\/v2\/posts"}],"about":[{"href":"https:\/\/roan.junselebyar.se\/index.php?rest_route=\/wp\/v2\/types\/post"}],"author":[{"embeddable":true,"href":"https:\/\/roan.junselebyar.se\/index.php?rest_route=\/wp\/v2\/users\/2"}],"replies":[{"embeddable":true,"href":"https:\/\/roan.junselebyar.se\/index.php?rest_route=%2Fwp%2Fv2%2Fcomments&post=2637"}],"version-history":[{"count":5,"href":"https:\/\/roan.junselebyar.se\/index.php?rest_route=\/wp\/v2\/posts\/2637\/revisions"}],"predecessor-version":[{"id":2708,"href":"https:\/\/roan.junselebyar.se\/index.php?rest_route=\/wp\/v2\/posts\/2637\/revisions\/2708"}],"wp:attachment":[{"href":"https:\/\/roan.junselebyar.se\/index.php?rest_route=%2Fwp%2Fv2%2Fmedia&parent=2637"}],"wp:term":[{"taxonomy":"category","embeddable":true,"href":"https:\/\/roan.junselebyar.se\/index.php?rest_route=%2Fwp%2Fv2%2Fcategories&post=2637"},{"taxonomy":"post_tag","embeddable":true,"href":"https:\/\/roan.junselebyar.se\/index.php?rest_route=%2Fwp%2Fv2%2Ftags&post=2637"}],"curies":[{"name":"wp","href":"https:\/\/api.w.org\/{rel}","templated":true}]}}