{"id":2655,"date":"2019-02-15T21:06:25","date_gmt":"2019-02-15T20:06:25","guid":{"rendered":"http:\/\/roan.junselebyar.se\/?p=2655"},"modified":"2019-02-15T21:12:26","modified_gmt":"2019-02-15T20:12:26","slug":"for-sent-avsant-samradsunderlag-nallkullen-flodinvind","status":"publish","type":"post","link":"https:\/\/roan.junselebyar.se\/?p=2655","title":{"rendered":"F\u00f6r sent avs\u00e4nt samr\u00e5dsunderlag f\u00f6r Nallkullen (Flodinvind)"},"content":{"rendered":"<p>Vid dagens diariegenomg\u00e5ng \u00e5terfanns tre Flodinf\u00f6retag och tv\u00e5 Kabekof\u00f6retag. (OBS Flodin har varit ordf\u00f6rande \u00e4ven i Kabeko Kraft AB.)<\/p>\n<ol>\n<li>Det mest anm\u00e4rkningsv\u00e4rda \u00e4rendet g\u00e4llde Lugn Vind ABs <strong>(fd<\/strong> <strong>V\u00e4ktaren Vind)<\/strong>f\u00f6r sent inkomna samr\u00e5dsunderlag.<\/li>\n<\/ol>\n<p>I det mail, som l\u00e4nsstyrelsen s\u00e4nde till Flodin med information om de kommande samr\u00e5den 5\/3 g\u00e4llande Nallkullen och Flakaberget stod:<\/p>\n<p><strong><em>\u201dVi vill p\u00e5minna om att ni m\u00e5ste inkomma med samr\u00e5dsunderlaget senast 3 veckor innan datumet f\u00f6r samr\u00e5d.\u201d<\/em><\/strong><\/p>\n<p>Samr\u00e5det skall \u00e4ga rum 5 mars. Av dagens l\u00e4nsstyrelsediarium framg\u00e5r att Lugn Vind AB (Flodin) som avser att exploatera Nallkullen, inkom med samr\u00e5dsunderlag 14\/2 och komplettering 15\/2. Mittvind AB verkar d\u00e4remot ha haft koll p\u00e5 detta.<\/p>\n<table width=\"941\">\n<tbody>\n<tr>\n<td>1093-2019-4<\/td>\n<td width=\"575\">Samr\u00e5d inf\u00f6r tillst\u00e5ndsans\u00f6kan, samr\u00e5dsunderlag, inkommen med e-post<\/td>\n<td width=\"134\">2019-02-14<\/td>\n<td>Lung Vind AB<\/td>\n<\/tr>\n<tr>\n<td>1093-2019-5<\/td>\n<td width=\"575\">Samr\u00e5d inf\u00f6r tillst\u00e5ndsans\u00f6kan, komplettering, inkommen med e-post<\/td>\n<td width=\"134\">2019-02-15<\/td>\n<td>Lung Vind AB<\/td>\n<\/tr>\n<\/tbody>\n<\/table>\n<p>14\/2 + tre veckor blir 7\/3, vilket \u00e4r tv\u00e5 dagar f\u00f6r sent. Om n\u00e5gon, som mots\u00e4tter sig Nallkullens vindexplotering, vill protestera mot att Flodin kom in med samr\u00e5dsunderlaget tv\u00e5 dagar f\u00f6r sent, s\u00e5 finns h\u00e4r en m\u00f6jlighet. Och varf\u00f6r skall inte motst\u00e5ndet f\u00f6r en g\u00e5ngs skull p\u00e5tala felaktigheter fr\u00e5n exploat\u00f6ren. Diarienummer 1093-2019<\/p>\n<ol>\n<li>Det andra Flodin\u00e4rendet handlade om Storen Vind ABs (<strong>f.d. Bj\u00f6rkvattnet<\/strong> <strong>Vind AB)<\/strong> Ans\u00f6kan om f\u00f6rl\u00e4ngd ig\u00e5ngs\u00e4ttningstid f\u00f6r vidkraftspark Storbr\u00e4nnkullen, Ragunda och Sollefte\u00e5 kommuner diarienummer 5944-2018) Senast en beg\u00e4ran om f\u00f6rl\u00e4ngd tid f\u00f6r yttrande till 1 mars 2019.<\/li>\n<\/ol>\n<p>&nbsp;<\/p>\n<ol start=\"2\">\n<li>Det tredje Flodin\u00e4rendet g\u00e4llde Isbillen Vind AB<strong>. Oj, detta f\u00f6retag bytte inte namn f\u00f6rra \u00e5ret<\/strong>. Senast en beg\u00e4ran om f\u00f6rl\u00e4ngd tid f\u00f6r yttrande till 1 mars 2019. \u00c4ven h\u00e4r g\u00e4ller det f\u00f6rl\u00e4ngd ig\u00e5ngs\u00e4ttningstid (Isbillen-Kullmyran). Diarienummer 5943-2018<\/li>\n<\/ol>\n<p>&nbsp;<\/p>\n<p>De tv\u00e5 Kabeko\u00e4rendena g\u00e4ller S\u00f6rlidberget (1664-2017) och Storh\u00f6jden 2 (1741-2018).<\/p>\n<p>Kolla sj\u00e4lva!!<\/p>\n<p>\/Tarabrita<\/p>\n<p>&nbsp;<\/p>\n","protected":false},"excerpt":{"rendered":"<p>Vid dagens diariegenomg\u00e5ng \u00e5terfanns tre Flodinf\u00f6retag och tv\u00e5 Kabekof\u00f6retag. (OBS Flodin har varit ordf\u00f6rande \u00e4ven i Kabeko Kraft AB.) Det mest anm\u00e4rkningsv\u00e4rda \u00e4rendet g\u00e4llde Lugn Vind ABs (fd V\u00e4ktaren Vind)f\u00f6r sent inkomna samr\u00e5dsunderlag. I det mail, som l\u00e4nsstyrelsen s\u00e4nde till Flodin med information om de kommande samr\u00e5den 5\/3 g\u00e4llande Nallkullen och Flakaberget stod: \u201dVi vill [&hellip;]<\/p>\n","protected":false},"author":2,"featured_media":0,"comment_status":"open","ping_status":"open","sticky":false,"template":"","format":"standard","meta":{"footnotes":""},"categories":[3],"tags":[],"class_list":["post-2655","post","type-post","status-publish","format-standard","hentry","category-allmant"],"_links":{"self":[{"href":"https:\/\/roan.junselebyar.se\/index.php?rest_route=\/wp\/v2\/posts\/2655","targetHints":{"allow":["GET"]}}],"collection":[{"href":"https:\/\/roan.junselebyar.se\/index.php?rest_route=\/wp\/v2\/posts"}],"about":[{"href":"https:\/\/roan.junselebyar.se\/index.php?rest_route=\/wp\/v2\/types\/post"}],"author":[{"embeddable":true,"href":"https:\/\/roan.junselebyar.se\/index.php?rest_route=\/wp\/v2\/users\/2"}],"replies":[{"embeddable":true,"href":"https:\/\/roan.junselebyar.se\/index.php?rest_route=%2Fwp%2Fv2%2Fcomments&post=2655"}],"version-history":[{"count":2,"href":"https:\/\/roan.junselebyar.se\/index.php?rest_route=\/wp\/v2\/posts\/2655\/revisions"}],"predecessor-version":[{"id":2657,"href":"https:\/\/roan.junselebyar.se\/index.php?rest_route=\/wp\/v2\/posts\/2655\/revisions\/2657"}],"wp:attachment":[{"href":"https:\/\/roan.junselebyar.se\/index.php?rest_route=%2Fwp%2Fv2%2Fmedia&parent=2655"}],"wp:term":[{"taxonomy":"category","embeddable":true,"href":"https:\/\/roan.junselebyar.se\/index.php?rest_route=%2Fwp%2Fv2%2Fcategories&post=2655"},{"taxonomy":"post_tag","embeddable":true,"href":"https:\/\/roan.junselebyar.se\/index.php?rest_route=%2Fwp%2Fv2%2Ftags&post=2655"}],"curies":[{"name":"wp","href":"https:\/\/api.w.org\/{rel}","templated":true}]}}