{"id":2663,"date":"2019-02-21T11:06:42","date_gmt":"2019-02-21T10:06:42","guid":{"rendered":"http:\/\/roan.junselebyar.se\/?p=2663"},"modified":"2019-02-21T11:06:42","modified_gmt":"2019-02-21T10:06:42","slug":"mer-nostalgi-ett-140-arskalas","status":"publish","type":"post","link":"https:\/\/roan.junselebyar.se\/?p=2663","title":{"rendered":"Mer nostalgi: ett 140-\u00e5rskalas"},"content":{"rendered":"<p>F\u00f6r 25 \u00e5r sedan i sommar firades ett 140-\u00e5rskalas V\u00e4st i byn; en 60-\u00e5ring, en 50-\u00e5ring och en 30-\u00e5ring.<\/p>\n<p><img loading=\"lazy\" decoding=\"async\" class=\"alignnone size-medium wp-image-2664\" src=\"http:\/\/roan.junselebyar.se\/nyheter\/wp-content\/uploads\/2019\/02\/Nostagi-Nicke-Britta-o-Karina-440x294.jpg\" alt=\"\" width=\"440\" height=\"294\" srcset=\"https:\/\/roan.junselebyar.se\/nyheter\/wp-content\/uploads\/2019\/02\/Nostagi-Nicke-Britta-o-Karina-440x294.jpg 440w, https:\/\/roan.junselebyar.se\/nyheter\/wp-content\/uploads\/2019\/02\/Nostagi-Nicke-Britta-o-Karina-768x513.jpg 768w, https:\/\/roan.junselebyar.se\/nyheter\/wp-content\/uploads\/2019\/02\/Nostagi-Nicke-Britta-o-Karina.jpg 1747w\" sizes=\"auto, (max-width: 440px) 100vw, 440px\" \/><\/p>\n<p>Nicke, Brita och Karina<\/p>\n<p><img loading=\"lazy\" decoding=\"async\" class=\"alignnone size-medium wp-image-2665\" src=\"http:\/\/roan.junselebyar.se\/nyheter\/wp-content\/uploads\/2019\/02\/Nostalgi-Nicke-Karina-Allan-440x318.jpg\" alt=\"\" width=\"440\" height=\"318\" srcset=\"https:\/\/roan.junselebyar.se\/nyheter\/wp-content\/uploads\/2019\/02\/Nostalgi-Nicke-Karina-Allan-440x318.jpg 440w, https:\/\/roan.junselebyar.se\/nyheter\/wp-content\/uploads\/2019\/02\/Nostalgi-Nicke-Karina-Allan-768x555.jpg 768w, https:\/\/roan.junselebyar.se\/nyheter\/wp-content\/uploads\/2019\/02\/Nostalgi-Nicke-Karina-Allan.jpg 1587w\" sizes=\"auto, (max-width: 440px) 100vw, 440px\" \/><\/p>\n<p>Nicke, Carina och Allan<\/p>\n<p>Tack Britt, f\u00f6r att Du organiserade detta kalas. Tack alla, som hj\u00e4lpte till och som deltog.<\/p>\n<p>Och TACK f\u00f6r bilderna!<\/p>\n<p>&nbsp;<\/p>\n","protected":false},"excerpt":{"rendered":"<p>F\u00f6r 25 \u00e5r sedan i sommar firades ett 140-\u00e5rskalas V\u00e4st i byn; en 60-\u00e5ring, en 50-\u00e5ring och en 30-\u00e5ring. Nicke, Brita och Karina Nicke, Carina och Allan Tack Britt, f\u00f6r att Du organiserade detta kalas. Tack alla, som hj\u00e4lpte till och som deltog. Och TACK f\u00f6r bilderna! &nbsp;<\/p>\n","protected":false},"author":2,"featured_media":0,"comment_status":"open","ping_status":"open","sticky":false,"template":"","format":"standard","meta":{"footnotes":""},"categories":[3],"tags":[],"class_list":["post-2663","post","type-post","status-publish","format-standard","hentry","category-allmant"],"_links":{"self":[{"href":"https:\/\/roan.junselebyar.se\/index.php?rest_route=\/wp\/v2\/posts\/2663","targetHints":{"allow":["GET"]}}],"collection":[{"href":"https:\/\/roan.junselebyar.se\/index.php?rest_route=\/wp\/v2\/posts"}],"about":[{"href":"https:\/\/roan.junselebyar.se\/index.php?rest_route=\/wp\/v2\/types\/post"}],"author":[{"embeddable":true,"href":"https:\/\/roan.junselebyar.se\/index.php?rest_route=\/wp\/v2\/users\/2"}],"replies":[{"embeddable":true,"href":"https:\/\/roan.junselebyar.se\/index.php?rest_route=%2Fwp%2Fv2%2Fcomments&post=2663"}],"version-history":[{"count":1,"href":"https:\/\/roan.junselebyar.se\/index.php?rest_route=\/wp\/v2\/posts\/2663\/revisions"}],"predecessor-version":[{"id":2666,"href":"https:\/\/roan.junselebyar.se\/index.php?rest_route=\/wp\/v2\/posts\/2663\/revisions\/2666"}],"wp:attachment":[{"href":"https:\/\/roan.junselebyar.se\/index.php?rest_route=%2Fwp%2Fv2%2Fmedia&parent=2663"}],"wp:term":[{"taxonomy":"category","embeddable":true,"href":"https:\/\/roan.junselebyar.se\/index.php?rest_route=%2Fwp%2Fv2%2Fcategories&post=2663"},{"taxonomy":"post_tag","embeddable":true,"href":"https:\/\/roan.junselebyar.se\/index.php?rest_route=%2Fwp%2Fv2%2Ftags&post=2663"}],"curies":[{"name":"wp","href":"https:\/\/api.w.org\/{rel}","templated":true}]}}