{"id":2668,"date":"2019-02-28T17:53:14","date_gmt":"2019-02-28T16:53:14","guid":{"rendered":"http:\/\/roan.junselebyar.se\/?p=2668"},"modified":"2019-02-28T17:53:14","modified_gmt":"2019-02-28T16:53:14","slug":"grattis-och-tack","status":"publish","type":"post","link":"https:\/\/roan.junselebyar.se\/?p=2668","title":{"rendered":"GRATTIS!!!!!! Och TACK!!!!!!!"},"content":{"rendered":"<p>I och med att v\u00e4nsterpartiet enades i beslutet att inte till\u00e5ta storskalig vindkraft p\u00e5 F\u00e4ngsj\u00f6\/Storsj\u00f6h\u00f6jden kan motst\u00e5ndarna mot denna industri andas ut. \u00c4ntligen!!! Igen!!!.<\/p>\n<p><span style=\"margin: 0px; color: #333333; line-height: 107%; font-family: 'Verdana',sans-serif; font-size: 9pt;\">29 nov. 2018 bj\u00f6d ju FORSCA in Sollefte\u00e5 kommuns politiker till ett Information- och diskussionsm\u00f6te: <\/span><a href=\"https:\/\/vildavastra.se\/snurrigt\/wp-content\/uploads\/2018\/12\/Forscas-presentation-Sollefte\u00e5-Kommun-2018-11-29.pdf\"><em><span style=\"margin: 0px; color: #0066cc; line-height: 107%; font-family: 'Verdana',sans-serif; font-size: 9pt; text-decoration: none;\">\u201dF\u00f6ruts\u00e4ttningar f\u00f6r en ny vindkraftsprojektering f\u00f6r F\u00e4ngsj\u00f6n och Storsj\u00f6h\u00f6jden\u201d<\/span><\/em><\/a><\/p>\n<p><span style=\"color: #000000; font-family: Calibri;\">D\u00e5 tillk\u00e4nnagav FORSCA att om inte Sollefte\u00e5 kommun st\u00e4ller sig positiva till en ans\u00f6kan s\u00e5 avs\u00e5g inte FORSCA g\u00e5 vidare med en reviderad ans\u00f6kan.<\/span><\/p>\n<p>Nu har VI, C och V allts\u00e5 enats om att inte st\u00e4lla sig positiva till FORSCAs planer och d\u00e4rmed b\u00f6r ju \u00c4ven FORSCA leva upp till sitt st\u00e4llningstagande.<\/p>\n<p>Grattis till denna seger! Ni har verkligen arbetat storartat&#8230;..inte bara f\u00f6r er sj\u00e4lva utan ocks\u00e5 f\u00f6r alla oss andra, som v\u00e4rdes\u00e4tter v\u00e5rt unika \u00e5dalslandskap.<\/p>\n<p>TACK TACK\u00a0 TACK!!!!!<\/p>\n<p>\/Tarabrita<\/p>\n","protected":false},"excerpt":{"rendered":"<p>I och med att v\u00e4nsterpartiet enades i beslutet att inte till\u00e5ta storskalig vindkraft p\u00e5 F\u00e4ngsj\u00f6\/Storsj\u00f6h\u00f6jden kan motst\u00e5ndarna mot denna industri andas ut. \u00c4ntligen!!! Igen!!!. 29 nov. 2018 bj\u00f6d ju FORSCA in Sollefte\u00e5 kommuns politiker till ett Information- och diskussionsm\u00f6te: \u201dF\u00f6ruts\u00e4ttningar f\u00f6r en ny vindkraftsprojektering f\u00f6r F\u00e4ngsj\u00f6n och Storsj\u00f6h\u00f6jden\u201d D\u00e5 tillk\u00e4nnagav FORSCA att om inte Sollefte\u00e5 [&hellip;]<\/p>\n","protected":false},"author":2,"featured_media":0,"comment_status":"open","ping_status":"open","sticky":false,"template":"","format":"standard","meta":{"footnotes":""},"categories":[3],"tags":[],"class_list":["post-2668","post","type-post","status-publish","format-standard","hentry","category-allmant"],"_links":{"self":[{"href":"https:\/\/roan.junselebyar.se\/index.php?rest_route=\/wp\/v2\/posts\/2668","targetHints":{"allow":["GET"]}}],"collection":[{"href":"https:\/\/roan.junselebyar.se\/index.php?rest_route=\/wp\/v2\/posts"}],"about":[{"href":"https:\/\/roan.junselebyar.se\/index.php?rest_route=\/wp\/v2\/types\/post"}],"author":[{"embeddable":true,"href":"https:\/\/roan.junselebyar.se\/index.php?rest_route=\/wp\/v2\/users\/2"}],"replies":[{"embeddable":true,"href":"https:\/\/roan.junselebyar.se\/index.php?rest_route=%2Fwp%2Fv2%2Fcomments&post=2668"}],"version-history":[{"count":1,"href":"https:\/\/roan.junselebyar.se\/index.php?rest_route=\/wp\/v2\/posts\/2668\/revisions"}],"predecessor-version":[{"id":2669,"href":"https:\/\/roan.junselebyar.se\/index.php?rest_route=\/wp\/v2\/posts\/2668\/revisions\/2669"}],"wp:attachment":[{"href":"https:\/\/roan.junselebyar.se\/index.php?rest_route=%2Fwp%2Fv2%2Fmedia&parent=2668"}],"wp:term":[{"taxonomy":"category","embeddable":true,"href":"https:\/\/roan.junselebyar.se\/index.php?rest_route=%2Fwp%2Fv2%2Fcategories&post=2668"},{"taxonomy":"post_tag","embeddable":true,"href":"https:\/\/roan.junselebyar.se\/index.php?rest_route=%2Fwp%2Fv2%2Ftags&post=2668"}],"curies":[{"name":"wp","href":"https:\/\/api.w.org\/{rel}","templated":true}]}}