{"id":2675,"date":"2019-03-04T19:27:13","date_gmt":"2019-03-04T18:27:13","guid":{"rendered":"http:\/\/roan.junselebyar.se\/?p=2675"},"modified":"2019-03-04T21:03:06","modified_gmt":"2019-03-04T20:03:06","slug":"spindeln-i-natet","status":"publish","type":"post","link":"https:\/\/roan.junselebyar.se\/?p=2675","title":{"rendered":"Spindeln i n\u00e4tet"},"content":{"rendered":"<p>H\u00e4r nedan f\u00f6ljer en bild (d\u00e5lig kvalitet, tyv\u00e4rr), med den text som Flodin s\u00e4nde l\u00e4nsstyrelsen tillsammans med samr\u00e5dsunderlaget f\u00f6r Nallkullen. Intressant att notera \u00e4r att det h\u00e4r uppges att Ranasj\u00f6 skall exploateras med 24 st 5-6 MW- verk. Det enda, som de boende annars sett om dessa planer, \u00e4r att det skulle bli f\u00e4rre men st\u00f6rre verk. Salsj\u00f6 f\u00e5r 14 st 5-6 MW-verk. Ber\u00e4knad byggstart f\u00f6r b\u00e5da dessa industrier om ca 1,5 \u00e5r. Han skriver ocks\u00e5 i detta mail att &#8220;vi&#8221; \u00e4ven arbetar med projektet Bj\u00f6rkvattnet, Isbillen och Storbr\u00e4nnkullen (f\u00f6rutom Nallkullen, Ranasj\u00f6 och Salsj\u00f6). Vilka &#8220;vi&#8221; undrar man d\u00e5. Vi, Flodin av Guds n\u00e5de, eller Flodin med f\u00f6rra frun eller??? Men att Flodin \u00e4r mitt i smeten \u00e4r f\u00f6rst\u00e5s ingenting som f\u00f6rv\u00e5nar. Precis som spindeln i n\u00e4tet.<\/p>\n<p>Tarabrita<\/p>\n<p><img loading=\"lazy\" decoding=\"async\" class=\"alignnone wp-image-2684\" src=\"http:\/\/roan.junselebyar.se\/nyheter\/wp-content\/uploads\/2019\/03\/nallkullenx-389x640.jpg\" alt=\"\" width=\"576\" height=\"948\" srcset=\"https:\/\/roan.junselebyar.se\/nyheter\/wp-content\/uploads\/2019\/03\/nallkullenx-389x640.jpg 389w, https:\/\/roan.junselebyar.se\/nyheter\/wp-content\/uploads\/2019\/03\/nallkullenx-768x1265.jpg 768w\" sizes=\"auto, (max-width: 576px) 100vw, 576px\" \/><\/p>\n","protected":false},"excerpt":{"rendered":"<p>H\u00e4r nedan f\u00f6ljer en bild (d\u00e5lig kvalitet, tyv\u00e4rr), med den text som Flodin s\u00e4nde l\u00e4nsstyrelsen tillsammans med samr\u00e5dsunderlaget f\u00f6r Nallkullen. Intressant att notera \u00e4r att det h\u00e4r uppges att Ranasj\u00f6 skall exploateras med 24 st 5-6 MW- verk. Det enda, som de boende annars sett om dessa planer, \u00e4r att det skulle bli f\u00e4rre men [&hellip;]<\/p>\n","protected":false},"author":2,"featured_media":0,"comment_status":"open","ping_status":"open","sticky":false,"template":"","format":"standard","meta":{"footnotes":""},"categories":[3],"tags":[],"class_list":["post-2675","post","type-post","status-publish","format-standard","hentry","category-allmant"],"_links":{"self":[{"href":"https:\/\/roan.junselebyar.se\/index.php?rest_route=\/wp\/v2\/posts\/2675","targetHints":{"allow":["GET"]}}],"collection":[{"href":"https:\/\/roan.junselebyar.se\/index.php?rest_route=\/wp\/v2\/posts"}],"about":[{"href":"https:\/\/roan.junselebyar.se\/index.php?rest_route=\/wp\/v2\/types\/post"}],"author":[{"embeddable":true,"href":"https:\/\/roan.junselebyar.se\/index.php?rest_route=\/wp\/v2\/users\/2"}],"replies":[{"embeddable":true,"href":"https:\/\/roan.junselebyar.se\/index.php?rest_route=%2Fwp%2Fv2%2Fcomments&post=2675"}],"version-history":[{"count":5,"href":"https:\/\/roan.junselebyar.se\/index.php?rest_route=\/wp\/v2\/posts\/2675\/revisions"}],"predecessor-version":[{"id":2688,"href":"https:\/\/roan.junselebyar.se\/index.php?rest_route=\/wp\/v2\/posts\/2675\/revisions\/2688"}],"wp:attachment":[{"href":"https:\/\/roan.junselebyar.se\/index.php?rest_route=%2Fwp%2Fv2%2Fmedia&parent=2675"}],"wp:term":[{"taxonomy":"category","embeddable":true,"href":"https:\/\/roan.junselebyar.se\/index.php?rest_route=%2Fwp%2Fv2%2Fcategories&post=2675"},{"taxonomy":"post_tag","embeddable":true,"href":"https:\/\/roan.junselebyar.se\/index.php?rest_route=%2Fwp%2Fv2%2Ftags&post=2675"}],"curies":[{"name":"wp","href":"https:\/\/api.w.org\/{rel}","templated":true}]}}