{"id":2748,"date":"2019-07-10T08:45:47","date_gmt":"2019-07-10T06:45:47","guid":{"rendered":"http:\/\/roan.junselebyar.se\/?p=2748"},"modified":"2019-07-10T08:45:47","modified_gmt":"2019-07-10T06:45:47","slug":"konstutstallning-med-motiv-tran-tara","status":"publish","type":"post","link":"https:\/\/roan.junselebyar.se\/?p=2748","title":{"rendered":"Konstutst\u00e4llning med motiv tr\u00e5n Tara"},"content":{"rendered":"<p>Under Junsele \u00c5terv\u00e4ndarvecka visas en konstutst\u00e4llning, <strong>Lilly och Brita, <\/strong>p\u00e5 Forum i Junsele. Den inneh\u00e5ller bl.a. ett antal torrpasteller med motiv fr\u00e5n Tara, bl.a. &#8220;Valborgskase&#8221; (utanf\u00f6r f\u00f6reningshuset) och &#8220;P\u00e4rplockning&#8221; med &#8220;Jarns&#8221; i bakgrunden. Lilly har nya akvareller med hennes karakt\u00e4ristiska k\u00e4nsla f\u00f6r v\u00e5r \u00e5ngermanl\u00e4ndska natur och allt vad den kan rymma.(som vi endast kan f\u00f6rnimma)<\/p>\n<p>Vernissage: M\u00e5ndag 15\/7 \u00a0\u00a0 kl. 11.00<\/p>\n<p>V\u00e4lkomna!<\/p>\n<p>Lilly och Brita<\/p>\n<p><img loading=\"lazy\" decoding=\"async\" class=\"alignnone size-medium wp-image-2749\" src=\"http:\/\/roan.junselebyar.se\/nyheter\/wp-content\/uploads\/2019\/07\/Annons-utst\u00e4llning3-440x571.jpg\" alt=\"\" width=\"440\" height=\"571\" srcset=\"https:\/\/roan.junselebyar.se\/nyheter\/wp-content\/uploads\/2019\/07\/Annons-utst\u00e4llning3-440x571.jpg 440w, https:\/\/roan.junselebyar.se\/nyheter\/wp-content\/uploads\/2019\/07\/Annons-utst\u00e4llning3-768x996.jpg 768w\" sizes=\"auto, (max-width: 440px) 100vw, 440px\" \/><\/p>\n<p>&nbsp;<\/p>\n","protected":false},"excerpt":{"rendered":"<p>Under Junsele \u00c5terv\u00e4ndarvecka visas en konstutst\u00e4llning, Lilly och Brita, p\u00e5 Forum i Junsele. Den inneh\u00e5ller bl.a. ett antal torrpasteller med motiv fr\u00e5n Tara, bl.a. &#8220;Valborgskase&#8221; (utanf\u00f6r f\u00f6reningshuset) och &#8220;P\u00e4rplockning&#8221; med &#8220;Jarns&#8221; i bakgrunden. Lilly har nya akvareller med hennes karakt\u00e4ristiska k\u00e4nsla f\u00f6r v\u00e5r \u00e5ngermanl\u00e4ndska natur och allt vad den kan rymma.(som vi endast kan f\u00f6rnimma) [&hellip;]<\/p>\n","protected":false},"author":2,"featured_media":0,"comment_status":"open","ping_status":"open","sticky":false,"template":"","format":"standard","meta":{"footnotes":""},"categories":[3],"tags":[],"class_list":["post-2748","post","type-post","status-publish","format-standard","hentry","category-allmant"],"_links":{"self":[{"href":"https:\/\/roan.junselebyar.se\/index.php?rest_route=\/wp\/v2\/posts\/2748","targetHints":{"allow":["GET"]}}],"collection":[{"href":"https:\/\/roan.junselebyar.se\/index.php?rest_route=\/wp\/v2\/posts"}],"about":[{"href":"https:\/\/roan.junselebyar.se\/index.php?rest_route=\/wp\/v2\/types\/post"}],"author":[{"embeddable":true,"href":"https:\/\/roan.junselebyar.se\/index.php?rest_route=\/wp\/v2\/users\/2"}],"replies":[{"embeddable":true,"href":"https:\/\/roan.junselebyar.se\/index.php?rest_route=%2Fwp%2Fv2%2Fcomments&post=2748"}],"version-history":[{"count":1,"href":"https:\/\/roan.junselebyar.se\/index.php?rest_route=\/wp\/v2\/posts\/2748\/revisions"}],"predecessor-version":[{"id":2750,"href":"https:\/\/roan.junselebyar.se\/index.php?rest_route=\/wp\/v2\/posts\/2748\/revisions\/2750"}],"wp:attachment":[{"href":"https:\/\/roan.junselebyar.se\/index.php?rest_route=%2Fwp%2Fv2%2Fmedia&parent=2748"}],"wp:term":[{"taxonomy":"category","embeddable":true,"href":"https:\/\/roan.junselebyar.se\/index.php?rest_route=%2Fwp%2Fv2%2Fcategories&post=2748"},{"taxonomy":"post_tag","embeddable":true,"href":"https:\/\/roan.junselebyar.se\/index.php?rest_route=%2Fwp%2Fv2%2Ftags&post=2748"}],"curies":[{"name":"wp","href":"https:\/\/api.w.org\/{rel}","templated":true}]}}