{"id":2765,"date":"2019-09-19T08:28:36","date_gmt":"2019-09-19T06:28:36","guid":{"rendered":"http:\/\/roan.junselebyar.se\/?p=2765"},"modified":"2019-09-19T08:28:36","modified_gmt":"2019-09-19T06:28:36","slug":"grattis-hocksjobor","status":"publish","type":"post","link":"https:\/\/roan.junselebyar.se\/?p=2765","title":{"rendered":"Grattis Hocksj\u00f6bor!!!!"},"content":{"rendered":"<p>HURRA!!!<\/p>\n<p>Det verkar som att J\u00e4mtkraft g\u00e4llande Hocksj\u00f6 vindindustri g\u00e5tt p\u00e5 en nit i MMD.<\/p>\n<p>I omr\u00e5det ovanf\u00f6r Lungsj\u00f6n planeras ett stort antal vindkraftverk. <a href=\"http:\/\/roan.junselebyar.se\/?p=2711\">Se http:\/\/roan.junselebyar.se\/?p=2711<\/a><\/p>\n<p>Alla dessa planerade vindindustrier g\u00e5r under namnet &#8220;Viking&#8221; och spindeln i n\u00e4tet \u00e4r Flodin&#8230;.s\u00e5 klart.<\/p>\n<p>Tror att det \u00e4r beslutet om f\u00f6rl\u00e4ngd ig\u00e5ngs\u00e4ttningstid, som \u00f6verklagats, men ej \u00e4r helt s\u00e4ker. Att M\u00d6D skall ta upp ett ev. \u00f6verklagande av MMDs dom \u00e4r inte givet. Tv\u00e4rtom brukar det vara v\u00e4ldigt sv\u00e5rt. S\u00e5 f\u00f6rhoppningsvis \u00e4r det en dom, som vinner laga kraft och projekt Viking d\u00e4rmed reduceras med \u00e5tminstone en industri.<\/p>\n<p>Flodin har ju \u00e4nnu inte beg\u00e4rt tillst\u00e5nd f\u00f6r projekt Nallkullen, som ocks\u00e5 ing\u00e5r i &#8220;Viking&#8221;. Samr\u00e5d har d\u00e4remot h\u00e5llits. N\u00e4r ett s\u00e5dant tillst\u00e5nd efterfr\u00e5gas hos MPD m\u00e5ste politikerna i Sollefte\u00e5 kommun ta st\u00e4llning till om kommunen skall godk\u00e4nna den etableringen (det kommunala vetot) Om politikerna v\u00e4ljer att f\u00f6lja \u00d6versiktsplanen och sina vall\u00f6ften kommer inte kommunen att ge tillst\u00e5nd.<\/p>\n<p>\/Tarabrita<\/p>\n<p>&nbsp;<\/p>\n<p>&nbsp;<\/p>\n","protected":false},"excerpt":{"rendered":"<p>HURRA!!! Det verkar som att J\u00e4mtkraft g\u00e4llande Hocksj\u00f6 vindindustri g\u00e5tt p\u00e5 en nit i MMD. I omr\u00e5det ovanf\u00f6r Lungsj\u00f6n planeras ett stort antal vindkraftverk. Se http:\/\/roan.junselebyar.se\/?p=2711 Alla dessa planerade vindindustrier g\u00e5r under namnet &#8220;Viking&#8221; och spindeln i n\u00e4tet \u00e4r Flodin&#8230;.s\u00e5 klart. Tror att det \u00e4r beslutet om f\u00f6rl\u00e4ngd ig\u00e5ngs\u00e4ttningstid, som \u00f6verklagats, men ej \u00e4r helt [&hellip;]<\/p>\n","protected":false},"author":2,"featured_media":0,"comment_status":"open","ping_status":"open","sticky":false,"template":"","format":"standard","meta":{"footnotes":""},"categories":[3],"tags":[],"class_list":["post-2765","post","type-post","status-publish","format-standard","hentry","category-allmant"],"_links":{"self":[{"href":"https:\/\/roan.junselebyar.se\/index.php?rest_route=\/wp\/v2\/posts\/2765","targetHints":{"allow":["GET"]}}],"collection":[{"href":"https:\/\/roan.junselebyar.se\/index.php?rest_route=\/wp\/v2\/posts"}],"about":[{"href":"https:\/\/roan.junselebyar.se\/index.php?rest_route=\/wp\/v2\/types\/post"}],"author":[{"embeddable":true,"href":"https:\/\/roan.junselebyar.se\/index.php?rest_route=\/wp\/v2\/users\/2"}],"replies":[{"embeddable":true,"href":"https:\/\/roan.junselebyar.se\/index.php?rest_route=%2Fwp%2Fv2%2Fcomments&post=2765"}],"version-history":[{"count":1,"href":"https:\/\/roan.junselebyar.se\/index.php?rest_route=\/wp\/v2\/posts\/2765\/revisions"}],"predecessor-version":[{"id":2766,"href":"https:\/\/roan.junselebyar.se\/index.php?rest_route=\/wp\/v2\/posts\/2765\/revisions\/2766"}],"wp:attachment":[{"href":"https:\/\/roan.junselebyar.se\/index.php?rest_route=%2Fwp%2Fv2%2Fmedia&parent=2765"}],"wp:term":[{"taxonomy":"category","embeddable":true,"href":"https:\/\/roan.junselebyar.se\/index.php?rest_route=%2Fwp%2Fv2%2Fcategories&post=2765"},{"taxonomy":"post_tag","embeddable":true,"href":"https:\/\/roan.junselebyar.se\/index.php?rest_route=%2Fwp%2Fv2%2Ftags&post=2765"}],"curies":[{"name":"wp","href":"https:\/\/api.w.org\/{rel}","templated":true}]}}