{"id":2780,"date":"2019-10-04T10:30:18","date_gmt":"2019-10-04T08:30:18","guid":{"rendered":"http:\/\/roan.junselebyar.se\/?p=2780"},"modified":"2019-10-04T10:39:17","modified_gmt":"2019-10-04T08:39:17","slug":"flodin-och-arise-vill-inte-ta-ansvar-for-ev-kumulativ-paverkan","status":"publish","type":"post","link":"https:\/\/roan.junselebyar.se\/?p=2780","title":{"rendered":"Flodin och Arise vill inte ta ansvar f\u00f6r ev. kumulativ p\u00e5verkan"},"content":{"rendered":"<p>Flodin (Krange Vind AB) ans\u00f6ker nu om dispens f\u00f6r att slippa ta h\u00e4nsyn till kumulativ p\u00e5verkan p\u00e5 ljud och skugga i Salsj\u00f6 vindindustri<\/p>\n<p>Varf\u00f6r?<\/p>\n<p>Sannolikt r\u00e4knar han med att Flakabergsindustrin, trots politikers l\u00f6ften och nya \u00f6versiktsplanen, f\u00e5r tillst\u00e5nd. Och d\u00e5 har han s\u00e4kerligen r\u00e4knat ut att det uppst\u00e5r kumulativa effekter betr\u00e4ffande ljud och skuggor i Salsj\u00f6industrin.<\/p>\n<p>&nbsp;<\/p>\n<p>\u200bI\u00a0dispensans\u00f6kan\u00a0st\u00e5r:<\/p>\n<p><strong><em>\u201dD\u00e5 det saknas vindkraftsparker eller tillst\u00e5nd till vindkraftsparker inom p\u00e5verkansomr\u00e5det f\u00f6r ljud anser bolaget att villkoret \u00e4r on\u00f6digt str\u00e4ngt och d\u00e4rf\u00f6r kan d\u00e4rf\u00f6r \u00e4ndras enligt 24 kap. 8 5 milj\u00f6balken i enlighet med bolagets f\u00f6rslag.<\/em><\/strong> (Bolagets f\u00f6rslag som allts\u00e5 \u00e4r att utel\u00e4mna den kumulativa aspekten.)<\/p>\n<p><strong><em>Om Milj\u00f6pr\u00f6vningsdelegationen inte anser att en s\u00e5dan \u00e4ndring \u00e4r m\u00f6jlig yrkas i andra hand ett till\u00e4gg till den nuvarande formuleringen om kumulativt ljud, l\u00e5gfrekvent ljud och skuggor enligt f\u00f6ljande<\/em><\/strong><\/p>\n<p><strong><em>&#8220;&#8230;kumulativt med omkringliggande vindkraftsprojekt<u> som var tillst\u00e5ndsgivna d\u00e5 detta tillst\u00e5nd vann laga kraft.&#8221;<\/u><\/em><\/strong><\/p>\n<p>Flakabergsindustrin i Mitt \u200bVinds\u00a0tappning, som ju blir en milj\u00f6farligverksamhet verksamhet, har inte nu och hade inte tillst\u00e5nd d\u00e5 Salsj\u00f6 vann laga kraft, n\u00e5got som Flodin nu anv\u00e4nder f\u00f6r att slippa ta h\u00e4nsyn till kumulativa effekter. Det hade d\u00e4remot ett av Sollefte\u00e5 kommuns samh\u00e4llsbyggnadsn\u00e4mnd beviljat bygglov f\u00f6r 6 st 150 m h\u00f6ga verk. Det beslutades f\u00f6rst 2010-11-17 men eftersom byggnationerna inte p\u00e5b\u00f6rjats inom tv\u00e5 \u00e5r f\u00f6rf\u00f6ll bygglovet.<\/p>\n<p>&nbsp;<\/p>\n<p>En ans\u00f6kan om f\u00f6rnyelse av bygglov beviljades 2013-12-11 av Samh\u00e4llsbyggnadsn\u00e4mnden.<\/p>\n<p>&nbsp;<\/p>\n<p>I det beslutet kan man bl.a. l\u00e4sa: <em><strong>Det n\u00e4raliggande tillst\u00e5nds\u00e4rendet Ranasj\u00f6h\u00f6jden, ca 5-8 km tv\u00e4rs \u00f6ver \u00e4lvdalen, har f\u00f6r n\u00e4rvarande inte ett tillst\u00e5nd, eller ens en f\u00e4rdig tillst\u00e5ndsans\u00f6kan, vilket g\u00f6r att bygglovspr\u00f6vningen inte kan utg\u00e5 fr\u00e5n att det blir byggt.<\/strong><\/em><\/p>\n<p>&nbsp;<\/p>\n<p>Det \u00e4r v\u00e4l oerh\u00f6rt m\u00e4rkligt; fanns det n\u00e5gon i hela denna kommun, som tvivlade p\u00e5 att Flodin skulle skicka in en tillst\u00e5ndsans\u00f6kan g\u00e4llande Ranasj\u00f6 och att den d\u00e5varande kommunledningen skulle ge sitt samtycke? Ja, i s\u00e5 fall var det kommunens samh\u00e4llsbyggnadsn\u00e4mnd men det tror jag inte heller. S\u00e5 klart visste dom att Ranasj\u00f6 skulle godk\u00e4nnas och lika solklart \u00e4r det att Flodin\/Arise insett att Flakabergsprojektet bara \u00e4r l\u00f6nsamt i \u201duppgraderad\u201d form, dvs i ungef\u00e4rlig enlighet med nuvarande planer.<\/p>\n<p>\u200bMed samma typ av argumentation, som Samh\u00e4llsbyggnadsn\u00e4mndenl anv\u00e4nde sig av, f\u00f6rs\u00f6ker nu allts\u00e5 Flodin\/ Arise slingra sig undan ansvaret f\u00f6r ev. kumulativa effekter p\u00e5 ljud och skuggor.(Flakaberget\/Salsj\u00f6)<\/p>\n<p>\u00c5terst\u00e5r att se om Milj\u00f6pr\u00f6vningsdelegationen \u201dk\u00f6per\u201d detta.<\/p>\n<p>\/Brita<\/p>\n","protected":false},"excerpt":{"rendered":"<p>Flodin (Krange Vind AB) ans\u00f6ker nu om dispens f\u00f6r att slippa ta h\u00e4nsyn till kumulativ p\u00e5verkan p\u00e5 ljud och skugga i Salsj\u00f6 vindindustri Varf\u00f6r? Sannolikt r\u00e4knar han med att Flakabergsindustrin, trots politikers l\u00f6ften och nya \u00f6versiktsplanen, f\u00e5r tillst\u00e5nd. Och d\u00e5 har han s\u00e4kerligen r\u00e4knat ut att det uppst\u00e5r kumulativa effekter betr\u00e4ffande ljud och skuggor i [&hellip;]<\/p>\n","protected":false},"author":2,"featured_media":0,"comment_status":"open","ping_status":"open","sticky":false,"template":"","format":"standard","meta":{"footnotes":""},"categories":[3],"tags":[],"class_list":["post-2780","post","type-post","status-publish","format-standard","hentry","category-allmant"],"_links":{"self":[{"href":"https:\/\/roan.junselebyar.se\/index.php?rest_route=\/wp\/v2\/posts\/2780","targetHints":{"allow":["GET"]}}],"collection":[{"href":"https:\/\/roan.junselebyar.se\/index.php?rest_route=\/wp\/v2\/posts"}],"about":[{"href":"https:\/\/roan.junselebyar.se\/index.php?rest_route=\/wp\/v2\/types\/post"}],"author":[{"embeddable":true,"href":"https:\/\/roan.junselebyar.se\/index.php?rest_route=\/wp\/v2\/users\/2"}],"replies":[{"embeddable":true,"href":"https:\/\/roan.junselebyar.se\/index.php?rest_route=%2Fwp%2Fv2%2Fcomments&post=2780"}],"version-history":[{"count":4,"href":"https:\/\/roan.junselebyar.se\/index.php?rest_route=\/wp\/v2\/posts\/2780\/revisions"}],"predecessor-version":[{"id":2784,"href":"https:\/\/roan.junselebyar.se\/index.php?rest_route=\/wp\/v2\/posts\/2780\/revisions\/2784"}],"wp:attachment":[{"href":"https:\/\/roan.junselebyar.se\/index.php?rest_route=%2Fwp%2Fv2%2Fmedia&parent=2780"}],"wp:term":[{"taxonomy":"category","embeddable":true,"href":"https:\/\/roan.junselebyar.se\/index.php?rest_route=%2Fwp%2Fv2%2Fcategories&post=2780"},{"taxonomy":"post_tag","embeddable":true,"href":"https:\/\/roan.junselebyar.se\/index.php?rest_route=%2Fwp%2Fv2%2Ftags&post=2780"}],"curies":[{"name":"wp","href":"https:\/\/api.w.org\/{rel}","templated":true}]}}