{"id":2805,"date":"2019-11-02T09:00:32","date_gmt":"2019-11-02T08:00:32","guid":{"rendered":"http:\/\/roan.junselebyar.se\/?p=2805"},"modified":"2019-11-02T09:00:32","modified_gmt":"2019-11-02T08:00:32","slug":"allhelgonahelg","status":"publish","type":"post","link":"https:\/\/roan.junselebyar.se\/?p=2805","title":{"rendered":"Allhelgonahelg"},"content":{"rendered":"<p><img loading=\"lazy\" decoding=\"async\" class=\"alignnone size-full wp-image-2806\" src=\"http:\/\/roan.junselebyar.se\/nyheter\/wp-content\/uploads\/2019\/11\/stj\u00e4rnhimmel-bort\u00e5t-mig.jpg\" alt=\"\" width=\"320\" height=\"248\" \/><\/p>\n<p><span style=\"display: inline !important; float: none; background-color: #ffffff; color: #62615f; font-family: 'Droid Sans'; font-size: 15px; font-style: normal; font-variant: normal; font-weight: 400; letter-spacing: normal; orphans: 2; text-align: left; text-decoration: none; text-indent: 0px; text-transform: none; -webkit-text-stroke-width: 0px; white-space: normal; word-spacing: 0px;\">Ditt tempel \u00e4r m\u00f6rkt och l\u00e5gt \u00e4r dess valv, <\/span><br \/>\n<span style=\"display: inline !important; float: none; background-color: #ffffff; color: #62615f; font-family: 'Droid Sans'; font-size: 15px; font-style: normal; font-variant: normal; font-weight: 400; letter-spacing: normal; orphans: 2; text-align: left; text-decoration: none; text-indent: 0px; text-transform: none; -webkit-text-stroke-width: 0px; white-space: normal; word-spacing: 0px;\">Allhelgonadag!<\/span><br \/>\n<span style=\"display: inline !important; float: none; background-color: #ffffff; color: #62615f; font-family: 'Droid Sans'; font-size: 15px; font-style: normal; font-variant: normal; font-weight: 400; letter-spacing: normal; orphans: 2; text-align: left; text-decoration: none; text-indent: 0px; text-transform: none; -webkit-text-stroke-width: 0px; white-space: normal; word-spacing: 0px;\">D\u00e4r slocknar sommarens hymn som ett skalv <\/span><br \/>\n<span style=\"display: inline !important; float: none; background-color: #ffffff; color: #62615f; font-family: 'Droid Sans'; font-size: 15px; font-style: normal; font-variant: normal; font-weight: 400; letter-spacing: normal; orphans: 2; text-align: left; text-decoration: none; text-indent: 0px; text-transform: none; -webkit-text-stroke-width: 0px; white-space: normal; word-spacing: 0px;\">av kl\u00e4mtande slag.<\/span><br \/>\n<span style=\"display: inline !important; float: none; background-color: #ffffff; color: #62615f; font-family: 'Droid Sans'; font-size: 15px; font-style: normal; font-variant: normal; font-weight: 400; letter-spacing: normal; orphans: 2; text-align: left; text-decoration: none; text-indent: 0px; text-transform: none; -webkit-text-stroke-width: 0px; white-space: normal; word-spacing: 0px;\">Sin mantel river den svarta sky,<\/span><br \/>\n<span style=\"display: inline !important; float: none; background-color: #ffffff; color: #62615f; font-family: 'Droid Sans'; font-size: 15px; font-style: normal; font-variant: normal; font-weight: 400; letter-spacing: normal; orphans: 2; text-align: left; text-decoration: none; text-indent: 0px; text-transform: none; -webkit-text-stroke-width: 0px; white-space: normal; word-spacing: 0px;\">och lundarnas bleknade trasor fly,<\/span><br \/>\n<span style=\"display: inline !important; float: none; background-color: #ffffff; color: #62615f; font-family: 'Droid Sans'; font-size: 15px; font-style: normal; font-variant: normal; font-weight: 400; letter-spacing: normal; orphans: 2; text-align: left; text-decoration: none; text-indent: 0px; text-transform: none; -webkit-text-stroke-width: 0px; white-space: normal; word-spacing: 0px;\">och natten m\u00e4ssar om allt som \u00e4r d\u00f6tt, <\/span><br \/>\n<span style=\"display: inline !important; float: none; background-color: #ffffff; color: #62615f; font-family: 'Droid Sans'; font-size: 15px; font-style: normal; font-variant: normal; font-weight: 400; letter-spacing: normal; orphans: 2; text-align: left; text-decoration: none; text-indent: 0px; text-transform: none; -webkit-text-stroke-width: 0px; white-space: normal; word-spacing: 0px;\">allt h\u00f6, allt k\u00f6tt.<\/span><\/p>\n<p><span style=\"display: inline !important; float: none; background-color: #ffffff; color: #62615f; font-family: 'Droid Sans'; font-size: 15px; font-style: normal; font-variant: normal; font-weight: 400; letter-spacing: normal; orphans: 2; text-align: left; text-decoration: none; text-indent: 0px; text-transform: none; -webkit-text-stroke-width: 0px; white-space: normal; word-spacing: 0px;\">Det dagas \u00e5nyo, det klarnar s\u00e5 vitt,<\/span><br \/>\n<span style=\"display: inline !important; float: none; background-color: #ffffff; color: #62615f; font-family: 'Droid Sans'; font-size: 15px; font-style: normal; font-variant: normal; font-weight: 400; letter-spacing: normal; orphans: 2; text-align: left; text-decoration: none; text-indent: 0px; text-transform: none; -webkit-text-stroke-width: 0px; white-space: normal; word-spacing: 0px;\">det bl\u00e5nar s\u00e5 vasst.<\/span><br \/>\n<span style=\"display: inline !important; float: none; background-color: #ffffff; color: #62615f; font-family: 'Droid Sans'; font-size: 15px; font-style: normal; font-variant: normal; font-weight: 400; letter-spacing: normal; orphans: 2; text-align: left; text-decoration: none; text-indent: 0px; text-transform: none; -webkit-text-stroke-width: 0px; white-space: normal; word-spacing: 0px;\">Det v\u00e4xer en v\u00e4rld ur f\u00f6rg\u00e4ngelsens mitt, <\/span><br \/>\n<span style=\"display: inline !important; float: none; background-color: #ffffff; color: #62615f; font-family: 'Droid Sans'; font-size: 15px; font-style: normal; font-variant: normal; font-weight: 400; letter-spacing: normal; orphans: 2; text-align: left; text-decoration: none; text-indent: 0px; text-transform: none; -webkit-text-stroke-width: 0px; white-space: normal; word-spacing: 0px;\">en vit och fast.<\/span><br \/>\n<span style=\"display: inline !important; float: none; background-color: #ffffff; color: #62615f; font-family: 'Droid Sans'; font-size: 15px; font-style: normal; font-variant: normal; font-weight: 400; letter-spacing: normal; orphans: 2; text-align: left; text-decoration: none; text-indent: 0px; text-transform: none; -webkit-text-stroke-width: 0px; white-space: normal; word-spacing: 0px;\">I frostiga kv\u00e4llar sk\u00f6njs en arkad<\/span><br \/>\n<span style=\"display: inline !important; float: none; background-color: #ffffff; color: #62615f; font-family: 'Droid Sans'; font-size: 15px; font-style: normal; font-variant: normal; font-weight: 400; letter-spacing: normal; orphans: 2; text-align: left; text-decoration: none; text-indent: 0px; text-transform: none; -webkit-text-stroke-width: 0px; white-space: normal; word-spacing: 0px;\">med pipor av silver i glittrande rad;<\/span><br \/>\n<span style=\"display: inline !important; float: none; background-color: #ffffff; color: #62615f; font-family: 'Droid Sans'; font-size: 15px; font-style: normal; font-variant: normal; font-weight: 400; letter-spacing: normal; orphans: 2; text-align: left; text-decoration: none; text-indent: 0px; text-transform: none; -webkit-text-stroke-width: 0px; white-space: normal; word-spacing: 0px;\">nu reser vintern sitt orgelhus <\/span><br \/>\n<span style=\"display: inline !important; float: none; background-color: #ffffff; color: #62615f; font-family: 'Droid Sans'; font-size: 15px; font-style: normal; font-variant: normal; font-weight: 400; letter-spacing: normal; orphans: 2; text-align: left; text-decoration: none; text-indent: 0px; text-transform: none; -webkit-text-stroke-width: 0px; white-space: normal; word-spacing: 0px;\">ur m\u00f6rker och grus.<\/span><\/p>\n<p>Erik Axel Karlfeldt<\/p>\n<p>Bild Meta<\/p>\n<p>\/Tarabrita<\/p>\n","protected":false},"excerpt":{"rendered":"<p>Ditt tempel \u00e4r m\u00f6rkt och l\u00e5gt \u00e4r dess valv, Allhelgonadag! D\u00e4r slocknar sommarens hymn som ett skalv av kl\u00e4mtande slag. Sin mantel river den svarta sky, och lundarnas bleknade trasor fly, och natten m\u00e4ssar om allt som \u00e4r d\u00f6tt, allt h\u00f6, allt k\u00f6tt. Det dagas \u00e5nyo, det klarnar s\u00e5 vitt, det bl\u00e5nar s\u00e5 vasst. Det [&hellip;]<\/p>\n","protected":false},"author":2,"featured_media":0,"comment_status":"open","ping_status":"open","sticky":false,"template":"","format":"standard","meta":{"footnotes":""},"categories":[3],"tags":[],"class_list":["post-2805","post","type-post","status-publish","format-standard","hentry","category-allmant"],"_links":{"self":[{"href":"https:\/\/roan.junselebyar.se\/index.php?rest_route=\/wp\/v2\/posts\/2805","targetHints":{"allow":["GET"]}}],"collection":[{"href":"https:\/\/roan.junselebyar.se\/index.php?rest_route=\/wp\/v2\/posts"}],"about":[{"href":"https:\/\/roan.junselebyar.se\/index.php?rest_route=\/wp\/v2\/types\/post"}],"author":[{"embeddable":true,"href":"https:\/\/roan.junselebyar.se\/index.php?rest_route=\/wp\/v2\/users\/2"}],"replies":[{"embeddable":true,"href":"https:\/\/roan.junselebyar.se\/index.php?rest_route=%2Fwp%2Fv2%2Fcomments&post=2805"}],"version-history":[{"count":1,"href":"https:\/\/roan.junselebyar.se\/index.php?rest_route=\/wp\/v2\/posts\/2805\/revisions"}],"predecessor-version":[{"id":2807,"href":"https:\/\/roan.junselebyar.se\/index.php?rest_route=\/wp\/v2\/posts\/2805\/revisions\/2807"}],"wp:attachment":[{"href":"https:\/\/roan.junselebyar.se\/index.php?rest_route=%2Fwp%2Fv2%2Fmedia&parent=2805"}],"wp:term":[{"taxonomy":"category","embeddable":true,"href":"https:\/\/roan.junselebyar.se\/index.php?rest_route=%2Fwp%2Fv2%2Fcategories&post=2805"},{"taxonomy":"post_tag","embeddable":true,"href":"https:\/\/roan.junselebyar.se\/index.php?rest_route=%2Fwp%2Fv2%2Ftags&post=2805"}],"curies":[{"name":"wp","href":"https:\/\/api.w.org\/{rel}","templated":true}]}}