{"id":2855,"date":"2020-02-03T18:36:59","date_gmt":"2020-02-03T17:36:59","guid":{"rendered":"http:\/\/roan.junselebyar.se\/?p=2855"},"modified":"2020-02-03T19:00:04","modified_gmt":"2020-02-03T18:00:04","slug":"sammanslagning-av-roans-fvo-och-lasele-fvo","status":"publish","type":"post","link":"https:\/\/roan.junselebyar.se\/?p=2855","title":{"rendered":"Sammanslagning av R\u00f6\u00e5ns FVO och Lasele FVO"},"content":{"rendered":"<div id=\"attachment_2856\" style=\"width: 512px\" class=\"wp-caption alignnone\"><img loading=\"lazy\" decoding=\"async\" aria-describedby=\"caption-attachment-2856\" class=\" wp-image-2856\" src=\"http:\/\/roan.junselebyar.se\/nyheter\/wp-content\/uploads\/2020\/02\/\u00f6ring-440x284.jpg\" alt=\"\" width=\"502\" height=\"324\" srcset=\"https:\/\/roan.junselebyar.se\/nyheter\/wp-content\/uploads\/2020\/02\/\u00f6ring-440x284.jpg 440w, https:\/\/roan.junselebyar.se\/nyheter\/wp-content\/uploads\/2020\/02\/\u00f6ring.jpg 759w\" sizes=\"auto, (max-width: 502px) 100vw, 502px\" \/><p id=\"caption-attachment-2856\" class=\"wp-caption-text\">R\u00f6\u00e5\u00f6ring \u00a0 \u00a0 \u00a0 \u00a0 \u00a0 \u00a0 \u00a0 \u00a0 \u00a0 \u00a0 \u00a0 \u00a0 \u00a0 \u00a0 \u00a0 \u00a0 \u00a0 \u00a0 \u00a0 \u00a0 \u00a0 \u00a0 \u00a0 \u00a0 \u00a0 \u00a0 \u00a0 \u00a0 \u00a0 \u00a0 \u00a0 \u00a0 \u00a0 \u00a0 \u00a0 \u00a0 \u00a0 \u00a0 \u00a0 \u00a0 \u00a0 \u00a0 \u00a0 \u00a0 Bild: Mia<\/p><\/div>\n<p><strong>ORDINARIE \u00c5RSST\u00c4MMOR:<\/strong><\/p>\n<p><strong>H\u00e4rmed kallar styrelsen f\u00f6r R\u00f6\u00e5ns FVOF till ordinarie \u00e5rsst\u00e4mma s\u00f6ndagen den 23\/2 kl. 11:30. St\u00e4mman kommer att ut\u00f6ver sedvanliga \u00e5rsm\u00f6tesfr\u00e5gor behandla en sammanslagning av R\u00f6\u00e5ns FVO och Lasele FVO. St\u00e4mman \u00e4ger rum i R\u00f6\u00e5ns F\u00f6reningshus.<\/strong><\/p>\n<p><strong>V\u00e4lkomna!<\/strong><\/p>\n<p>\u2026\u2026\u2026\u2026\u2026\u2026\u2026\u2026\u2026\u2026\u2026\u2026\u2026\u2026\u2026\u2026\u2026\u2026\u2026\u2026\u2026\u2026\u2026\u2026.<\/p>\n<p><strong>H\u00e4rmed kallar styrelsen f\u00f6r Lasele FVOF till ordinarie \u00e5rsst\u00e4mma s\u00f6ndagen den 23\/2 kl 13.00 St\u00e4mman kommer att ut\u00f6ver sedvanliga \u00e5rsm\u00f6tesfr\u00e5gor behandla en sammanslagning av R\u00f6\u00e5ns FVO och Lasele FVO. St\u00e4mman \u00e4ger rum i R\u00f6\u00e5ns F\u00f6reningshus.<\/strong><\/p>\n<p><strong>V\u00e4lkomna!<\/strong><\/p>\n<p><img loading=\"lazy\" decoding=\"async\" src=\"https:\/\/www.fg-a.com\/animals\/fish-swimming.gif\" alt=\"animated fish\" width=\"100\" height=\"61\" \/><\/p>\n<p>&#8230;&#8230;&#8230;&#8230;&#8230;&#8230;&#8230;&#8230;&#8230;&#8230;&#8230;&#8230;&#8230;&#8230;&#8230;&#8230;&#8230;&#8230;&#8230;&#8230;&#8230;&#8230;..<\/p>\n<p><strong>EXTRST\u00c4MMOR:<\/strong><\/p>\n<p><strong>H\u00e4rmed kallar styrelsen f\u00f6r R\u00f6\u00e5ns FVOF till extrast\u00e4mma s\u00f6ndagen den 23\/2 kl. 16.00 f\u00f6r sammanslagning av R\u00f6\u00e5ns FVO och Lasele FVO. Extrast\u00e4mman \u00e4ger rum i R\u00f6\u00e5ns F\u00f6reningshus.<\/strong><\/p>\n<p><strong>V\u00e4lkomna!<\/strong><\/p>\n<p>\u2026\u2026\u2026\u2026\u2026\u2026\u2026\u2026\u2026\u2026\u2026\u2026\u2026\u2026\u2026\u2026\u2026\u2026\u2026\u2026\u2026\u2026\u2026..<\/p>\n<p><strong>H\u00e4rmed kallar styrelsen f\u00f6r Lasele FVOF till extrast\u00e4mma s\u00f6ndagen den 23\/2 kl. 17.00 f\u00f6r sammanslagning av R\u00f6\u00e5ns FVO och Lasele FVO. Extrast\u00e4mman \u00e4ger rum i R\u00f6\u00e5ns F\u00f6reningshus.<\/strong><\/p>\n<p><strong>V\u00e4lkomna!<\/strong><\/p>\n<p>\u2026\u2026\u2026\u2026\u2026\u2026\u2026\u2026\u2026\u2026\u2026\u2026\u2026\u2026\u2026\u2026\u2026\u2026\u2026\u2026\u2026\u2026&#8230;<\/p>\n<p>\/Tarabrita<\/p>\n<p>&nbsp;<\/p>\n","protected":false},"excerpt":{"rendered":"<p>ORDINARIE \u00c5RSST\u00c4MMOR: H\u00e4rmed kallar styrelsen f\u00f6r R\u00f6\u00e5ns FVOF till ordinarie \u00e5rsst\u00e4mma s\u00f6ndagen den 23\/2 kl. 11:30. St\u00e4mman kommer att ut\u00f6ver sedvanliga \u00e5rsm\u00f6tesfr\u00e5gor behandla en sammanslagning av R\u00f6\u00e5ns FVO och Lasele FVO. St\u00e4mman \u00e4ger rum i R\u00f6\u00e5ns F\u00f6reningshus. V\u00e4lkomna! \u2026\u2026\u2026\u2026\u2026\u2026\u2026\u2026\u2026\u2026\u2026\u2026\u2026\u2026\u2026\u2026\u2026\u2026\u2026\u2026\u2026\u2026\u2026\u2026. H\u00e4rmed kallar styrelsen f\u00f6r Lasele FVOF till ordinarie \u00e5rsst\u00e4mma s\u00f6ndagen den 23\/2 kl 13.00 St\u00e4mman kommer [&hellip;]<\/p>\n","protected":false},"author":2,"featured_media":0,"comment_status":"open","ping_status":"open","sticky":false,"template":"","format":"standard","meta":{"footnotes":""},"categories":[3],"tags":[],"class_list":["post-2855","post","type-post","status-publish","format-standard","hentry","category-allmant"],"_links":{"self":[{"href":"https:\/\/roan.junselebyar.se\/index.php?rest_route=\/wp\/v2\/posts\/2855","targetHints":{"allow":["GET"]}}],"collection":[{"href":"https:\/\/roan.junselebyar.se\/index.php?rest_route=\/wp\/v2\/posts"}],"about":[{"href":"https:\/\/roan.junselebyar.se\/index.php?rest_route=\/wp\/v2\/types\/post"}],"author":[{"embeddable":true,"href":"https:\/\/roan.junselebyar.se\/index.php?rest_route=\/wp\/v2\/users\/2"}],"replies":[{"embeddable":true,"href":"https:\/\/roan.junselebyar.se\/index.php?rest_route=%2Fwp%2Fv2%2Fcomments&post=2855"}],"version-history":[{"count":6,"href":"https:\/\/roan.junselebyar.se\/index.php?rest_route=\/wp\/v2\/posts\/2855\/revisions"}],"predecessor-version":[{"id":2862,"href":"https:\/\/roan.junselebyar.se\/index.php?rest_route=\/wp\/v2\/posts\/2855\/revisions\/2862"}],"wp:attachment":[{"href":"https:\/\/roan.junselebyar.se\/index.php?rest_route=%2Fwp%2Fv2%2Fmedia&parent=2855"}],"wp:term":[{"taxonomy":"category","embeddable":true,"href":"https:\/\/roan.junselebyar.se\/index.php?rest_route=%2Fwp%2Fv2%2Fcategories&post=2855"},{"taxonomy":"post_tag","embeddable":true,"href":"https:\/\/roan.junselebyar.se\/index.php?rest_route=%2Fwp%2Fv2%2Ftags&post=2855"}],"curies":[{"name":"wp","href":"https:\/\/api.w.org\/{rel}","templated":true}]}}