{"id":2911,"date":"2020-02-26T08:55:19","date_gmt":"2020-02-26T07:55:19","guid":{"rendered":"http:\/\/roan.junselebyar.se\/?p=2911"},"modified":"2020-02-26T08:55:19","modified_gmt":"2020-02-26T07:55:19","slug":"mittvinds-samrad-om-flakabergets-vindindustri","status":"publish","type":"post","link":"https:\/\/roan.junselebyar.se\/?p=2911","title":{"rendered":"Mittvinds samr\u00e5d om Flakabergets vindindustri"},"content":{"rendered":"<p>&nbsp;<\/p>\n<p><img loading=\"lazy\" decoding=\"async\" class=\"alignnone size-medium wp-image-2912\" src=\"http:\/\/roan.junselebyar.se\/nyheter\/wp-content\/uploads\/2020\/02\/87442599_10222242649683036_7760850743883464704_o-440x330.jpg\" alt=\"\" width=\"440\" height=\"330\" srcset=\"https:\/\/roan.junselebyar.se\/nyheter\/wp-content\/uploads\/2020\/02\/87442599_10222242649683036_7760850743883464704_o-440x330.jpg 440w, https:\/\/roan.junselebyar.se\/nyheter\/wp-content\/uploads\/2020\/02\/87442599_10222242649683036_7760850743883464704_o-768x576.jpg 768w, https:\/\/roan.junselebyar.se\/nyheter\/wp-content\/uploads\/2020\/02\/87442599_10222242649683036_7760850743883464704_o.jpg 960w\" sizes=\"auto, (max-width: 440px) 100vw, 440px\" \/><\/p>\n<p>I g\u00e5r h\u00f6ll Mittvind sitt samr\u00e5d med n\u00e4rmast ber\u00f6rda och allm\u00e4nheten.<\/p>\n<p>Mer information om m\u00f6tet finns p\u00e5 FB <a href=\"https:\/\/www.facebook.com\/groups\/297209270313107\/permalink\/3285204564846881\/\">Offentliga grupper f\u00f6r vindkraftsexploatering i Sollefte\u00e5 kommun<\/a><\/p>\n<p>Varf\u00f6r Vindkraftcentrum skulle f\u00e5 uppta tid, kan man fr\u00e5ga sig. Det var inte f\u00f6r deras propaganda, som folk kom till detta m\u00f6te. Det var i alla fall fullsatt i lokalen, vilket tyder p\u00e5 ett starkt intresse f\u00f6r denna exploatering och av fr\u00e5gor och k\u00e4nsloyttringar att d\u00f6ma finns inget lokalt st\u00f6d f\u00f6r projektet.<\/p>\n<p>\/Tarabrita<\/p>\n","protected":false},"excerpt":{"rendered":"<p>&nbsp; I g\u00e5r h\u00f6ll Mittvind sitt samr\u00e5d med n\u00e4rmast ber\u00f6rda och allm\u00e4nheten. Mer information om m\u00f6tet finns p\u00e5 FB Offentliga grupper f\u00f6r vindkraftsexploatering i Sollefte\u00e5 kommun Varf\u00f6r Vindkraftcentrum skulle f\u00e5 uppta tid, kan man fr\u00e5ga sig. Det var inte f\u00f6r deras propaganda, som folk kom till detta m\u00f6te. Det var i alla fall fullsatt i [&hellip;]<\/p>\n","protected":false},"author":2,"featured_media":0,"comment_status":"open","ping_status":"open","sticky":false,"template":"","format":"standard","meta":{"footnotes":""},"categories":[3],"tags":[],"class_list":["post-2911","post","type-post","status-publish","format-standard","hentry","category-allmant"],"_links":{"self":[{"href":"https:\/\/roan.junselebyar.se\/index.php?rest_route=\/wp\/v2\/posts\/2911","targetHints":{"allow":["GET"]}}],"collection":[{"href":"https:\/\/roan.junselebyar.se\/index.php?rest_route=\/wp\/v2\/posts"}],"about":[{"href":"https:\/\/roan.junselebyar.se\/index.php?rest_route=\/wp\/v2\/types\/post"}],"author":[{"embeddable":true,"href":"https:\/\/roan.junselebyar.se\/index.php?rest_route=\/wp\/v2\/users\/2"}],"replies":[{"embeddable":true,"href":"https:\/\/roan.junselebyar.se\/index.php?rest_route=%2Fwp%2Fv2%2Fcomments&post=2911"}],"version-history":[{"count":1,"href":"https:\/\/roan.junselebyar.se\/index.php?rest_route=\/wp\/v2\/posts\/2911\/revisions"}],"predecessor-version":[{"id":2913,"href":"https:\/\/roan.junselebyar.se\/index.php?rest_route=\/wp\/v2\/posts\/2911\/revisions\/2913"}],"wp:attachment":[{"href":"https:\/\/roan.junselebyar.se\/index.php?rest_route=%2Fwp%2Fv2%2Fmedia&parent=2911"}],"wp:term":[{"taxonomy":"category","embeddable":true,"href":"https:\/\/roan.junselebyar.se\/index.php?rest_route=%2Fwp%2Fv2%2Fcategories&post=2911"},{"taxonomy":"post_tag","embeddable":true,"href":"https:\/\/roan.junselebyar.se\/index.php?rest_route=%2Fwp%2Fv2%2Ftags&post=2911"}],"curies":[{"name":"wp","href":"https:\/\/api.w.org\/{rel}","templated":true}]}}