{"id":2948,"date":"2020-04-28T13:38:00","date_gmt":"2020-04-28T11:38:00","guid":{"rendered":"http:\/\/roan.junselebyar.se\/?p=2948"},"modified":"2020-04-28T13:44:37","modified_gmt":"2020-04-28T11:44:37","slug":"det-ar-en-marklig-tid","status":"publish","type":"post","link":"https:\/\/roan.junselebyar.se\/?p=2948","title":{"rendered":"Det \u00e4r en m\u00e4rklig tid!"},"content":{"rendered":"<p>&nbsp;<\/p>\n<p>Coronaviruset har i grunden f\u00f6r\u00e4ndrat vara liv. Detta g\u00e4ller det mesta\u2026. och f\u00f6r de flesta\u2026.men inte allt och alla. Vindkraftlobbyn lobbar p\u00e5 som vanligt med sin propaganda och inom vindindustriomr\u00e5dena p\u00e5g\u00e5r arbetet.<\/p>\n<p>Vi n\u00e5s nu av uppgifter om att det i Ramsele vid ishallen planeras en barackstad f\u00f6r utl\u00e4ndsk arbetskraft. <strong>Och jag som trodde att vi skulle undvika resor<\/strong>. <strong>Och att detta g\u00e4llde alla.<\/strong> Men kanske skall vindkraften i vanlig ordning ha en gr\u00e4ddfil<em>. <\/em><\/p>\n<p><em>\u00a0<\/em><em>&#8220;Flest arbetare f\u00f6rv\u00e4ntas komma fr\u00e5n slutet av augusti &#8211; och d\u00e5 talas det om cirka 170 personer. Barackstaden, p\u00e5 en yta av 4 000 kvadratmeter, \u00e4r dimensionerad f\u00f6r 200 boende. I mitten av juni kommer <\/em><em>de f\u00f6rsta barackerna att vara p\u00e5 plats.&#8221;(Nordsverige)<\/em><\/p>\n<p>Vilken planerad vindindustri skall dessa importerade arbetare uppf\u00f6ra?<\/p>\n<p>Ovanf\u00f6r Lungsj\u00f6n finns en rad vindindustrier tillst\u00e5ndsgivna och \u00e4ven ett, som \u00e4nnu ej s\u00f6kt tillst\u00e5nd (Nallkullen). F\u00f6r alla dessa utom Hocksj\u00f6n \u00e4r Flodin ansvarig.<\/p>\n<p>Det verkar nu n\u00e4rmast vara Bj\u00f6rkvattnets vindindustriarbetare, som skall bo i den planerade barackbyn i Ramsele.<\/p>\n<p><a href=\"http:\/\/roan.junselebyar.se\/?p=2711\">\u201dViking\u201d \u00e4r det samlande namnet<\/a> p\u00e5 dessa vindindustrier, som ligger n\u00e4ra varandra ovanf\u00f6r Lungsj\u00f6n: Bj\u00f6rkvattnet (Flodin), Stobr\u00e4nnkullen (Flodin), Isbillen(Flodin), Hocksj\u00f6 (J\u00e4mtkraft) och Nallkullen(Flodin). Nallkullen har \u00e4nnu ej beg\u00e4rt tillst\u00e5nd fr\u00e5n MPD. Kanske avvaktar Flodin \u201d l\u00f6ken\u201d, den lokala energi\u00f6verenskommelsen, som \u00e4r p\u00e5 g\u00e5ng inom Energidalen och som befaras inneb\u00e4ra uppluckring av nu g\u00e4llande stopp f\u00f6r ny storskalig vindkraft. Flodin hade under Lassen-Ullstein-eran god inblick i vad som skulle komma g\u00e4llande f\u00f6rvr\u00e4ngning av g\u00e4llande vindkraftplan. (V\u00e4gledningen f\u00f6rbi F\u00d6P 2008). Vem vet\u2026..kanske har han fortsatt insyn i kommunens kommande vindkraftplaner. Kanske har han anledning att tro att den nu g\u00e4llande \u00d6Pns restriktioner kommer att f\u00f6r\u00e4ndras. Kanske vet han t.o.m.<\/p>\n<p>Att alla dessa industrier g\u00e5r under samlingsnamnet \u201dViking\u201d \u00e4r nog ingen tillf\u00e4llighet. Flodin har ett f\u00f6rflutet inom kustartelleriet.<\/p>\n<p>&nbsp;<\/p>\n<p>F\u00f6rutom dessa i \u201dViking\u201d ing\u00e5ende industrier \u00e4r Flodin \u00e4ven ansvarig f\u00f6r Ranasj\u00f6 och Salsj\u00f6 och de verk som byggs just nu i Bj\u00f6rnlandh\u00f6jden och H\u00e4stkullen. Flodin var d\u00e4r och m\u00e4tte i b\u00f6rjan p\u00e5 2000-talet men nu \u00e4r det Nys\u00e4ter Wind med det schweiziska Credit Suisse Energy Infrastructure Partners som \u00e4r ansvariga.<\/p>\n<p>\/Tarabrita<\/p>\n<p>&nbsp;<\/p>\n<p>&nbsp;<\/p>\n","protected":false},"excerpt":{"rendered":"<p>&nbsp; Coronaviruset har i grunden f\u00f6r\u00e4ndrat vara liv. Detta g\u00e4ller det mesta\u2026. och f\u00f6r de flesta\u2026.men inte allt och alla. Vindkraftlobbyn lobbar p\u00e5 som vanligt med sin propaganda och inom vindindustriomr\u00e5dena p\u00e5g\u00e5r arbetet. Vi n\u00e5s nu av uppgifter om att det i Ramsele vid ishallen planeras en barackstad f\u00f6r utl\u00e4ndsk arbetskraft. Och jag som trodde [&hellip;]<\/p>\n","protected":false},"author":2,"featured_media":0,"comment_status":"open","ping_status":"open","sticky":false,"template":"","format":"standard","meta":{"footnotes":""},"categories":[3],"tags":[],"class_list":["post-2948","post","type-post","status-publish","format-standard","hentry","category-allmant"],"_links":{"self":[{"href":"https:\/\/roan.junselebyar.se\/index.php?rest_route=\/wp\/v2\/posts\/2948","targetHints":{"allow":["GET"]}}],"collection":[{"href":"https:\/\/roan.junselebyar.se\/index.php?rest_route=\/wp\/v2\/posts"}],"about":[{"href":"https:\/\/roan.junselebyar.se\/index.php?rest_route=\/wp\/v2\/types\/post"}],"author":[{"embeddable":true,"href":"https:\/\/roan.junselebyar.se\/index.php?rest_route=\/wp\/v2\/users\/2"}],"replies":[{"embeddable":true,"href":"https:\/\/roan.junselebyar.se\/index.php?rest_route=%2Fwp%2Fv2%2Fcomments&post=2948"}],"version-history":[{"count":4,"href":"https:\/\/roan.junselebyar.se\/index.php?rest_route=\/wp\/v2\/posts\/2948\/revisions"}],"predecessor-version":[{"id":2952,"href":"https:\/\/roan.junselebyar.se\/index.php?rest_route=\/wp\/v2\/posts\/2948\/revisions\/2952"}],"wp:attachment":[{"href":"https:\/\/roan.junselebyar.se\/index.php?rest_route=%2Fwp%2Fv2%2Fmedia&parent=2948"}],"wp:term":[{"taxonomy":"category","embeddable":true,"href":"https:\/\/roan.junselebyar.se\/index.php?rest_route=%2Fwp%2Fv2%2Fcategories&post=2948"},{"taxonomy":"post_tag","embeddable":true,"href":"https:\/\/roan.junselebyar.se\/index.php?rest_route=%2Fwp%2Fv2%2Ftags&post=2948"}],"curies":[{"name":"wp","href":"https:\/\/api.w.org\/{rel}","templated":true}]}}