{"id":2955,"date":"2020-05-13T08:56:34","date_gmt":"2020-05-13T06:56:34","guid":{"rendered":"http:\/\/roan.junselebyar.se\/?p=2955"},"modified":"2020-05-13T10:10:16","modified_gmt":"2020-05-13T08:10:16","slug":"stod-ramselebornas-kamp-mot-barackstaden","status":"publish","type":"post","link":"https:\/\/roan.junselebyar.se\/?p=2955","title":{"rendered":"St\u00f6d Ramselebornas kamp mot barackstaden"},"content":{"rendered":"<p><img loading=\"lazy\" decoding=\"async\" class=\"alignnone size-medium wp-image-2963\" src=\"http:\/\/roan.junselebyar.se\/nyheter\/wp-content\/uploads\/2020\/05\/Barackbyn-ramsele-440x229.jpg\" alt=\"\" width=\"440\" height=\"229\" srcset=\"https:\/\/roan.junselebyar.se\/nyheter\/wp-content\/uploads\/2020\/05\/Barackbyn-ramsele-440x229.jpg 440w, https:\/\/roan.junselebyar.se\/nyheter\/wp-content\/uploads\/2020\/05\/Barackbyn-ramsele.jpg 540w\" sizes=\"auto, (max-width: 440px) 100vw, 440px\" \/><\/p>\n<p><a href=\"https:\/\/www.skrivunder.com\/ingen_barackstad_i_ramsele_under_pandemin?s=71932291\"><span style=\"display: inline !important; float: none; background-color: #ffffff; color: #333333; cursor: text; font-family: Georgia,'Times New Roman','Bitstream Charter',Times,serif; font-size: 16px; font-style: normal; font-variant: normal; font-weight: 400; letter-spacing: normal; orphans: 2; text-align: left; text-decoration: none; text-indent: 0px; text-transform: none; -webkit-text-stroke-width: 0px; white-space: normal; word-spacing: 0px;\">\u00a0Namninsamling mot den planerade<\/span> Barackstaden i Ramsele<\/a><\/p>\n<p>Allt fler protesterar nu mot det ol\u00e4mpliga i att, mitt under en pandemi, f\u00f6rl\u00e4gga ca 200 utl\u00e4ndska arbetare i en barackstad centralt i Ramsele. Om Du vill hj\u00e4lpa Ramseleborna och alla oss andra\u00a0 n\u00e4rboendet att f\u00f6rhindra denna f\u00f6rl\u00e4ggning kan Du deltaga i denna namninsamling. Om protesterna blir tillr\u00e4ckligt stora kanske v\u00e5ra politiker tvingas t\u00e4nka om.<\/p>\n<p>&nbsp;<\/p>\n<p>Information finns \u00e4ven p\u00e5 sidan\u00a0 <a href=\"https:\/\/www.facebook.com\/groups\/243550336768810\/\">Ramsele anslagstavla och forum\u00a0<\/a><\/p>\n<p>Det m\u00f6te, som h\u00e5llits i Ramsele finns utlagt p\u00e5 <a href=\"https:\/\/www.youtube.com\/watch?v=2KMgqQWiyFs&amp;feature=youtu.be\">YouTube<\/a><\/p>\n<p>Debatten f\u00f6rs \u00e4ven p\u00e5 bl.a.Snurrigt FB-sida <a href=\"https:\/\/www.facebook.com\/groups\/297209270313107\/\">Motvind- Vindkraftexploateringen i Sollefte\u00e5 kommun<\/a><\/p>\n<p>Turerna i detta (de som vi k\u00e4nner till) \u00e4r m\u00e4rkliga och det skulle ta f\u00f6r mycket tid och plats att bena ut allt h\u00e4r. Det \u00e4r b\u00e4st att alla sj\u00e4lva tar del av det som finns att tillg\u00e5 bl.a. via sociala medier.<\/p>\n<p>En sorgesam historia \u00e4r detta verkligt- s\u00e4rskilt beaktandes det i dagsl\u00e4get d\u00e5liga kunskapsl\u00e4get\u00a0 om Corona. Se bl.a. WHOs senaste information (bl.a. Michael Ryan). Att kasta ur sig kommentarer i stil med att smittan redan \u00e4r h\u00e4r, att det redan finns en samh\u00e4llsspridning eller- \u00e4nnu v\u00e5rdsl\u00f6sare -lekmannaexpertomd\u00f6men om &#8220;flockimmunitet&#8221; avsl\u00f6jar en avgrund av l\u00e4ttsinne och okunskap.<\/p>\n<p>Fr\u00e5gan \u00e4r nu: Hur v\u00e4rderar politikerna sina medborgares liv och h\u00e4lsa? Hur m\u00e5nga kronor? Detta skall det f\u00f6rhandlas om och detta (arrendestorleken) skall tydligen nu tas upp i ett extrainsatt kommunstyrelsem\u00f6te. L\u00e5t oss hoppas att i alla fall n\u00e5gra av beslutsfattarna inser hur litet vi vet, hur stor os\u00e4kerheten d\u00e4rmed \u00e4r och att d\u00e4rf\u00f6r i f\u00f6rsta hand f\u00f6rsiktighetsprincipen skall till\u00e4mpas.<\/p>\n<p>\/Tarabrita<\/p>\n<p>&nbsp;<\/p>\n<p>&nbsp;<\/p>\n<p>&nbsp;<\/p>\n<div class=\"_5umn clearfix\" role=\"heading\" aria-level=\"2\"><\/div>\n<div id=\"mall_post_3476938512340151:6:0\" class=\"_4-u2 mbm _4mrt _5jmm _5pat _5v3q _7cqq _4-u8\" role=\"article\" aria-describedby=\"js_k js_l\" aria-labelledby=\"js_j\" data-insertion-position=\"0\" data-fte=\"1\" data-ftr=\"1\">\n<div id=\"u_0_1k\" class=\"_3ccb\" data-ft=\"{&quot;tn&quot;:&quot;-R&quot;}\" data-gt=\"{&quot;type&quot;:&quot;click2canvas&quot;,&quot;fbsource&quot;:703,&quot;ref&quot;:&quot;nf_generic&quot;}\">\n<div><\/div>\n<div class=\"_5pcr userContentWrapper\" data-ft=\"{&quot;tn&quot;:&quot;-R&quot;}\">\n<div class=\"_1dwg _1w_m _q7o\" data-vc-ignore-dynamic=\"1\">\n<div><\/div>\n<div class=\"_4r_y\">\n<div id=\"u_0_1m\" class=\"_1wbl\"><\/div>\n<\/div>\n<div>\n<div class=\"l_c3pyo2v0u _5eit i_c3pynyi2f clearfix\">\n<div class=\"clearfix y_c3pyo2ta3\">\n<div class=\"_38vo\">\n<div><\/div>\n<\/div>\n<div class=\"clearfix _42ef\">\n<div class=\"rfloat _ohf\"><\/div>\n<div class=\"u_c3pyo2ta4\">\n<div>\n<div class=\"_6a _5u5j\">\n<div class=\"_6a _5u5j _6b\">\n<div id=\"feed_subtitle_3476938512340151:6:0\" class=\"_5pcp _5lel _2jyu _232_\" data-testid=\"story-subtitle\"><\/div>\n<\/div>\n<\/div>\n<\/div>\n<\/div>\n<\/div>\n<\/div>\n<\/div>\n<\/div>\n<\/div>\n<\/div>\n<\/div>\n<\/div>\n","protected":false},"excerpt":{"rendered":"<p>\u00a0Namninsamling mot den planerade Barackstaden i Ramsele Allt fler protesterar nu mot det ol\u00e4mpliga i att, mitt under en pandemi, f\u00f6rl\u00e4gga ca 200 utl\u00e4ndska arbetare i en barackstad centralt i Ramsele. Om Du vill hj\u00e4lpa Ramseleborna och alla oss andra\u00a0 n\u00e4rboendet att f\u00f6rhindra denna f\u00f6rl\u00e4ggning kan Du deltaga i denna namninsamling. Om protesterna blir tillr\u00e4ckligt [&hellip;]<\/p>\n","protected":false},"author":2,"featured_media":0,"comment_status":"open","ping_status":"open","sticky":false,"template":"","format":"standard","meta":{"footnotes":""},"categories":[3],"tags":[],"class_list":["post-2955","post","type-post","status-publish","format-standard","hentry","category-allmant"],"_links":{"self":[{"href":"https:\/\/roan.junselebyar.se\/index.php?rest_route=\/wp\/v2\/posts\/2955","targetHints":{"allow":["GET"]}}],"collection":[{"href":"https:\/\/roan.junselebyar.se\/index.php?rest_route=\/wp\/v2\/posts"}],"about":[{"href":"https:\/\/roan.junselebyar.se\/index.php?rest_route=\/wp\/v2\/types\/post"}],"author":[{"embeddable":true,"href":"https:\/\/roan.junselebyar.se\/index.php?rest_route=\/wp\/v2\/users\/2"}],"replies":[{"embeddable":true,"href":"https:\/\/roan.junselebyar.se\/index.php?rest_route=%2Fwp%2Fv2%2Fcomments&post=2955"}],"version-history":[{"count":8,"href":"https:\/\/roan.junselebyar.se\/index.php?rest_route=\/wp\/v2\/posts\/2955\/revisions"}],"predecessor-version":[{"id":2957,"href":"https:\/\/roan.junselebyar.se\/index.php?rest_route=\/wp\/v2\/posts\/2955\/revisions\/2957"}],"wp:attachment":[{"href":"https:\/\/roan.junselebyar.se\/index.php?rest_route=%2Fwp%2Fv2%2Fmedia&parent=2955"}],"wp:term":[{"taxonomy":"category","embeddable":true,"href":"https:\/\/roan.junselebyar.se\/index.php?rest_route=%2Fwp%2Fv2%2Fcategories&post=2955"},{"taxonomy":"post_tag","embeddable":true,"href":"https:\/\/roan.junselebyar.se\/index.php?rest_route=%2Fwp%2Fv2%2Ftags&post=2955"}],"curies":[{"name":"wp","href":"https:\/\/api.w.org\/{rel}","templated":true}]}}