{"id":2966,"date":"2020-05-21T22:59:59","date_gmt":"2020-05-21T20:59:59","guid":{"rendered":"http:\/\/roan.junselebyar.se\/?p=2966"},"modified":"2020-05-21T23:03:25","modified_gmt":"2020-05-21T21:03:25","slug":"varfor-letar-stackars-bo-i-saollefea","status":"publish","type":"post","link":"https:\/\/roan.junselebyar.se\/?p=2966","title":{"rendered":"Varf\u00f6r letar stackars Bo i Sollefte\u00e5?"},"content":{"rendered":"<p>&nbsp;<\/p>\n<p>Bo Bergqvist , tidigare tj\u00e4nsteman p\u00e5 Sollefte\u00e5 kommun och nu konsult f\u00f6r danska bolaget WMO-Site Facility, som i Ramsele ville bygga barackbost\u00e4derna avsedda f\u00f6r vindkraftsarbetare i Bj\u00f6rkvattnet, \u00e4r enligt T\u00c5 tillbaka p\u00e5 ruta ett och m\u00e5ste ist\u00e4llet b\u00f6rja leta bost\u00e4der brett \u00f6ver hela Sollefte\u00e5 kommun. Detta med anledning av att kommunstyrelsen sade nej till barackf\u00f6rl\u00e4ggningen i Ramsele. Men<strong> VARF\u00d6R<\/strong> m\u00e5ste han leta \u00f6ver hela Sollefte\u00e5 kommun??? Varf\u00f6r letar han inte i <strong>Ragunda<\/strong> kommun, d\u00e4r vindindustrin skall uppf\u00f6ras? Det var ju \u00e4ven Ragunda kommun, som gav sitt samtycke till industrin. Det borde vara i hela Ragunda Bo Bergqvist skall leta. Inte Sollefte\u00e5. Tids nog, n\u00e4r Flodins alla Sollefte\u00e5baserade och -tillst\u00e5ndsgivna industrier skall f\u00f6rst\u00f6ra v\u00e5r natur, kan han leta boenden h\u00e4r.<\/p>\n<p>Bo Bergqvist har arbetat ca 30 \u00e5r i Sollefte\u00e5 kommun s\u00e5 det kan ju vara s\u00e5 att det \u00e4r l\u00e4ttare f\u00f6r honom att hitta h\u00e4r. En annan anledning kan vara att han har f\u00f6rekommit en del i vindkraftsammanhang. Han k\u00e4nner vindm\u00e4nniskorna s\u00e5v\u00e4l exploat\u00f6ren som tj\u00e4nstem\u00e4nnen p\u00e5 Sollefte\u00e5 kommun. P\u00e5 sin egen hemsida har han som referensprojekt bl.a. uppgivit:<\/p>\n<p>Uppf\u00f6rande av vindkraftpark i Lungsj\u00f6n, Sollefte\u00e5 kommun<\/p>\n<p>Best\u00e4llare V\u00e4ktaren Vind AB (Flodin)<\/p>\n<p>&nbsp;<\/p>\n<p>Han figurerade ocks\u00e5 som kontrollansvarig under en period, d\u00e5 Flakaberget hade bygglov f\u00f6r sm\u00e5skalig \u2013 mellanstor vindkraft<\/p>\n<p>&nbsp;<\/p>\n<p>TIDIGT TEKNISKT SAMR\u00c5D<\/p>\n<p>Diarienummer:\u00a0\u00a0\u00a0\u00a0\u00a0\u00a0\u00a0\u00a0\u00a0\u00a0\u00a0\u00a0\u00a0\u00a0\u00a0\u00a0\u00a0\u00a0\u00a0\u00a0\u00a0\u00a0\u00a0\u00a0\u00a0\u00a0 2010.0490.231<\/p>\n<p>Samr\u00e5det avser:\u00a0\u00a0\u00a0\u00a0\u00a0\u00a0\u00a0\u00a0\u00a0\u00a0\u00a0\u00a0\u00a0\u00a0\u00a0\u00a0\u00a0\u00a0\u00a0\u00a0\u00a0\u00a0\u00a0\u00a0 Uppf\u00f6rande av 6 st vindkraftverk<\/p>\n<p>Fastighet:\u00a0\u00a0\u00a0\u00a0\u00a0\u00a0\u00a0\u00a0 Moflo 3:13, 4:34, 5:13, 11:1<\/p>\n<p>&nbsp;<\/p>\n<p><em>\u201dFullmakt \u00e4r l\u00e4mnat till Kr\u00e5nge vind AB f\u00f6r att driva projekt Flakaberget tom startbesked \u00e4r meddelat. \u00c4gare till projektet \u00e4r Vindvision Norr AB, Ownpower Projects och Borago utvecklings AB. Ny kontrollansvarig f\u00f6r projektet \u00e4r<strong> Bo Bergqvist<\/strong>, Ume\u00e5 som ers\u00e4tter G\u00f6sta Holgersson, Ume\u00e5.\u201d<\/em><\/p>\n<p>Krange vind \u00e4r ju ett av alla dessa Flodinf\u00f6retag, som ser om sin livsuppgift att industrialisera v\u00e5rt vackra landskap med vindkraftverk. Flodin har under l\u00e5ng tid \u201dvabbat\u201d Flakabergsexploateringen.<\/p>\n<p>Klart att Bo Bergqvist \u00e4r besviken \u00f6ver kommunstyrelsens beslut. \u2013 <em><strong>Jag \u00e4r inte s\u00e4ker p\u00e5 att nej-r\u00f6sterna, varken de som bor i Ramsele eller i politiken, f\u00f6rst\u00e5r vidden av det h\u00e4r.<\/strong><\/em><\/p>\n<p>S\u00e5 talar en man som vet b\u00e4st. Andra f\u00f6rst\u00e5r inte riktigt po\u00e4ngen med en barackf\u00f6rl\u00e4ggning- mitt i Ramsele\u2026mitt i en pandemi.<\/p>\n<p>V\u00e5rt kommunalr\u00e5d sade enligt T\u00c5 att han sk\u00e4mdes n\u00e4r han meddelade byggherren det negativa beslutet. Men just beslutet \u00e4r kanske det enda som han inte skall sk\u00e4mmas f\u00f6r; de tv\u00e5 alternativ f\u00f6r boendet, som presenterades var ju inte precis ett val mellan pest och kolera utan fastmer ett mellan himmel och helvete. De var som tv\u00e5 spegelv\u00e4nda karikatyrer, d\u00e4r alt 1 beskrev ett m\u00f6nstersamh\u00e4lle med perfekt sjukv\u00e5rd, milj\u00f6inspektioner, ett f\u00f6retag, som tog ansvar f\u00f6r sina anst\u00e4llda och omgivningen m.m. medan alternativ 2 m\u00e5lade upp ett skr\u00e4ckscenario med Coronasmittande arbetare hukande i snart sagt vartenda skjul och varje uppt\u00e4nklig byggnad runt Ramsele och d\u00e5\u2026. minsann\u2026. skulle inte det h\u00e4r f\u00f6retaget bry sig. Inte ett dugg. D\u00e5 fick dumma vi skylla oss sj\u00e4lva om sjukv\u00e5rden kollapsade. Och med deras egna anst\u00e4llda arbetare skulle det tydligen g\u00e5 lika illa.<\/p>\n<p>Hur kan ngn. \u00f6verhuvudtaget ens \u00f6verv\u00e4ga att inl\u00e5ta sig i samtal med ett s\u00e5dant oetiskt och oansvarigt f\u00f6retag?????<\/p>\n<p>Vi \u00e4r m\u00e5nga, som \u00e4r livr\u00e4dda f\u00f6r detta Coronavirus. Personligen betackar jag mig dessutom f\u00f6r besk\u00e4ftiga amat\u00f6repidemiologer som k\u00e4ckt proklamerar att vi m\u00e5ste g\u00e5 vidare\u2026.. vi m\u00e5ste l\u00e4ra oss att leva MED viruset.<\/p>\n<p>Det var mer \u00e4n nog med centerkvinnan, som p\u00e5 dialogm\u00f6tet \u00e4ntrade scenen med detta budskap.<\/p>\n<p>Om priset blir att vi d\u00f6r????? \u00c4r det d\u00e5 inte b\u00e4ttre att leva <strong>utan<\/strong> viruset och inv\u00e4nta vaccin.<\/p>\n<p>&nbsp;<\/p>\n<p>\/Tarabrita<\/p>\n<p>&nbsp;<\/p>\n<p>&nbsp;<\/p>\n<p>&nbsp;<\/p>\n","protected":false},"excerpt":{"rendered":"<p>&nbsp; Bo Bergqvist , tidigare tj\u00e4nsteman p\u00e5 Sollefte\u00e5 kommun och nu konsult f\u00f6r danska bolaget WMO-Site Facility, som i Ramsele ville bygga barackbost\u00e4derna avsedda f\u00f6r vindkraftsarbetare i Bj\u00f6rkvattnet, \u00e4r enligt T\u00c5 tillbaka p\u00e5 ruta ett och m\u00e5ste ist\u00e4llet b\u00f6rja leta bost\u00e4der brett \u00f6ver hela Sollefte\u00e5 kommun. Detta med anledning av att kommunstyrelsen sade nej till [&hellip;]<\/p>\n","protected":false},"author":2,"featured_media":0,"comment_status":"open","ping_status":"open","sticky":false,"template":"","format":"standard","meta":{"footnotes":""},"categories":[3],"tags":[],"class_list":["post-2966","post","type-post","status-publish","format-standard","hentry","category-allmant"],"_links":{"self":[{"href":"https:\/\/roan.junselebyar.se\/index.php?rest_route=\/wp\/v2\/posts\/2966","targetHints":{"allow":["GET"]}}],"collection":[{"href":"https:\/\/roan.junselebyar.se\/index.php?rest_route=\/wp\/v2\/posts"}],"about":[{"href":"https:\/\/roan.junselebyar.se\/index.php?rest_route=\/wp\/v2\/types\/post"}],"author":[{"embeddable":true,"href":"https:\/\/roan.junselebyar.se\/index.php?rest_route=\/wp\/v2\/users\/2"}],"replies":[{"embeddable":true,"href":"https:\/\/roan.junselebyar.se\/index.php?rest_route=%2Fwp%2Fv2%2Fcomments&post=2966"}],"version-history":[{"count":3,"href":"https:\/\/roan.junselebyar.se\/index.php?rest_route=\/wp\/v2\/posts\/2966\/revisions"}],"predecessor-version":[{"id":2970,"href":"https:\/\/roan.junselebyar.se\/index.php?rest_route=\/wp\/v2\/posts\/2966\/revisions\/2970"}],"wp:attachment":[{"href":"https:\/\/roan.junselebyar.se\/index.php?rest_route=%2Fwp%2Fv2%2Fmedia&parent=2966"}],"wp:term":[{"taxonomy":"category","embeddable":true,"href":"https:\/\/roan.junselebyar.se\/index.php?rest_route=%2Fwp%2Fv2%2Fcategories&post=2966"},{"taxonomy":"post_tag","embeddable":true,"href":"https:\/\/roan.junselebyar.se\/index.php?rest_route=%2Fwp%2Fv2%2Ftags&post=2966"}],"curies":[{"name":"wp","href":"https:\/\/api.w.org\/{rel}","templated":true}]}}