{"id":3031,"date":"2020-10-17T09:55:33","date_gmt":"2020-10-17T07:55:33","guid":{"rendered":"http:\/\/roan.junselebyar.se\/?p=3031"},"modified":"2020-10-17T09:55:33","modified_gmt":"2020-10-17T07:55:33","slug":"roaforsarnas-naturreservat-snart-beslutat","status":"publish","type":"post","link":"https:\/\/roan.junselebyar.se\/?p=3031","title":{"rendered":"R\u00f6\u00e5forsarnas Naturreservat snart beslutat"},"content":{"rendered":"<div id=\"attachment_3035\" style=\"width: 330px\" class=\"wp-caption alignnone\"><img loading=\"lazy\" decoding=\"async\" aria-describedby=\"caption-attachment-3035\" class=\"size-full wp-image-3035\" src=\"http:\/\/roan.junselebyar.se\/nyheter\/wp-content\/uploads\/2020\/10\/roan2.jpg\" alt=\"\" width=\"320\" height=\"240\" \/><p id=\"caption-attachment-3035\" class=\"wp-caption-text\">Landskapsv\u00e5rdare vid R\u00f6\u00e5n\u00a0 \u00a0 \u00a0 \u00a0 \u00a0 \u00a0 \u00a0 \u00a0 \u00a0 \u00a0Foto Meta<\/p><\/div>\n<p>Arbetet med R\u00f6\u00e5forsarnas Naturreservat n\u00e4rmar sig sitt slut. Om planerna g\u00e5r i l\u00e5s kommer ett beslut att fattas nu i november och d\u00e4refter \u00e4r det bara att hoppas p\u00e5 att ingen \u00f6verklagar. Sj\u00e4lva invigningen av reservatet, d\u00e5 allt \u00e4r p\u00e5 plats och Coronan f\u00f6rhoppningsvis till\u00e5ter litet mer festligheter, kommer att ske h\u00f6sten 2021. S\u00e5 roligt! S\u00e5 fint att detta slutm\u00e5l \u00e4r i sikte.<\/p>\n<p>Tack Oskar f\u00f6r Ditt h\u00e4ngivna arbete med detta!<\/p>\n<p>Och Tack Meta f\u00f6r alla vackra nytagna h\u00f6stbilder p\u00e5 R\u00f6\u00e5n ngt. uppstr\u00f6ms sj\u00e4lva reservatet, som ju b\u00f6rjar vid bron och str\u00e4cker sig \u00e4nda ner till rastplatsen vid \u00c5ngerman\u00e4lven.<\/p>\n<p>Och Tack Anders och Maria f\u00f6r den fina naturv\u00e5rdsinsatsen, som era f\u00e5r g\u00f6r!<\/p>\n<p><img loading=\"lazy\" decoding=\"async\" class=\"alignnone size-medium wp-image-3034\" src=\"http:\/\/roan.junselebyar.se\/nyheter\/wp-content\/uploads\/2020\/10\/roan4-440x330.jpg\" alt=\"\" width=\"440\" height=\"330\" srcset=\"https:\/\/roan.junselebyar.se\/nyheter\/wp-content\/uploads\/2020\/10\/roan4-440x330.jpg 440w, https:\/\/roan.junselebyar.se\/nyheter\/wp-content\/uploads\/2020\/10\/roan4.jpg 640w\" sizes=\"auto, (max-width: 440px) 100vw, 440px\" \/><\/p>\n<p>Foto Meta<\/p>\n<p><img loading=\"lazy\" decoding=\"async\" class=\"alignnone  wp-image-3033\" src=\"http:\/\/roan.junselebyar.se\/nyheter\/wp-content\/uploads\/2020\/10\/roan3.jpg\" alt=\"\" width=\"335\" height=\"447\" \/><\/p>\n<p>Foto Meta<\/p>\n<p>\/Tarabrita<\/p>\n","protected":false},"excerpt":{"rendered":"<p>Arbetet med R\u00f6\u00e5forsarnas Naturreservat n\u00e4rmar sig sitt slut. Om planerna g\u00e5r i l\u00e5s kommer ett beslut att fattas nu i november och d\u00e4refter \u00e4r det bara att hoppas p\u00e5 att ingen \u00f6verklagar. Sj\u00e4lva invigningen av reservatet, d\u00e5 allt \u00e4r p\u00e5 plats och Coronan f\u00f6rhoppningsvis till\u00e5ter litet mer festligheter, kommer att ske h\u00f6sten 2021. S\u00e5 roligt! [&hellip;]<\/p>\n","protected":false},"author":2,"featured_media":0,"comment_status":"open","ping_status":"open","sticky":false,"template":"","format":"standard","meta":{"footnotes":""},"categories":[3],"tags":[],"class_list":["post-3031","post","type-post","status-publish","format-standard","hentry","category-allmant"],"_links":{"self":[{"href":"https:\/\/roan.junselebyar.se\/index.php?rest_route=\/wp\/v2\/posts\/3031","targetHints":{"allow":["GET"]}}],"collection":[{"href":"https:\/\/roan.junselebyar.se\/index.php?rest_route=\/wp\/v2\/posts"}],"about":[{"href":"https:\/\/roan.junselebyar.se\/index.php?rest_route=\/wp\/v2\/types\/post"}],"author":[{"embeddable":true,"href":"https:\/\/roan.junselebyar.se\/index.php?rest_route=\/wp\/v2\/users\/2"}],"replies":[{"embeddable":true,"href":"https:\/\/roan.junselebyar.se\/index.php?rest_route=%2Fwp%2Fv2%2Fcomments&post=3031"}],"version-history":[{"count":2,"href":"https:\/\/roan.junselebyar.se\/index.php?rest_route=\/wp\/v2\/posts\/3031\/revisions"}],"predecessor-version":[{"id":3037,"href":"https:\/\/roan.junselebyar.se\/index.php?rest_route=\/wp\/v2\/posts\/3031\/revisions\/3037"}],"wp:attachment":[{"href":"https:\/\/roan.junselebyar.se\/index.php?rest_route=%2Fwp%2Fv2%2Fmedia&parent=3031"}],"wp:term":[{"taxonomy":"category","embeddable":true,"href":"https:\/\/roan.junselebyar.se\/index.php?rest_route=%2Fwp%2Fv2%2Fcategories&post=3031"},{"taxonomy":"post_tag","embeddable":true,"href":"https:\/\/roan.junselebyar.se\/index.php?rest_route=%2Fwp%2Fv2%2Ftags&post=3031"}],"curies":[{"name":"wp","href":"https:\/\/api.w.org\/{rel}","templated":true}]}}