{"id":3079,"date":"2020-12-16T18:12:05","date_gmt":"2020-12-16T17:12:05","guid":{"rendered":"http:\/\/roan.junselebyar.se\/?p=3079"},"modified":"2020-12-16T18:12:05","modified_gmt":"2020-12-16T17:12:05","slug":"roaforsarnas-naturreservat-3","status":"publish","type":"post","link":"https:\/\/roan.junselebyar.se\/?p=3079","title":{"rendered":"R\u00f6\u00e5forsarnas Naturreservat"},"content":{"rendered":"<div id=\"attachment_3063\" style=\"width: 450px\" class=\"wp-caption alignnone\"><img loading=\"lazy\" decoding=\"async\" aria-describedby=\"caption-attachment-3063\" class=\"size-medium wp-image-3063\" src=\"http:\/\/roan.junselebyar.se\/nyheter\/wp-content\/uploads\/2020\/12\/roan642014-440x440.jpg\" alt=\"\" width=\"440\" height=\"440\" srcset=\"https:\/\/roan.junselebyar.se\/nyheter\/wp-content\/uploads\/2020\/12\/roan642014-440x440.jpg 440w, https:\/\/roan.junselebyar.se\/nyheter\/wp-content\/uploads\/2020\/12\/roan642014-768x768.jpg 768w, https:\/\/roan.junselebyar.se\/nyheter\/wp-content\/uploads\/2020\/12\/roan642014-1536x1536.jpg 1536w, https:\/\/roan.junselebyar.se\/nyheter\/wp-content\/uploads\/2020\/12\/roan642014-2048x2048.jpg 2048w\" sizes=\"auto, (max-width: 440px) 100vw, 440px\" \/><p id=\"caption-attachment-3063\" class=\"wp-caption-text\">St\u00e4mningsfull t\u00e4ltplats\u00a0 \u00a0 \u00a0 \u00a0 \u00a0 \u00a0 \u00a0 \u00a0 Bild: Oskar Norrgrann<\/p><\/div>\n<p>&nbsp;<\/p>\n<p>Nu har R\u00f6\u00e5forsarnas Naturreservat vunnit \u201claga kraft\u201d.<\/p>\n<p>Tack och lov var det ingen som \u00f6verklagade och d\u00e4rmed gick det som planerat.<\/p>\n<p>F\u00f6r ett \u00e5r sedan t\u00e4ltade Oskar nere vid L\u00e5ngbj\u00f6rn. Ser mysigt ut men det m\u00e5 betvivlas\u2026.<\/p>\n<p>Tack Oskar f\u00f6r v\u00e5rt naturreservat!<\/p>\n<p>Och d\u00e4rmed och med denna st\u00e4mningsfulla bild till\u00f6nskas alla hemsidans l\u00e4sare en<\/p>\n<p>RIKTIGT GOD JUL!!<\/p>\n<p>\/Tarabrita<\/p>\n","protected":false},"excerpt":{"rendered":"<p>&nbsp; Nu har R\u00f6\u00e5forsarnas Naturreservat vunnit \u201claga kraft\u201d. Tack och lov var det ingen som \u00f6verklagade och d\u00e4rmed gick det som planerat. F\u00f6r ett \u00e5r sedan t\u00e4ltade Oskar nere vid L\u00e5ngbj\u00f6rn. Ser mysigt ut men det m\u00e5 betvivlas\u2026. Tack Oskar f\u00f6r v\u00e5rt naturreservat! Och d\u00e4rmed och med denna st\u00e4mningsfulla bild till\u00f6nskas alla hemsidans l\u00e4sare en [&hellip;]<\/p>\n","protected":false},"author":2,"featured_media":0,"comment_status":"open","ping_status":"open","sticky":false,"template":"","format":"standard","meta":{"footnotes":""},"categories":[3],"tags":[],"class_list":["post-3079","post","type-post","status-publish","format-standard","hentry","category-allmant"],"_links":{"self":[{"href":"https:\/\/roan.junselebyar.se\/index.php?rest_route=\/wp\/v2\/posts\/3079","targetHints":{"allow":["GET"]}}],"collection":[{"href":"https:\/\/roan.junselebyar.se\/index.php?rest_route=\/wp\/v2\/posts"}],"about":[{"href":"https:\/\/roan.junselebyar.se\/index.php?rest_route=\/wp\/v2\/types\/post"}],"author":[{"embeddable":true,"href":"https:\/\/roan.junselebyar.se\/index.php?rest_route=\/wp\/v2\/users\/2"}],"replies":[{"embeddable":true,"href":"https:\/\/roan.junselebyar.se\/index.php?rest_route=%2Fwp%2Fv2%2Fcomments&post=3079"}],"version-history":[{"count":1,"href":"https:\/\/roan.junselebyar.se\/index.php?rest_route=\/wp\/v2\/posts\/3079\/revisions"}],"predecessor-version":[{"id":3080,"href":"https:\/\/roan.junselebyar.se\/index.php?rest_route=\/wp\/v2\/posts\/3079\/revisions\/3080"}],"wp:attachment":[{"href":"https:\/\/roan.junselebyar.se\/index.php?rest_route=%2Fwp%2Fv2%2Fmedia&parent=3079"}],"wp:term":[{"taxonomy":"category","embeddable":true,"href":"https:\/\/roan.junselebyar.se\/index.php?rest_route=%2Fwp%2Fv2%2Fcategories&post=3079"},{"taxonomy":"post_tag","embeddable":true,"href":"https:\/\/roan.junselebyar.se\/index.php?rest_route=%2Fwp%2Fv2%2Ftags&post=3079"}],"curies":[{"name":"wp","href":"https:\/\/api.w.org\/{rel}","templated":true}]}}