{"id":3081,"date":"2020-12-19T09:14:58","date_gmt":"2020-12-19T08:14:58","guid":{"rendered":"http:\/\/roan.junselebyar.se\/?p=3081"},"modified":"2020-12-19T09:17:34","modified_gmt":"2020-12-19T08:17:34","slug":"basta-julklappen","status":"publish","type":"post","link":"https:\/\/roan.junselebyar.se\/?p=3081","title":{"rendered":"B\u00c4STA JULKLAPPEN!"},"content":{"rendered":"<p>&nbsp;<\/p>\n<div class=\"date\">\n<div class=\"field field--datetime field--field-pr-date field--node--field-pr-date field--node--press--field-pr-date\">\n<div class=\"field__content\">\n<div class=\"field__item\"><time datetime=\"2020-12-18T17:20:00Z\">&#8220;2020-12-18 17:20<\/time><\/div>\n<\/div>\n<\/div>\n<\/div>\n<h2 class=\"node__title\"><span class=\"field field--string field--title field--node--title field--node--press--title\">F\u00f6rs\u00e4ljning av projekten Ranasj\u00f6- och Salsj\u00f6h\u00f6jden skjuts upp<\/span><\/h2>\n<div class=\"body\">\n<div class=\"field field--text-with-summary field--body field--node--body field--node--press--body\">\n<div class=\"field__content\">\n<div class=\"field__item\">\n<p>Arise AB (publ) (&#8220;Arise&#8221;) meddelar h\u00e4rmed att den planerade f\u00f6rs\u00e4ljningen av projekten Ranasj\u00f6- och Salsj\u00f6h\u00f6jden (&#8220;Projekten&#8221;) skjuts upp. Detta inneb\u00e4r bland annat att ans\u00f6kan om tillst\u00e5nds-f\u00f6rl\u00e4ngning f\u00f6r ett av delprojekten m\u00e5ste l\u00e4mnas in. Ambitionen \u00e4r att realisera Projekten i ett senare skede.<\/p>\n<p>&#8220;Vi hade hoppats p\u00e5 att kunna realisera projekten nu men det gick tyv\u00e4rr inte. Jag vill passa p\u00e5 att tacka v\u00e5ra partners i projekten f\u00f6r alla h\u00e5rda anstr\u00e4ngningar&#8221;, s\u00e4ger Daniel Johansson, VD Arise AB.<\/p>\n<p>Halmstad den 18 december 2020<br \/>\n<strong>ARISE AB (publ)<\/strong><\/p>\n<p><strong>F\u00f6r ytterligare information, v\u00e4nligen kontakta<\/strong><br \/>\nDaniel Johansson, CEO Arise AB, +46\u00a0702\u00a0244\u00a0133<br \/>\nLinus H\u00e4gg, CFO Arise AB, +46\u00a0702\u00a0448 916<\/p>\n<p><em>Denna information \u00e4r s\u00e5dan information som Arise AB \u00e4r skyldigt att offentligg\u00f6ra enligt EU:s marknadsmissbruksf\u00f6rordning.\u00a0<\/em><em>Informationen l\u00e4mnades, genom ovanst\u00e5ende kontaktpersons f\u00f6rsorg, f\u00f6r offentligg\u00f6rande den 18 december 2020 kl. 17:20 CET.&#8221;<\/em><\/p>\n<p>&nbsp;<\/p>\n<\/div>\n<\/div>\n<\/div>\n<\/div>\n<p>Ovanst\u00e5ende \u00e4r h\u00e4mtat fr\u00e5n Arise\u00b4s hemsida<\/p>\n<p><span style=\"color: #ff0000;\"><strong>ETT RIKTIGT UNDERBART JULUNDER!!!!<\/strong><\/span><\/p>\n<p>\/Tarabrita<\/p>\n","protected":false},"excerpt":{"rendered":"<p>&nbsp; &#8220;2020-12-18 17:20 F\u00f6rs\u00e4ljning av projekten Ranasj\u00f6- och Salsj\u00f6h\u00f6jden skjuts upp Arise AB (publ) (&#8220;Arise&#8221;) meddelar h\u00e4rmed att den planerade f\u00f6rs\u00e4ljningen av projekten Ranasj\u00f6- och Salsj\u00f6h\u00f6jden (&#8220;Projekten&#8221;) skjuts upp. Detta inneb\u00e4r bland annat att ans\u00f6kan om tillst\u00e5nds-f\u00f6rl\u00e4ngning f\u00f6r ett av delprojekten m\u00e5ste l\u00e4mnas in. Ambitionen \u00e4r att realisera Projekten i ett senare skede. &#8220;Vi hade [&hellip;]<\/p>\n","protected":false},"author":2,"featured_media":0,"comment_status":"open","ping_status":"open","sticky":false,"template":"","format":"standard","meta":{"footnotes":""},"categories":[3],"tags":[],"class_list":["post-3081","post","type-post","status-publish","format-standard","hentry","category-allmant"],"_links":{"self":[{"href":"https:\/\/roan.junselebyar.se\/index.php?rest_route=\/wp\/v2\/posts\/3081","targetHints":{"allow":["GET"]}}],"collection":[{"href":"https:\/\/roan.junselebyar.se\/index.php?rest_route=\/wp\/v2\/posts"}],"about":[{"href":"https:\/\/roan.junselebyar.se\/index.php?rest_route=\/wp\/v2\/types\/post"}],"author":[{"embeddable":true,"href":"https:\/\/roan.junselebyar.se\/index.php?rest_route=\/wp\/v2\/users\/2"}],"replies":[{"embeddable":true,"href":"https:\/\/roan.junselebyar.se\/index.php?rest_route=%2Fwp%2Fv2%2Fcomments&post=3081"}],"version-history":[{"count":3,"href":"https:\/\/roan.junselebyar.se\/index.php?rest_route=\/wp\/v2\/posts\/3081\/revisions"}],"predecessor-version":[{"id":3084,"href":"https:\/\/roan.junselebyar.se\/index.php?rest_route=\/wp\/v2\/posts\/3081\/revisions\/3084"}],"wp:attachment":[{"href":"https:\/\/roan.junselebyar.se\/index.php?rest_route=%2Fwp%2Fv2%2Fmedia&parent=3081"}],"wp:term":[{"taxonomy":"category","embeddable":true,"href":"https:\/\/roan.junselebyar.se\/index.php?rest_route=%2Fwp%2Fv2%2Fcategories&post=3081"},{"taxonomy":"post_tag","embeddable":true,"href":"https:\/\/roan.junselebyar.se\/index.php?rest_route=%2Fwp%2Fv2%2Ftags&post=3081"}],"curies":[{"name":"wp","href":"https:\/\/api.w.org\/{rel}","templated":true}]}}