{"id":3105,"date":"2021-04-06T22:31:13","date_gmt":"2021-04-06T20:31:13","guid":{"rendered":"http:\/\/roan.junselebyar.se\/?p=3105"},"modified":"2021-04-06T22:38:32","modified_gmt":"2021-04-06T20:38:32","slug":"flodin-beviljades-forlangd-igangsattningstid-for-salsjo-vindindustri","status":"publish","type":"post","link":"https:\/\/roan.junselebyar.se\/?p=3105","title":{"rendered":"Flodin beviljades f\u00f6rl\u00e4ngd ig\u00e5ngs\u00e4ttningstid f\u00f6r Salsj\u00f6 vindindustri."},"content":{"rendered":"<p>Milj\u00f6pr\u00f6vningsdelegationen (MPD) inom L\u00e4nsstyrelsen V\u00e4sternorrland beviljade Flodin (Krange Vind AB ) f\u00f6rl\u00e4ngd ig\u00e5ngs\u00e4ttningstid f\u00f6r verksamheten vid vindkraftparken Salsj\u00f6<strong>. Beslutet togs 1a april och \u00e4r dessv\u00e4rre inte ett d\u00e5ligt aprilsk\u00e4mt.<\/strong><\/p>\n<p>Med detta har Arise\/Flodin haft br\u00e5ttom:<\/p>\n<p><em>Jag vet att yttrandetiden f\u00f6r ans\u00f6kan om f\u00f6rl\u00e4ngd ig\u00e5ngs\u00e4ttningstid f\u00f6r Salsj\u00f6 vindkraftspark inte har g\u00e5tt ut \u00e4nnu, men eftersom detta \u00e4r en ytterst viktig fr\u00e5ga f\u00f6r oss och vi beh\u00f6ver <strong>besked s\u00e5 snart som m\u00f6jligt<\/strong> undrar jag om du har n\u00e5gon uppfattning om n\u00e4r MPD kan fatta beslut. Jag skulle ocks\u00e5 g\u00e4rna vilja ha de yttranden som kommer in fortl\u00f6pande s\u00e5 att vi kan titta p\u00e5 dom efterhand.<\/em><\/p>\n<p><em>\u00a0<\/em><em>Med v\u00e4nliga h\u00e4lsningar Ulla<\/em><\/p>\n<p>(Ur mailv\u00e4xling<strong><em>)<\/em><\/strong><\/p>\n<p><strong>OCH:<\/strong><\/p>\n<p><em>\u201dAvslutningsvis f\u00e5r konstateras att n\u00e5gra hinder mot att bevilja ans\u00f6kt f\u00f6rl\u00e4ngning inte kan anses f\u00f6religga. Av sk\u00e4l presenterade i ans\u00f6kan \u00e4r bolaget alltj\u00e4mt angel\u00e4get om <strong>en s\u00e5 skyndsam handl\u00e4ggning<\/strong> som m\u00f6jligt. \u201d<\/em><\/p>\n<p>(Ur Bolagets bem\u00f6tande av yttranden)<\/p>\n<p>&nbsp;<\/p>\n<p>Undrar vad Flodin anser om MPDs beslut att h\u00f6ja den ekonomiska s\u00e4kerheten och indexjustera den.<\/p>\n<p><strong>Ur Bolagets bem\u00f6tande:<\/strong><\/p>\n<p><em>N\u00e5gra sk\u00e4l att meddela str\u00e4ngare eller nya villkor f\u00f6religger sammanfattningsvis inte. Bolaget noterar dock att L\u00e4nsstyrelsen<\/em> <em>anser att det finns sk\u00e4l att h\u00f6ja den ekonomiska s\u00e4kerheten per verk fr\u00e5n 400 000 kronor till 500 000 kr, eller den summa milj\u00f6pr\u00f6vningsdelegationen finner l\u00e4mplig. Bolaget konstaterar att den nuvarande regleringen f\u00f6reskriver att den ekonomiska s\u00e4kerheten per verk ska uppg\u00e5 till 350 000 kr. Bolaget anser att detta belopp \u00e4r tillr\u00e4ckligt, men kan i<\/em> <em>andra hand godta en s\u00e4kerhet om 500 000 kr f\u00f6r det fall milj\u00f6pr\u00f6vningsdelegationen anser att detta \u00e4r n\u00f6dv\u00e4ndigt. Bolaget anser det dock inte motiverat med n\u00e5gon indexuppr\u00e4knin<\/em>g.<\/p>\n<p><strong>\u00a0<\/strong><\/p>\n<p><strong>Ur MPDs beslut:<\/strong><\/p>\n<h4><em>\u00c4ndrade best\u00e4mmelser<\/em><\/h4>\n<p><em>Milj\u00f6pr\u00f6vningsdelegationen beslutar att \u00e4ndra den ekonomiska s\u00e4kerheten i det nu g\u00e4llande tillst\u00e5ndet f\u00f6r verksamheten till f\u00f6ljande lydelse.<\/em><\/p>\n<p><em>Ni ska st\u00e4lla en ekonomisk s\u00e4kerhet om 1 351 000 kr per vindkraftverk som uppf\u00f6rs f\u00f6r avhj\u00e4lpande och andra \u00e5terst\u00e4llnings\u00e5tg\u00e4rder som verksamheten kan f\u00f6ranleda. Tillst\u00e5ndet b\u00f6rjar inte g\u00e4lla f\u00f6rr\u00e4n s\u00e4kerheten har godk\u00e4nts av milj\u00f6pr\u00f6vningsdelegationen. Denna s\u00e4kerhet f\u00e5r st\u00e4llas etappvis, men vindkraftverk med tillh\u00f6rande fundament och anslutande v\u00e4gar f\u00e5r inte b\u00f6rja anl\u00e4ggas f\u00f6rr\u00e4n s\u00e4kerhet f\u00f6r hela den etapp som de ing\u00e5r i har godk\u00e4nts av milj\u00f6pr\u00f6vningsdelegationen. S\u00e4kerheten ska justeras efter konsumentprisindex d\u00e4r mars m\u00e5nad \u00e5r 2021 utg\u00f6r bas.<\/em><\/p>\n<p><strong>Kommer Flodin att \u00f6verklaga?<\/strong><\/p>\n<p>\/Tarabrita<\/p>\n","protected":false},"excerpt":{"rendered":"<p>Milj\u00f6pr\u00f6vningsdelegationen (MPD) inom L\u00e4nsstyrelsen V\u00e4sternorrland beviljade Flodin (Krange Vind AB ) f\u00f6rl\u00e4ngd ig\u00e5ngs\u00e4ttningstid f\u00f6r verksamheten vid vindkraftparken Salsj\u00f6. Beslutet togs 1a april och \u00e4r dessv\u00e4rre inte ett d\u00e5ligt aprilsk\u00e4mt. Med detta har Arise\/Flodin haft br\u00e5ttom: Jag vet att yttrandetiden f\u00f6r ans\u00f6kan om f\u00f6rl\u00e4ngd ig\u00e5ngs\u00e4ttningstid f\u00f6r Salsj\u00f6 vindkraftspark inte har g\u00e5tt ut \u00e4nnu, men eftersom detta [&hellip;]<\/p>\n","protected":false},"author":2,"featured_media":0,"comment_status":"open","ping_status":"open","sticky":false,"template":"","format":"standard","meta":{"footnotes":""},"categories":[3],"tags":[],"class_list":["post-3105","post","type-post","status-publish","format-standard","hentry","category-allmant"],"_links":{"self":[{"href":"https:\/\/roan.junselebyar.se\/index.php?rest_route=\/wp\/v2\/posts\/3105","targetHints":{"allow":["GET"]}}],"collection":[{"href":"https:\/\/roan.junselebyar.se\/index.php?rest_route=\/wp\/v2\/posts"}],"about":[{"href":"https:\/\/roan.junselebyar.se\/index.php?rest_route=\/wp\/v2\/types\/post"}],"author":[{"embeddable":true,"href":"https:\/\/roan.junselebyar.se\/index.php?rest_route=\/wp\/v2\/users\/2"}],"replies":[{"embeddable":true,"href":"https:\/\/roan.junselebyar.se\/index.php?rest_route=%2Fwp%2Fv2%2Fcomments&post=3105"}],"version-history":[{"count":4,"href":"https:\/\/roan.junselebyar.se\/index.php?rest_route=\/wp\/v2\/posts\/3105\/revisions"}],"predecessor-version":[{"id":3109,"href":"https:\/\/roan.junselebyar.se\/index.php?rest_route=\/wp\/v2\/posts\/3105\/revisions\/3109"}],"wp:attachment":[{"href":"https:\/\/roan.junselebyar.se\/index.php?rest_route=%2Fwp%2Fv2%2Fmedia&parent=3105"}],"wp:term":[{"taxonomy":"category","embeddable":true,"href":"https:\/\/roan.junselebyar.se\/index.php?rest_route=%2Fwp%2Fv2%2Fcategories&post=3105"},{"taxonomy":"post_tag","embeddable":true,"href":"https:\/\/roan.junselebyar.se\/index.php?rest_route=%2Fwp%2Fv2%2Ftags&post=3105"}],"curies":[{"name":"wp","href":"https:\/\/api.w.org\/{rel}","templated":true}]}}